{"id":29932,"date":"2023-09-07T14:43:22","date_gmt":"2023-09-07T12:43:22","guid":{"rendered":"https:\/\/semmelweis.hu\/aok\/?p=29932"},"modified":"2023-09-07T14:43:22","modified_gmt":"2023-09-07T12:43:22","slug":"palyazati-felhivas-szent-gyorgyi-hallgatoi-osztondijra","status":"publish","type":"post","link":"https:\/\/semmelweis.hu\/aok\/2023\/09\/07\/palyazati-felhivas-szent-gyorgyi-hallgatoi-osztondijra\/","title":{"rendered":"P\u00c1LY\u00c1ZATI FELH\u00cdV\u00c1S SZENT-GY\u00d6RGYI HALLGAT\u00d3I \u00d6SZT\u00d6ND\u00cdJRA"},"content":{"rendered":"<p style=\"text-align: justify\">A Nemzeti Tud\u00f3sk\u00e9pz\u0151 Akad\u00e9mia (NTA) alapvet\u0151 szakmai feladata a kutat\u00f3i ut\u00e1np\u00f3tl\u00e1s vil\u00e1gsz\u00ednvonal\u00fa k\u00e9pz\u00e9se Magyarorsz\u00e1gon. Az NTA a tudom\u00e1ny ir\u00e1nt elk\u00f6telezett egyetemist\u00e1kat az els\u0151 \u00e9vfolyamt\u00f3l kezdve akt\u00edvan seg\u00edti tudom\u00e1nyos \u00e9rdekl\u0151d\u00e9s\u00fck kibontakoz\u00e1s\u00e1ban \u00e9s a legmagasabb szint\u0171 tudom\u00e1nyos projektekbe val\u00f3 bekapcsol\u00f3d\u00e1st teszi sz\u00e1mukra lehet\u0151v\u00e9. Az NTA elitk\u00e9pz\u0151 int\u00e9zm\u00e9ny, amely a tudom\u00e1ny frontvonal\u00e1t tekinti referenci\u00e1j\u00e1nak \u00e9s hallgat\u00f3i, valamint mentorai sz\u00e1m\u00e1ra annak el\u00e9r\u00e9s\u00e9t, illetve meghalad\u00e1s\u00e1t t\u0171zi ki c\u00e9lk\u00e9nt.<\/p>\n<p style=\"text-align: justify\">A Semmelweis Egyetem (NTA-SE szakmai vezet\u0151je, Dr. M\u00f3csai Attila) \u00e9s a K\u00eds\u00e9rleti Orvostudom\u00e1nyi Kutat\u00f3int\u00e9zet (NTA-KOKI szakmai vezet\u0151je, Dr. D\u00e9nes \u00c1d\u00e1m) elk\u00f6telezett az orvosbiol\u00f3giai tudom\u00e1nyokat magas szinten m\u0171velni k\u00edv\u00e1n\u00f3, kiemelked\u0151 k\u00e9pess\u00e9g\u0171 hallgat\u00f3k t\u00e1mogat\u00e1s\u00e1ban, ez\u00e9rt 2021 november\u00e9ben az int\u00e9zm\u00e9ny csatlakozott az NTA programj\u00e1hoz \u00e9s v\u00e1rja a hallgat\u00f3k jelentkez\u00e9s\u00e9t 2023-ban is az al\u00e1bbi p\u00e1ly\u00e1zatokra:<\/p>\n<ul style=\"list-style-type: disc\">\n<li><strong>SZENT-GY\u00d6RGYI HALLGAT\u00d3I \u00d6SZT\u00d6ND\u00cdJ a Semmelweis Egyetem \u00c1OK\/FOK\/GYTK I. \u00e9s II. \u00e9ves hallgat\u00f3i r\u00e9sz\u00e9re<br \/>\n<\/strong>Elektronikus jelentkez\u00e9si lap bek\u00fcld\u00e9s\u00e9nek hat\u00e1rideje: <strong>2023. szeptember 22.<br \/>\n<\/strong>Jelentkez\u00e9si lapot kit\u00f6lteni az al\u00e1bbi oldalon lehet:<br \/>\n<a href=\"https:\/\/www.formpl.us\/form\/4999119544909824\">https:\/\/www.formpl.us\/form\/4999119544909824<\/a>\u00a0 \u00a0<\/li>\n<li><strong>SZENT-GY\u00d6RGYI HALLGAT\u00d3I \u00d6SZT\u00d6ND\u00cdJ a Semmelweis Egyetem \u00e9s a K\u00eds\u00e9rleti Orvostudom\u00e1nyi Kutat\u00f3int\u00e9zet kiemelked\u0151en eredm\u00e9nyes TDK hallgat\u00f3i r\u00e9sz\u00e9re<br \/>\n<\/strong>Elektronikus jelentkez\u00e9si lap bek\u00fcld\u00e9s\u00e9nek hat\u00e1rideje: <strong>2023. szeptember 20.<br \/>\n<\/strong>Jelentkez\u00e9si lapot kit\u00f6lteni az al\u00e1bbi oldalon lehet: <br \/>\n<a href=\"https:\/\/www.formpl.us\/form\/4645193410805760\">https:\/\/www.formpl.us\/form\/4645193410805760<\/a><\/li>\n<\/ul>\n<p>Az NTA k\u00e9pz\u00e9si programj\u00e1r\u00f3l tov\u00e1bbi inform\u00e1ci\u00f3t a <a href=\"http:\/\/www.edu-sci.org\/\">http:\/\/www.edu-sci.org\/<\/a> oldalon olvashatnak.<\/p>\n","protected":false},"excerpt":{"rendered":"<p>A Nemzeti Tud\u00f3sk\u00e9pz\u0151 Akad\u00e9mia (NTA) alapvet\u0151 szakmai feladata a kutat\u00f3i ut\u00e1np\u00f3tl\u00e1s vil\u00e1gsz\u00ednvonal\u00fa k\u00e9pz\u00e9se Magyarorsz\u00e1gon. Az NTA a tudom\u00e1ny ir\u00e1nt elk\u00f6telezett egyetemist\u00e1kat az els\u0151 \u00e9vfolyamt\u00f3l kezdve akt\u00edvan seg\u00edti tudom\u00e1nyos \u00e9rdekl\u0151d\u00e9s\u00fck kibontakoz\u00e1s\u00e1ban \u00e9s a legmagasabb szint\u0171 tudom\u00e1nyos projektekbe val\u00f3 bekapcsol\u00f3d\u00e1st teszi sz\u00e1mukra lehet\u0151v\u00e9. Az NTA elitk\u00e9pz\u0151 int\u00e9zm\u00e9ny, amely a tudom\u00e1ny frontvonal\u00e1t tekinti referenci\u00e1j\u00e1nak \u00e9s hallgat\u00f3i, valamint mentorai &hellip;<\/p>\n","protected":false},"author":102047,"featured_media":0,"comment_status":"closed","ping_status":"closed","sticky":false,"template":"","format":"standard","meta":{"_acf_changed":false,"footnotes":""},"categories":[31],"tags":[],"class_list":["post-29932","post","type-post","status-publish","format-standard","hentry","category-palyazatok-osztondijak"],"acf":[],"publishpress_future_action":{"enabled":false,"date":"1970-01-01 01:00:00","action":"","terms":[],"taxonomy":"","browser_timezone_offset":0},"_links":{"self":[{"href":"https:\/\/semmelweis.hu\/aok\/wp-json\/wp\/v2\/posts\/29932","targetHints":{"allow":["GET"]}}],"collection":[{"href":"https:\/\/semmelweis.hu\/aok\/wp-json\/wp\/v2\/posts"}],"about":[{"href":"https:\/\/semmelweis.hu\/aok\/wp-json\/wp\/v2\/types\/post"}],"author":[{"embeddable":true,"href":"https:\/\/semmelweis.hu\/aok\/wp-json\/wp\/v2\/users\/102047"}],"replies":[{"embeddable":true,"href":"https:\/\/semmelweis.hu\/aok\/wp-json\/wp\/v2\/comments?post=29932"}],"version-history":[{"count":10,"href":"https:\/\/semmelweis.hu\/aok\/wp-json\/wp\/v2\/posts\/29932\/revisions"}],"predecessor-version":[{"id":29942,"href":"https:\/\/semmelweis.hu\/aok\/wp-json\/wp\/v2\/posts\/29932\/revisions\/29942"}],"wp:attachment":[{"href":"https:\/\/semmelweis.hu\/aok\/wp-json\/wp\/v2\/media?parent=29932"}],"wp:term":[{"taxonomy":"category","embeddable":true,"href":"https:\/\/semmelweis.hu\/aok\/wp-json\/wp\/v2\/categories?post=29932"},{"taxonomy":"post_tag","embeddable":true,"href":"https:\/\/semmelweis.hu\/aok\/wp-json\/wp\/v2\/tags?post=29932"}],"curies":[{"name":"wp","href":"https:\/\/api.w.org\/{rel}","templated":true}]}}