{"id":9743,"date":"2015-09-21T11:31:43","date_gmt":"2015-09-21T09:31:43","guid":{"rendered":"http:\/\/semmelweis.hu\/anatomia\/?p=9743"},"modified":"2015-09-21T11:31:43","modified_gmt":"2015-09-21T09:31:43","slug":"agytorzsi-keresztmetszetek","status":"publish","type":"post","link":"https:\/\/semmelweis.hu\/anatomia\/2015\/09\/21\/agytorzsi-keresztmetszetek\/","title":{"rendered":"Agyt\u00f6rzsi keresztmetszetek"},"content":{"rendered":"<p align=\"justify\">K\u00e9sz\u00fclt: az Anat\u00f3miai, Sz\u00f6vet- \u00e9s Fejl\u0151d\u00e9stani Int\u00e9zet sz\u00f6vettani metszeteinek felhaszn\u00e1l\u00e1s\u00e1val. A leggyakrabban el\u0151fordul\u00f3 4 ny\u00faltvel\u0151i, illetve 3 k\u00f6z\u00e9pagyi keresztmetszetet tartalmazza. A vizsg\u00e1ra reproduk\u00e1land\u00f3 anyag tov\u00e1bbra is a Szent\u00e1gothai-R\u00e9thelyi tank\u00f6nyv \u00e9s a Hajdu &#8211; Vez\u00e9rfonal anyaga. Az itt felt\u00fcntetett <i>tov\u00e1bbi k\u00e9pleteket kiz\u00e1r\u00f3lag illusztr\u00e1ci\u00f3s c\u00e9llal<\/i> jel\u00f6lt\u00fck meg.<\/p>\n<p>K\u00e9sz\u00edtett\u00e9k: K\u00e1lm\u00e1n Mih\u00e1ly dr. \u00e9s Altdorfer K\u00e1roly dr.<br \/>\nLektor\u00e1lta: Prof. Palkovits Mikl\u00f3s<\/p>\n<hr \/>\n<p>&nbsp;<\/p>\n<p>&nbsp;<\/p>\n<p align=\"left\"><a href=\"https:\/\/semmelweis.hu\/anatomia\/files\/2015\/09\/3.jpg\"><span style=\"font-size: medium\">1.<\/span> <span style=\"font-size: medium\"><b>Ny\u00faltvel\u0151 z\u00e1rt r\u00e9sze<\/b><\/span><\/a><span style=\"font-size: medium\">, nem sokkal az obex alatt (a sz\u00f6vettani jegyzet \u00e1br\u00e1j\u00e1nak kb. megfelel\u0151 metszet).<\/span><\/p>\n<p><a href=\"https:\/\/semmelweis.hu\/anatomia\/files\/2015\/09\/5.jpg\"><span style=\"font-size: medium\">2. <\/span><span style=\"font-size: medium\"><b>Ny\u00faltvel\u0151 nyitott r\u00e9sze<\/b><\/span><\/a><span style=\"font-size: medium\">, nem sokkal az obex felett (a sz\u00f6vettani jegyzet \u00e1br\u00e1j\u00e1nak kb. megfelel\u0151 metszet).<\/span><\/p>\n<p><a href=\"https:\/\/semmelweis.hu\/anatomia\/files\/2015\/09\/6.jpg\"><span style=\"font-size: medium\">3. <\/span><span style=\"font-size: medium\"><b>Ny\u00faltvel\u0151 nyitott r\u00e9sze<\/b><\/span><\/a><span style=\"font-size: medium\"> k\u00f6z\u00e9pmagass\u00e1gban (a tank\u00f6nyv ill. a \u0093Vez\u00e9rfonal&#8221; klasszikus \u00e1br\u00e1j\u00e1nak kb. megfelel\u0151 metszet).<\/span><\/p>\n<p><a href=\"https:\/\/semmelweis.hu\/anatomia\/files\/2015\/09\/7.jpg\"><span style=\"font-size: medium\">4. <\/span><span style=\"font-size: medium\"><b>Ny\u00faltvel\u0151 nyitott r\u00e9sze<\/b><\/span><\/a><span style=\"font-size: medium\">, kev\u00e9ssel a h\u00edd ill. a nucleus N.VII alatt (a recessus lateralis itt m\u00e1r \u00e1thajlik a pedunculus cerebellaris inferioron).<\/span><\/p>\n<p><a href=\"https:\/\/semmelweis.hu\/anatomia\/files\/2015\/09\/12.jpg\"><span style=\"font-size: medium\">5. <b>K\u00f6z\u00e9pagy<\/b><\/span><\/a><span style=\"font-size: medium\"><b> <\/b>a colliculus inferior magass\u00e1g\u00e1ban (a sz\u00f6vettani jegyzet \u00e1br\u00e1j\u00e1nak kb. megfelel\u0151 metszet).<\/span><\/p>\n<p><a href=\"https:\/\/semmelweis.hu\/anatomia\/files\/2015\/09\/13.jpg\"><span style=\"font-size: medium\">6. <b>K\u00f6z\u00e9pagy<\/b><\/span><\/a><span style=\"font-size: medium\"> a colliculus superior als\u00f3 sz\u00e9l\u00e9n\u00e9l (a nucleus ruber \u00e9ppen kezd megjelenni).<\/span><\/p>\n<p><a href=\"https:\/\/semmelweis.hu\/anatomia\/files\/2015\/09\/15.jpg\"><span style=\"font-size: medium\">7.<b> K\u00f6z\u00e9pagy<\/b><\/span><\/a><span style=\"font-size: medium\"> a colliculus superior fels\u0151 sz\u00e9l\u00e9n\u00e9l (a nucleus ruberen \u00e1t).<\/span><\/p>\n<hr \/>\n<p>&nbsp;<\/p>\n<p><span style=\"font-size: medium\">A metszetek, f\u0151leg a m\u00e1sodik, negyedik \u00e9s hatodik ferd\u00e9k, a jobb oldal rostralisabb, mint a bal, ez\u00e9rt az eml\u00edtett metszetekn\u00e9l jobboldalon a strukt\u00far\u00e1knak m\u00e1r kiss\u00e9 m\u00e1s egy\u00fcttese l\u00e1tszik, mint baloldalon. <\/span><\/p>\n<p><span style=\"font-size: medium\">Nincs jel\u00f6lve: az oliva inferior, a N.IX-XI \u00e9s N.XII. kil\u00e9p\u0151 rostjai az oliva felett \u00e9s alatt, a tractus vestibulospinalis \u00e9s reticulospinalis, amelyek az oliva k\u00f6z\u00e9ps\u0151 r\u00e9sze f\u00f6l\u00f6tt helyezkednek el, a nuclei para- \u00e9s peritrigeminalis a nucleus tractus spinalis N. V. felett \u00e9s alatt.<\/span><\/p>\n<p><span style=\"font-size: medium\">M\u00e1s k\u00e9plettel k\u00f6z\u00f6sen van megjel\u00f6lve: a nucleus alae cinereae lat. (ld. nXD k\u00fcls\u0151 nyila, vagy TrS), ill. a substantia grisea centralis (ld. Aq), ill. a fasciculus retroflexus (ld. TA, egyes metszetekben). A SpCe k\u00e9t nyila a dorsalis \u00e9s ventralis tractus spinocerebellarisra mutat.<\/span><\/p>\n<p><span style=\"font-size: medium\">Csak egyes metszetekben jel\u00f6lt\u00fck meg: nucleus arcuatus, fasciculus longitudinalis dorsalis, raphe-magok. <\/span><\/p>\n<p><span style=\"font-size: medium\">R\u00f6vid\u00edt\u00e9sek jegyz\u00e9ke: l\u00e1sd az <\/span> <span style=\"font-size: medium\">oldal v\u00e9g\u00e9n.<\/span><\/p>\n<hr \/>\n<p>&nbsp;<\/p>\n<figure id=\"attachment_9745\" aria-describedby=\"caption-attachment-9745\" style=\"width: 620px\" class=\"wp-caption aligncenter\"><a href=\"https:\/\/semmelweis.hu\/anatomia\/files\/2015\/09\/3.jpg\"><img loading=\"lazy\" decoding=\"async\" class=\"size-full wp-image-9745\" src=\"https:\/\/semmelweis.hu\/anatomia\/files\/2015\/09\/3.jpg\" alt=\"1. Ny\u00faltvel\u0151 z\u00e1rt r\u00e9sze, nem sokkal az obex alatt (a sz\u00f6vettani jegyzet \u00e1br\u00e1j\u00e1nak kb. megfelel\u0151 metszet).\" width=\"620\" height=\"622\" srcset=\"https:\/\/semmelweis.hu\/anatomia\/files\/2015\/09\/3.jpg 620w, https:\/\/semmelweis.hu\/anatomia\/files\/2015\/09\/3-150x150.jpg 150w, https:\/\/semmelweis.hu\/anatomia\/files\/2015\/09\/3-300x300.jpg 300w, https:\/\/semmelweis.hu\/anatomia\/files\/2015\/09\/3-299x300.jpg 299w, https:\/\/semmelweis.hu\/anatomia\/files\/2015\/09\/3-90x90.jpg 90w\" sizes=\"auto, (max-width: 620px) 100vw, 620px\" \/><\/a><figcaption id=\"caption-attachment-9745\" class=\"wp-caption-text\">1. Ny\u00faltvel\u0151 z\u00e1rt r\u00e9sze, nem sokkal az obex alatt (a sz\u00f6vettani jegyzet \u00e1br\u00e1j\u00e1nak kb. megfelel\u0151 metszet).<\/figcaption><\/figure>\n<figure id=\"attachment_9746\" aria-describedby=\"caption-attachment-9746\" style=\"width: 600px\" class=\"wp-caption aligncenter\"><a href=\"https:\/\/semmelweis.hu\/anatomia\/files\/2015\/09\/5.jpg\"><img loading=\"lazy\" decoding=\"async\" class=\"size-full wp-image-9746\" src=\"https:\/\/semmelweis.hu\/anatomia\/files\/2015\/09\/5.jpg\" alt=\"2. Ny\u00faltvel\u0151 nyitott r\u00e9sze, nem sokkal az obex felett (a sz\u00f6vettani jegyzet \u00e1br\u00e1j\u00e1nak kb. megfelel\u0151 metszet).\" width=\"600\" height=\"483\" srcset=\"https:\/\/semmelweis.hu\/anatomia\/files\/2015\/09\/5.jpg 600w, https:\/\/semmelweis.hu\/anatomia\/files\/2015\/09\/5-300x242.jpg 300w, https:\/\/semmelweis.hu\/anatomia\/files\/2015\/09\/5-373x300.jpg 373w\" sizes=\"auto, (max-width: 600px) 100vw, 600px\" \/><\/a><figcaption id=\"caption-attachment-9746\" class=\"wp-caption-text\">2. Ny\u00faltvel\u0151 nyitott r\u00e9sze, nem sokkal az obex felett (a sz\u00f6vettani jegyzet \u00e1br\u00e1j\u00e1nak kb. megfelel\u0151 metszet).<\/figcaption><\/figure>\n<figure id=\"attachment_9747\" aria-describedby=\"caption-attachment-9747\" style=\"width: 600px\" class=\"wp-caption aligncenter\"><a href=\"https:\/\/semmelweis.hu\/anatomia\/files\/2015\/09\/6.jpg\"><img loading=\"lazy\" decoding=\"async\" class=\"size-full wp-image-9747\" src=\"https:\/\/semmelweis.hu\/anatomia\/files\/2015\/09\/6.jpg\" alt=\"3. Ny\u00faltvel\u0151 nyitott r\u00e9sze k\u00f6z\u00e9pmagass\u00e1gban (a tank\u00f6nyv ill. a \u0093Vez\u00e9rfonal&quot; klasszikus \u00e1br\u00e1j\u00e1nak kb. megfelel\u0151 metszet).\" width=\"600\" height=\"399\" srcset=\"https:\/\/semmelweis.hu\/anatomia\/files\/2015\/09\/6.jpg 600w, https:\/\/semmelweis.hu\/anatomia\/files\/2015\/09\/6-300x200.jpg 300w, https:\/\/semmelweis.hu\/anatomia\/files\/2015\/09\/6-451x300.jpg 451w\" sizes=\"auto, (max-width: 600px) 100vw, 600px\" \/><\/a><figcaption id=\"caption-attachment-9747\" class=\"wp-caption-text\">3. Ny\u00faltvel\u0151 nyitott r\u00e9sze k\u00f6z\u00e9pmagass\u00e1gban (a tank\u00f6nyv ill. a \u0093Vez\u00e9rfonal&#8221; klasszikus \u00e1br\u00e1j\u00e1nak kb. megfelel\u0151 metszet).<\/figcaption><\/figure>\n<figure id=\"attachment_9748\" aria-describedby=\"caption-attachment-9748\" style=\"width: 600px\" class=\"wp-caption aligncenter\"><a href=\"https:\/\/semmelweis.hu\/anatomia\/files\/2015\/09\/7.jpg\"><img loading=\"lazy\" decoding=\"async\" class=\"size-full wp-image-9748\" src=\"https:\/\/semmelweis.hu\/anatomia\/files\/2015\/09\/7.jpg\" alt=\"4. Ny\u00faltvel\u0151 nyitott r\u00e9sze, kev\u00e9ssel a h\u00edd ill. a nucleus N.VII alatt (a recessus lateralis itt m\u00e1r \u00e1thajlik a pedunculus cerebellaris inferioron).\" width=\"600\" height=\"494\" srcset=\"https:\/\/semmelweis.hu\/anatomia\/files\/2015\/09\/7.jpg 600w, https:\/\/semmelweis.hu\/anatomia\/files\/2015\/09\/7-300x247.jpg 300w, https:\/\/semmelweis.hu\/anatomia\/files\/2015\/09\/7-364x300.jpg 364w\" sizes=\"auto, (max-width: 600px) 100vw, 600px\" \/><\/a><figcaption id=\"caption-attachment-9748\" class=\"wp-caption-text\">4. Ny\u00faltvel\u0151 nyitott r\u00e9sze, kev\u00e9ssel a h\u00edd ill. a nucleus N.VII alatt (a recessus lateralis itt m\u00e1r \u00e1thajlik a pedunculus cerebellaris inferioron).<\/figcaption><\/figure>\n<figure id=\"attachment_9749\" aria-describedby=\"caption-attachment-9749\" style=\"width: 600px\" class=\"wp-caption aligncenter\"><a href=\"https:\/\/semmelweis.hu\/anatomia\/files\/2015\/09\/12.jpg\"><img loading=\"lazy\" decoding=\"async\" class=\"size-full wp-image-9749\" src=\"https:\/\/semmelweis.hu\/anatomia\/files\/2015\/09\/12.jpg\" alt=\"5. K\u00f6z\u00e9pagy a colliculus inferior magass\u00e1g\u00e1ban (a sz\u00f6vettani jegyzet \u00e1br\u00e1j\u00e1nak kb. megfelel\u0151 metszet).\" width=\"600\" height=\"438\" srcset=\"https:\/\/semmelweis.hu\/anatomia\/files\/2015\/09\/12.jpg 600w, https:\/\/semmelweis.hu\/anatomia\/files\/2015\/09\/12-300x219.jpg 300w, https:\/\/semmelweis.hu\/anatomia\/files\/2015\/09\/12-411x300.jpg 411w\" sizes=\"auto, (max-width: 600px) 100vw, 600px\" \/><\/a><figcaption id=\"caption-attachment-9749\" class=\"wp-caption-text\">5. K\u00f6z\u00e9pagy a colliculus inferior magass\u00e1g\u00e1ban (a sz\u00f6vettani jegyzet \u00e1br\u00e1j\u00e1nak kb. megfelel\u0151 metszet).<\/figcaption><\/figure>\n<figure id=\"attachment_9750\" aria-describedby=\"caption-attachment-9750\" style=\"width: 600px\" class=\"wp-caption aligncenter\"><a href=\"https:\/\/semmelweis.hu\/anatomia\/files\/2015\/09\/13.jpg\"><img loading=\"lazy\" decoding=\"async\" class=\"size-full wp-image-9750\" src=\"https:\/\/semmelweis.hu\/anatomia\/files\/2015\/09\/13.jpg\" alt=\"6. K\u00f6z\u00e9pagy a colliculus superior als\u00f3 sz\u00e9l\u00e9n\u00e9l (a nucleus ruber \u00e9ppen kezd megjelenni).\" width=\"600\" height=\"400\" srcset=\"https:\/\/semmelweis.hu\/anatomia\/files\/2015\/09\/13.jpg 600w, https:\/\/semmelweis.hu\/anatomia\/files\/2015\/09\/13-300x200.jpg 300w, https:\/\/semmelweis.hu\/anatomia\/files\/2015\/09\/13-450x300.jpg 450w\" sizes=\"auto, (max-width: 600px) 100vw, 600px\" \/><\/a><figcaption id=\"caption-attachment-9750\" class=\"wp-caption-text\">6. K\u00f6z\u00e9pagy a colliculus superior als\u00f3 sz\u00e9l\u00e9n\u00e9l (a nucleus ruber \u00e9ppen kezd megjelenni).<\/figcaption><\/figure>\n<figure id=\"attachment_9751\" aria-describedby=\"caption-attachment-9751\" style=\"width: 600px\" class=\"wp-caption aligncenter\"><a href=\"https:\/\/semmelweis.hu\/anatomia\/files\/2015\/09\/15.jpg\"><img loading=\"lazy\" decoding=\"async\" class=\"size-full wp-image-9751\" src=\"https:\/\/semmelweis.hu\/anatomia\/files\/2015\/09\/15.jpg\" alt=\"7. K\u00f6z\u00e9pagy a colliculus superior fels\u0151 sz\u00e9l\u00e9n\u00e9l (a nucleus ruberen \u00e1t).\" width=\"600\" height=\"400\" srcset=\"https:\/\/semmelweis.hu\/anatomia\/files\/2015\/09\/15.jpg 600w, https:\/\/semmelweis.hu\/anatomia\/files\/2015\/09\/15-300x200.jpg 300w, https:\/\/semmelweis.hu\/anatomia\/files\/2015\/09\/15-450x300.jpg 450w\" sizes=\"auto, (max-width: 600px) 100vw, 600px\" \/><\/a><figcaption id=\"caption-attachment-9751\" class=\"wp-caption-text\">7. K\u00f6z\u00e9pagy a colliculus superior fels\u0151 sz\u00e9l\u00e9n\u00e9l (a nucleus ruberen \u00e1t).<\/figcaption><\/figure>\n<hr \/>\n<p>&nbsp;<\/p>\n<p align=\"left\"><a name=\"rov\"><\/a><span style=\"font-size: large\"><b><u>R\u00f6vid\u00edt\u00e9sek:<\/u><\/b><\/span><\/p>\n<p align=\"left\"><span style=\"font-size: medium\">A nucleus ambiguus (elsz\u00f3rt nagy neuronok).<br \/>\nAP area postrema.<br \/>\nAq aqaeductus cerebri (n\u00e9hol rajzolva) \u00e9s a substantia grisea centralis.<br \/>\nBrCi brachium colliculi inferioris.<br \/>\nBrCs brachium colliculi superioris.<br \/>\n<\/span><\/p>\n<p align=\"left\"><span style=\"font-size: medium\">C canalis centralis (kirajzolva).<br \/>\nCBu tractus corticobulbaris.<br \/>\nCch nucleus cochlearis ventralis (halv\u00e1ny), ill. a N. VIII. bel\u00e9p\u0151 rostjai (k\u00e9k).<br \/>\nCCi commissura colliculi inferioris.<br \/>\nCCs commissura colliculi superioris.<br \/>\nCGM corpus geniculatum mediale.<br \/>\nCi colliculus inferior.<br \/>\nCPF tractus frontopontinus<br \/>\nCPT tractus temporoparieto-occipitopontinus.<br \/>\nCs colliculus superior.<br \/>\nCSp tractus corticospinalis.<br \/>\nCu nucleus cuneatus, t\u0151le kifel\u00e9 a fasciculus cuneatus.<br \/>\nCuAc nucleus cuneatus accessorius. <\/span><\/p>\n<p align=\"left\"><span style=\"font-size: medium\"><br \/>\nDeRu tractus dentatorubralis.<br \/>\nDeTh tractus dentatothalamicus. DLM decussatio lemniscorum medialium, (a k\u00e9toldalt lefel\u00e9 h\u00faz\u00f3d\u00f3 rostok a N. XII. rostjai).<br \/>\nDPCS decussatio pedunculorum cerebellarum superiorum.<br \/>\nDR nucleus raphes dorsalis.<br \/>\nFAI fibrae arcuatae internae, k\u00f6r\u00fcl\u00f6tt\u00fck a formatio reticularis.<br \/>\nFLD fasciculus longitudinalis dorsalis.<br \/>\nFLM fasciculus longitudinalis medialis<br \/>\nFR formatio reticularis.<br \/>\nGr nucleus gracilis, t\u0151le kifel\u00e9 a fasciculus cuneatus.<br \/>\nIP nucleus interpeduncularis.<br \/>\n<\/span><\/p>\n<p align=\"left\"><span style=\"font-size: medium\">LL lemniscus lateralis.<br \/>\nLM lemniscus medialis (a k\u00e9toldalt lefel\u00e9 h\u00faz\u00f3d\u00f3 rostok a N. XII. rostjai).<br \/>\nLT lemniscus trigeminalis dorsalis.<br \/>\nMcL nucleus magnocellularis lateralis formationis reticularis, (kinagy\u00edtva elsz\u00f3rtan nagy neuronok l\u00e1that\u00f3k).<br \/>\nMeV nucleus et tractus mesencephalici N.V.<br \/>\nNA nucleus arcuatus.<br \/>\nnIII nucleus N. III, felette az Edinger-Westphal mag.<br \/>\nnIV nucleus N. IV.<br \/>\nnXD nucleus dorsalis N.X. \u00e9s nucleus alae cinereae lateralis (medialisan ill. lateralisan, \u00fcresnek t\u0171n\u0151 ter\u00fcletek)<br \/>\nnXDM csak a nucleus dorsalis N. X.<br \/>\nnXII nucleus N. XII.<br \/>\nOlAc nuclei accessorii olivares inferiores, dorsalis (fent) \u00e9s medialis (lent).<br \/>\nOlCe tractus olivocerebellaris (\u00e1tkeresztez\u0151d\u00e9s el\u0151tt).<br \/>\nOlCex tractus olivocerebellaris (\u00e1tkeresztez\u0151d\u00e9s ut\u00e1n).<br \/>\n<\/span><\/p>\n<p align=\"left\"><span style=\"font-size: medium\">PBg nucleus paratrigeminalis.<br \/>\nPeCI pedunculus cerebellaris inferior.<br \/>\nPy piramis, benne tractus corticospinalis.<br \/>\nPP nucleus peripeduncularis.<br \/>\nR, RuSp tractus rubrospinalis.<br \/>\nRa nuclei raphes mesencephalici.<br \/>\nRR nuclei raphes bulbares.<br \/>\nRu nucleus ruber.<br \/>\nSd septum dorsale (\u00fcresnek t\u0171nik).<br \/>\nSpCe tractus spinocerebellares, ventralis et dorsalis, az ut\u00f3bbi felterjed a tractus spinalis N. V. (SpV) el\u00e9.<br \/>\nSpTh tractus spinothalamicus.<br \/>\nSpV nucleus \u00e9s tractus spinalis N.V.<br \/>\n<\/span><\/p>\n<p align=\"left\"><span style=\"font-size: medium\">Te taenia chorioidea ventriculi quarti.<br \/>\nTeC fasciculus tegmentalis centralis (dorsolateralisan az oliva inferior k\u00f6r\u00fcl).<br \/>\nTeSp tractus tectospinalis.<br \/>\nTrS tractus solitarius (alatta a nucleus tractus solitarii, felette a nucleus alae cinereae lat.).<br \/>\nTO tractus opticus (csak igen kis darabja l\u00e1tszik!).<br \/>\nTV area tegmentalis ventralis, a leghosszabb ny\u00edl m\u00e1r a fasciculus retroflexusra mutat.<br \/>\nVeI nucleus vestibularis inferior.<br \/>\nVeL nucleus vestibularis lateralis.<br \/>\nVeM nucleus vestibularis medialis.<\/span><\/p>\n<p>&nbsp;<\/p>\n","protected":false},"excerpt":{"rendered":"<p>K\u00e9sz\u00fclt: az Anat\u00f3miai, Sz\u00f6vet- \u00e9s Fejl\u0151d\u00e9stani Int\u00e9zet sz\u00f6vettani metszeteinek felhaszn\u00e1l\u00e1s\u00e1val. A leggyakrabban el\u0151fordul\u00f3 4 ny\u00faltvel\u0151i, illetve 3 k\u00f6z\u00e9pagyi keresztmetszetet tartalmazza. A vizsg\u00e1ra reproduk\u00e1land\u00f3 anyag tov\u00e1bbra is a Szent\u00e1gothai-R\u00e9thelyi tank\u00f6nyv \u00e9s a Hajdu &#8211; Vez\u00e9rfonal anyaga. Az itt felt\u00fcntetett tov\u00e1bbi k\u00e9pleteket kiz\u00e1r\u00f3lag illusztr\u00e1ci\u00f3s c\u00e9llal jel\u00f6lt\u00fck meg. K\u00e9sz\u00edtett\u00e9k: K\u00e1lm\u00e1n Mih\u00e1ly dr. \u00e9s Altdorfer K\u00e1roly dr. Lektor\u00e1lta: Prof. &hellip;<\/p>\n","protected":false},"author":352,"featured_media":0,"comment_status":"closed","ping_status":"closed","sticky":false,"template":"","format":"standard","meta":{"_acf_changed":false,"footnotes":""},"categories":[206],"tags":[],"class_list":["post-9743","post","type-post","status-publish","format-standard","hentry","category-oktatas"],"acf":[],"_links":{"self":[{"href":"https:\/\/semmelweis.hu\/anatomia\/wp-json\/wp\/v2\/posts\/9743","targetHints":{"allow":["GET"]}}],"collection":[{"href":"https:\/\/semmelweis.hu\/anatomia\/wp-json\/wp\/v2\/posts"}],"about":[{"href":"https:\/\/semmelweis.hu\/anatomia\/wp-json\/wp\/v2\/types\/post"}],"author":[{"embeddable":true,"href":"https:\/\/semmelweis.hu\/anatomia\/wp-json\/wp\/v2\/users\/352"}],"replies":[{"embeddable":true,"href":"https:\/\/semmelweis.hu\/anatomia\/wp-json\/wp\/v2\/comments?post=9743"}],"version-history":[{"count":1,"href":"https:\/\/semmelweis.hu\/anatomia\/wp-json\/wp\/v2\/posts\/9743\/revisions"}],"predecessor-version":[{"id":9752,"href":"https:\/\/semmelweis.hu\/anatomia\/wp-json\/wp\/v2\/posts\/9743\/revisions\/9752"}],"wp:attachment":[{"href":"https:\/\/semmelweis.hu\/anatomia\/wp-json\/wp\/v2\/media?parent=9743"}],"wp:term":[{"taxonomy":"category","embeddable":true,"href":"https:\/\/semmelweis.hu\/anatomia\/wp-json\/wp\/v2\/categories?post=9743"},{"taxonomy":"post_tag","embeddable":true,"href":"https:\/\/semmelweis.hu\/anatomia\/wp-json\/wp\/v2\/tags?post=9743"}],"curies":[{"name":"wp","href":"https:\/\/api.w.org\/{rel}","templated":true}]}}