{"id":9132,"date":"2000-12-20T10:19:02","date_gmt":"2000-12-20T09:19:02","guid":{"rendered":"http:\/\/semmelweis.hu\/anatomia\/?p=9132"},"modified":"2015-08-06T10:22:50","modified_gmt":"2015-08-06T08:22:50","slug":"muveszeti-delutan-az-intezetben","status":"publish","type":"post","link":"https:\/\/semmelweis.hu\/anatomia\/2000\/12\/20\/muveszeti-delutan-az-intezetben\/","title":{"rendered":"M\u0171v\u00e9szeti d\u00e9lut\u00e1n az Int\u00e9zetben"},"content":{"rendered":"<p><i>K\u00e9t nagyszer\u0171 m\u0171v\u00e9sz volt vend\u00e9ge a k\u00e9t Anat\u00f3miai Int\u00e9zetnek a 2000. \u00e9v kar\u00e1csonyi \u00fcnneps\u00e9g\u00e9n: K\u00f3ka Roz\u00e1lia el\u0151ad\u00f3m\u0171v\u00e9sz, a n\u00e9pm\u0171v\u00e9szet mestere, valamint Petr\u00e1s M\u00e1ria cs\u00e1ng\u00f3 n\u00e9pi \u00e9nekes \u00e9s keramikus. Hogy hogyan rezon\u00e1l egy erre ihletett lelk\u00fclet\u0171 anat\u00f3mus, \u00e1lljon itt Dr. Sebest\u00e9ny Tam\u00e1s tan\u00e1rseg\u00e9d elhangzott bevezet\u0151je: <\/i><\/p>\n<figure id=\"attachment_9133\" aria-describedby=\"caption-attachment-9133\" style=\"width: 248px\" class=\"wp-caption alignright\"><a href=\"https:\/\/semmelweis.hu\/anatomia\/files\/2015\/08\/1502.jpg\"><img loading=\"lazy\" decoding=\"async\" class=\"wp-image-9133 size-full\" src=\"https:\/\/semmelweis.hu\/anatomia\/files\/2015\/08\/1502.jpg\" alt=\"1502\" width=\"248\" height=\"298\" \/><\/a><figcaption id=\"caption-attachment-9133\" class=\"wp-caption-text\">Petr\u00e1s M\u00e1ria (jobbr\u00f3l) \u00e9s K\u00f3ka Roz\u00e1lia n\u00e9pm\u0171v\u00e9szek<\/figcaption><\/figure>\n<p>&#8222;K\u00f3ka Roz\u00e1lia \u00e9s Petr\u00e1s M\u00e1ria k\u00e9t egym\u00e1sba fon\u00f3d\u00f3 lelk\u00fclet a magyar kisebbs\u00e9g, vagy ha szabad azt mondani, magyar legkisebbs\u00e9g m\u00e9g mindig forr\u00e1stiszta sz\u00f6vet\u00e9b\u0151l. \u0150k l\u00e1togattak el ma hozz\u00e1nk, ma d\u00e9lut\u00e1n, hogy szellemet id\u00e9zzenek. Az alkot\u00e1s szellem\u00e9t. Sz\u00e9p \u00e9s egyben k\u00eds\u00e9rt\u0151 is ez a ma d\u00e9lut\u00e1n. Ritk\u00e1k az ilyen ragyog\u00f3 naps\u00fct\u00e9st\u0151l f\u00e9nyl\u0151 decemberi napok. Ma d\u00e9lel\u0151tt &#8211; a tegnap m\u00e9g lust\u00e1n ny\u00fajt\u00f3zkod\u00f3, ma m\u00e1r vacogva diderg\u0151 \u00e9s k\u00f6dl\u0151 p\u00e1rat\u00f6mb\u00f6k f\u00e9nysz\u0171r\u0151j\u00e9n \u00e1t &#8211; csod\u00e1latosan mutatkozott \u00e9s kac\u00e9rkodott a Nap \u00e9les, m\u00e1skor csak alig l\u00e1that\u00f3 kont\u00farjaival. \u00c9s mostanra m\u00e1r a r\u00f3kabund\u00e1s alkonyat, mint pityerg\u0151 vadnyulat tartja sz\u00e1j\u00e1ban a F\u00f6ldet \u00e9s a f\u00f6ldieket. Az a spiritualit\u00e1s, amelyet ma itt megnyilatkozni l\u00e1tunkhallunk, ugyanaz a nyugtalan izg\u0151ny\u00fczsg\u0151 szellemis\u00e9g, amellyel a n\u00e9pdalgy\u0171jt\u0151 is megsz\u00f3l\u00edtja \u00e9s megsz\u00f3laltatja az emberhangszer g\u00e9get\u00fcd\u0151s\u00edpj\u00e1n, l\u00e9legz\u0151 l\u00e9leks\u00edpj\u00e1n a r\u00e9t, az erd\u0151 \u00e9s a mez\u0151 vir\u00e1gait, \u00e1llatait, madarait, emberi \u00f6r\u00f6meit, b\u00e1nat\u00e1t, szenved\u00e9s\u00e9t \u00e9s boldogs\u00e1g\u00e1t, amellyel term\u00e9szettud\u00f3s megsz\u00f3l\u00edtja, gy\u00f6ngy\u00f6z\u0151 homlokkal k\u00e9rdezi \u00e9s hangyaszorgalommal faggatja, gyermeki csod\u00e1lkoz\u00e1ssal ostromolja a vil\u00e1got, felfedezi a term\u00e9szet, \u00e9s az ember megk\u00f6zel\u00edthetetlen titkait. Ugyanazzal a spiritualit\u00e1ssal k\u00e9rdezi a tan\u00e1r a di\u00e1kot, \u00e9s egy\u00fctt t\u00fckr\u00f6zik vissza \u00e9s egybe a vil\u00e1got, nev\u00e9n sz\u00f3l\u00edtj\u00e1k a vil\u00e1got, a term\u00e9szetet, az embert \u00e9s annak titkait. De ugyanaz a szellem \u00e9s l\u00e9lek vibr\u00e1l \u00e9s rezon\u00e1l az orvosban is, amikor a betegs\u00e9g h\u00farjait pengeti a beteg emberben, \u00e9s f\u00e1j\u00f3n el\u00e9nekelteti vele a betegs\u00e9g dr\u00e1mai orat\u00f3rium\u00e1t. H\u00e1t, id\u00e9zz\u00fck meg ma k\u00f6z\u00f6sen, tud\u00f3s \u00e9s orvos, tan\u00e1r \u00e9s m\u0171v\u00e9sz egy\u00fctt ezt a gy\u00f6ny\u00f6r\u0171, alkot\u00f3 szellemet.<\/p>\n<p>Ki el\u0151ad\u00f3n, ki hallgat\u00f3n, de mindenk\u00e9ppen odaad\u00f3n. K\u00edv\u00e1nom, hogy ezen az est\u00e9n a delejez\u0151 m\u00fazsai ihlet mindannyiunkat a kozmikus spiritualit\u00e1s protektor\u00e1tusa al\u00e1 vonjon. 2000 kar\u00e1csony\u00e1nak k\u00f6zeledt\u00e9n Pesten az Anat\u00f3miai Int\u00e9zet audit\u00f3rium\u00e1ban.&#8221;<\/p>\n<hr \/>\n<p>&nbsp;<\/p>\n<p style=\"text-align: center\">Forr\u00e1s:<i> Semmelweis Egyetem <\/i>\u00dajs\u00e1g<i> &#8211; 2001\/1. sz\u00e1m &#8211; 2001. febru\u00e1r 16.<\/i><\/p>\n<p>&nbsp;<\/p>\n<p>&nbsp;<\/p>\n","protected":false},"excerpt":{"rendered":"<p>K\u00e9t nagyszer\u0171 m\u0171v\u00e9sz volt vend\u00e9ge a k\u00e9t Anat\u00f3miai Int\u00e9zetnek a 2000. \u00e9v kar\u00e1csonyi \u00fcnneps\u00e9g\u00e9n: K\u00f3ka Roz\u00e1lia el\u0151ad\u00f3m\u0171v\u00e9sz, a n\u00e9pm\u0171v\u00e9szet mestere, valamint Petr\u00e1s M\u00e1ria cs\u00e1ng\u00f3 n\u00e9pi \u00e9nekes \u00e9s keramikus. Hogy hogyan rezon\u00e1l egy erre ihletett lelk\u00fclet\u0171 anat\u00f3mus, \u00e1lljon itt Dr. Sebest\u00e9ny Tam\u00e1s tan\u00e1rseg\u00e9d elhangzott bevezet\u0151je: &#8222;K\u00f3ka Roz\u00e1lia \u00e9s Petr\u00e1s M\u00e1ria k\u00e9t egym\u00e1sba fon\u00f3d\u00f3 lelk\u00fclet a magyar &hellip;<\/p>\n","protected":false},"author":352,"featured_media":9133,"comment_status":"closed","ping_status":"closed","sticky":false,"template":"","format":"standard","meta":{"_acf_changed":false,"footnotes":""},"categories":[20],"tags":[],"class_list":["post-9132","post","type-post","status-publish","format-standard","has-post-thumbnail","hentry","category-intezeti-hirek"],"acf":[],"_links":{"self":[{"href":"https:\/\/semmelweis.hu\/anatomia\/wp-json\/wp\/v2\/posts\/9132","targetHints":{"allow":["GET"]}}],"collection":[{"href":"https:\/\/semmelweis.hu\/anatomia\/wp-json\/wp\/v2\/posts"}],"about":[{"href":"https:\/\/semmelweis.hu\/anatomia\/wp-json\/wp\/v2\/types\/post"}],"author":[{"embeddable":true,"href":"https:\/\/semmelweis.hu\/anatomia\/wp-json\/wp\/v2\/users\/352"}],"replies":[{"embeddable":true,"href":"https:\/\/semmelweis.hu\/anatomia\/wp-json\/wp\/v2\/comments?post=9132"}],"version-history":[{"count":1,"href":"https:\/\/semmelweis.hu\/anatomia\/wp-json\/wp\/v2\/posts\/9132\/revisions"}],"predecessor-version":[{"id":9134,"href":"https:\/\/semmelweis.hu\/anatomia\/wp-json\/wp\/v2\/posts\/9132\/revisions\/9134"}],"wp:featuredmedia":[{"embeddable":true,"href":"https:\/\/semmelweis.hu\/anatomia\/wp-json\/wp\/v2\/media\/9133"}],"wp:attachment":[{"href":"https:\/\/semmelweis.hu\/anatomia\/wp-json\/wp\/v2\/media?parent=9132"}],"wp:term":[{"taxonomy":"category","embeddable":true,"href":"https:\/\/semmelweis.hu\/anatomia\/wp-json\/wp\/v2\/categories?post=9132"},{"taxonomy":"post_tag","embeddable":true,"href":"https:\/\/semmelweis.hu\/anatomia\/wp-json\/wp\/v2\/tags?post=9132"}],"curies":[{"name":"wp","href":"https:\/\/api.w.org\/{rel}","templated":true}]}}