{"id":9117,"date":"2002-11-06T08:50:18","date_gmt":"2002-11-06T07:50:18","guid":{"rendered":"http:\/\/semmelweis.hu\/anatomia\/?p=9117"},"modified":"2015-08-06T09:49:56","modified_gmt":"2015-08-06T07:49:56","slug":"90-eve-szuletett-szentagothai-janos","status":"publish","type":"post","link":"https:\/\/semmelweis.hu\/anatomia\/2002\/11\/06\/90-eve-szuletett-szentagothai-janos\/","title":{"rendered":"90 \u00e9ve sz\u00fcletett Szent\u00e1gothai J\u00e1nos"},"content":{"rendered":"<p style=\"text-align: center\">Okt\u00f3ber 31-\u00e9n 90 \u00e9ve sz\u00fcletett Szent\u00e1gothai J\u00e1nos. Megeml\u00e9kez\u00e9s \u00e9s koszor\u00faz\u00e1s az int\u00e9zeti eml\u00e9kt\u00e1bl\u00e1j\u00e1n\u00e1l t\u00f6rt\u00e9nt.<\/p>\n<p style=\"text-align: left\"><a href=\"https:\/\/semmelweis.hu\/anatomia\/files\/2015\/08\/szagkosz.jpg\"><img loading=\"lazy\" decoding=\"async\" class=\" size-full wp-image-9118 aligncenter\" src=\"https:\/\/semmelweis.hu\/anatomia\/files\/2015\/08\/szagkosz.jpg\" alt=\"szagkosz\" width=\"370\" height=\"250\" srcset=\"https:\/\/semmelweis.hu\/anatomia\/files\/2015\/08\/szagkosz.jpg 370w, https:\/\/semmelweis.hu\/anatomia\/files\/2015\/08\/szagkosz-300x203.jpg 300w\" sizes=\"auto, (max-width: 370px) 100vw, 370px\" \/><\/a><\/p>\n<p style=\"text-align: left\">\u00a0<\/p>\n","protected":false},"excerpt":{"rendered":"<p>Okt\u00f3ber 31-\u00e9n 90 \u00e9ve sz\u00fcletett Szent\u00e1gothai J\u00e1nos. Megeml\u00e9kez\u00e9s \u00e9s koszor\u00faz\u00e1s az int\u00e9zeti eml\u00e9kt\u00e1bl\u00e1j\u00e1n\u00e1l t\u00f6rt\u00e9nt.<br \/>\n<a href=\"https:\/\/semmelweis.hu\/anatomia\/files\/2015\/08\/szagkosz.jpg\"><\/a><br \/>\n\u00a0<\/p>\n","protected":false},"author":352,"featured_media":9118,"comment_status":"closed","ping_status":"closed","sticky":false,"template":"","format":"standard","meta":{"_acf_changed":false,"footnotes":""},"categories":[20],"tags":[],"class_list":["post-9117","post","type-post","status-publish","format-standard","has-post-thumbnail","hentry","category-intezeti-hirek"],"acf":[],"_links":{"self":[{"href":"https:\/\/semmelweis.hu\/anatomia\/wp-json\/wp\/v2\/posts\/9117","targetHints":{"allow":["GET"]}}],"collection":[{"href":"https:\/\/semmelweis.hu\/anatomia\/wp-json\/wp\/v2\/posts"}],"about":[{"href":"https:\/\/semmelweis.hu\/anatomia\/wp-json\/wp\/v2\/types\/post"}],"author":[{"embeddable":true,"href":"https:\/\/semmelweis.hu\/anatomia\/wp-json\/wp\/v2\/users\/352"}],"replies":[{"embeddable":true,"href":"https:\/\/semmelweis.hu\/anatomia\/wp-json\/wp\/v2\/comments?post=9117"}],"version-history":[{"count":1,"href":"https:\/\/semmelweis.hu\/anatomia\/wp-json\/wp\/v2\/posts\/9117\/revisions"}],"predecessor-version":[{"id":9119,"href":"https:\/\/semmelweis.hu\/anatomia\/wp-json\/wp\/v2\/posts\/9117\/revisions\/9119"}],"wp:featuredmedia":[{"embeddable":true,"href":"https:\/\/semmelweis.hu\/anatomia\/wp-json\/wp\/v2\/media\/9118"}],"wp:attachment":[{"href":"https:\/\/semmelweis.hu\/anatomia\/wp-json\/wp\/v2\/media?parent=9117"}],"wp:term":[{"taxonomy":"category","embeddable":true,"href":"https:\/\/semmelweis.hu\/anatomia\/wp-json\/wp\/v2\/categories?post=9117"},{"taxonomy":"post_tag","embeddable":true,"href":"https:\/\/semmelweis.hu\/anatomia\/wp-json\/wp\/v2\/tags?post=9117"}],"curies":[{"name":"wp","href":"https:\/\/api.w.org\/{rel}","templated":true}]}}