{"id":9097,"date":"2003-01-22T15:16:07","date_gmt":"2003-01-22T14:16:07","guid":{"rendered":"http:\/\/semmelweis.hu\/anatomia\/?p=9097"},"modified":"2015-08-07T21:37:09","modified_gmt":"2015-08-07T19:37:09","slug":"csontveloi-ossejtbol-idegsejt","status":"publish","type":"post","link":"https:\/\/semmelweis.hu\/anatomia\/2003\/01\/22\/csontveloi-ossejtbol-idegsejt\/","title":{"rendered":"Csontvel\u0151i \u0151ssejtb\u0151l idegsejt"},"content":{"rendered":"<p style=\"text-align: center\">A feln\u0151tt hum\u00e1n csontvel\u0151b\u0151l sz\u00e1rmaz\u00f3 \u0151ssejtek eljuthatnak az agyba, \u00e9s m\u0171k\u00f6d\u0151k\u00e9pes neuronokk\u00e1 alakulhatnak \u00e1t &#8211; \u00e1ll\u00edtja <em>Mezey \u00c9va<\/em> magyar sz\u00e1rmaz\u00e1s\u00fa amerikai kutat\u00f3 (<em>Szent\u00e1gothai J\u00e1nos <\/em> professzor ir\u00e1ny\u00edt\u00e1sa alatt dolgozott, k\u00e9s\u0151bb a Semmelweis Egyetem <em>Anat\u00f3miai Int\u00e9zet<\/em>\u00e9be ker\u00fclt, innen ment ki 1989-ben az Egyes\u00fclt \u00c1llamokba). (<em>N\u00e9pszabads\u00e1g<\/em>, 2003. jan. 22.)<\/p>\n<p>\u00a0<a href=\"https:\/\/semmelweis.hu\/anatomia\/files\/2015\/07\/mezeyeva_2012-k.jpg\"><img loading=\"lazy\" decoding=\"async\" class=\"aligncenter size-full wp-image-7238\" src=\"https:\/\/semmelweis.hu\/anatomia\/files\/2015\/07\/mezeyeva_2012-k.jpg\" alt=\"mezeyeva_2012-k\" width=\"200\" height=\"300\" \/><\/a><\/p>\n<p>&nbsp;<\/p>\n","protected":false},"excerpt":{"rendered":"<p>A feln\u0151tt hum\u00e1n csontvel\u0151b\u0151l sz\u00e1rmaz\u00f3 \u0151ssejtek eljuthatnak az agyba, \u00e9s m\u0171k\u00f6d\u0151k\u00e9pes neuronokk\u00e1 alakulhatnak \u00e1t &#8211; \u00e1ll\u00edtja Mezey \u00c9va magyar sz\u00e1rmaz\u00e1s\u00fa amerikai kutat\u00f3 (Szent\u00e1gothai J\u00e1nos  professzor ir\u00e1ny\u00edt\u00e1sa alatt dolgozott, k\u00e9s\u0151bb a Semmelweis Egyetem Anat\u00f3miai Int\u00e9zet\u00e9be ker\u00fclt, innen ment ki 1989-ben az Egyes\u00fclt \u00c1llamokba). (N\u00e9pszabads\u00e1g, 2003. jan. 22.)<br \/>\n\u00a0<a href=\"https:\/\/semmelweis.hu\/anatomia\/files\/2015\/07\/mezeyeva_2012-k.jpg\"><\/a><br \/>\n&nbsp;<\/p>\n","protected":false},"author":352,"featured_media":7238,"comment_status":"closed","ping_status":"closed","sticky":false,"template":"","format":"standard","meta":{"_acf_changed":false,"footnotes":""},"categories":[20,210],"tags":[],"class_list":["post-9097","post","type-post","status-publish","format-standard","has-post-thumbnail","hentry","category-intezeti-hirek","category-tudomany"],"acf":[],"_links":{"self":[{"href":"https:\/\/semmelweis.hu\/anatomia\/wp-json\/wp\/v2\/posts\/9097","targetHints":{"allow":["GET"]}}],"collection":[{"href":"https:\/\/semmelweis.hu\/anatomia\/wp-json\/wp\/v2\/posts"}],"about":[{"href":"https:\/\/semmelweis.hu\/anatomia\/wp-json\/wp\/v2\/types\/post"}],"author":[{"embeddable":true,"href":"https:\/\/semmelweis.hu\/anatomia\/wp-json\/wp\/v2\/users\/352"}],"replies":[{"embeddable":true,"href":"https:\/\/semmelweis.hu\/anatomia\/wp-json\/wp\/v2\/comments?post=9097"}],"version-history":[{"count":2,"href":"https:\/\/semmelweis.hu\/anatomia\/wp-json\/wp\/v2\/posts\/9097\/revisions"}],"predecessor-version":[{"id":9201,"href":"https:\/\/semmelweis.hu\/anatomia\/wp-json\/wp\/v2\/posts\/9097\/revisions\/9201"}],"wp:featuredmedia":[{"embeddable":true,"href":"https:\/\/semmelweis.hu\/anatomia\/wp-json\/wp\/v2\/media\/7238"}],"wp:attachment":[{"href":"https:\/\/semmelweis.hu\/anatomia\/wp-json\/wp\/v2\/media?parent=9097"}],"wp:term":[{"taxonomy":"category","embeddable":true,"href":"https:\/\/semmelweis.hu\/anatomia\/wp-json\/wp\/v2\/categories?post=9097"},{"taxonomy":"post_tag","embeddable":true,"href":"https:\/\/semmelweis.hu\/anatomia\/wp-json\/wp\/v2\/tags?post=9097"}],"curies":[{"name":"wp","href":"https:\/\/api.w.org\/{rel}","templated":true}]}}