{"id":9069,"date":"2003-06-30T14:53:25","date_gmt":"2003-06-30T12:53:25","guid":{"rendered":"http:\/\/semmelweis.hu\/anatomia\/?p=9069"},"modified":"2015-08-06T13:24:27","modified_gmt":"2015-08-06T11:24:27","slug":"a-masik-intezetben-olah-professzor-bucsuztatasa","status":"publish","type":"post","link":"https:\/\/semmelweis.hu\/anatomia\/2003\/06\/30\/a-masik-intezetben-olah-professzor-bucsuztatasa\/","title":{"rendered":"A &#8222;m\u00e1sik Int\u00e9zetben&#8221;: Ol\u00e1h professzor b\u00facs\u00faztat\u00e1sa"},"content":{"rendered":"<p align=\"center\"><span style=\"font-family: Verdana\">Dr. Ol\u00e1h Imre professzornak a <b>Hum\u00e1nmorfol\u00f3giai \u00e9s Fejl\u0151d\u00e9sbiol\u00f3giai Int\u00e9zet<\/b>ben bet\u00f6lt\u00f6tt <br \/> tansz\u00e9kvezet\u0151i megb\u00edzat\u00e1sa a mai nappal lej\u00e1r.<\/span><\/p>\n<p align=\"center\"><span style=\"font-family: Verdana\">F\u00e9nyk\u00e9p: <br \/> a k\u00e9t int\u00e9zet tansz\u00e9kvezet\u0151je 2003. j\u00fanius 30-\u00e1n<\/span><\/p>\n<p style=\"text-align: left\" align=\"center\"><a href=\"https:\/\/semmelweis.hu\/anatomia\/files\/2015\/08\/dsc03080.jpg\"><img loading=\"lazy\" decoding=\"async\" class=\"aligncenter wp-image-9070 size-full\" src=\"https:\/\/semmelweis.hu\/anatomia\/files\/2015\/08\/dsc03080.jpg\" alt=\"dsc03080\" width=\"400\" height=\"534\" srcset=\"https:\/\/semmelweis.hu\/anatomia\/files\/2015\/08\/dsc03080.jpg 400w, https:\/\/semmelweis.hu\/anatomia\/files\/2015\/08\/dsc03080-225x300.jpg 225w\" sizes=\"auto, (max-width: 400px) 100vw, 400px\" \/><\/a><\/p>\n<p style=\"text-align: center\" align=\"center\"><span style=\"font-family: Verdana;font-size: small\">Az \u00faj tansz\u00e9kvezet\u0151 j\u00falius 1-t\u0151l:<br \/> <b>Dr. Sz\u00e9l \u00c1goston<\/b> egyetemi tan\u00e1r<\/span><\/p>\n<p style=\"text-align: center\" align=\"center\"><a href=\"https:\/\/semmelweis.hu\/anatomia\/files\/2015\/08\/szeluj.jpg\"><img loading=\"lazy\" decoding=\"async\" class=\" size-full wp-image-9073 aligncenter\" src=\"https:\/\/semmelweis.hu\/anatomia\/files\/2015\/08\/szeluj.jpg\" alt=\"szeluj\" width=\"110\" height=\"137\" \/><\/a><\/p>\n<p style=\"text-align: left\" align=\"center\">\u00a0<\/p>\n<p align=\"center\">\u00a0<\/p>\n","protected":false},"excerpt":{"rendered":"<p>Dr. Ol\u00e1h Imre professzornak a Hum\u00e1nmorfol\u00f3giai \u00e9s Fejl\u0151d\u00e9sbiol\u00f3giai Int\u00e9zetben bet\u00f6lt\u00f6tt  tansz\u00e9kvezet\u0151i megb\u00edzat\u00e1sa a mai nappal lej\u00e1r.<br \/>\nF\u00e9nyk\u00e9p:  a k\u00e9t int\u00e9zet tansz\u00e9kvezet\u0151je 2003. j\u00fanius 30-\u00e1n<br \/>\n<a href=\"https:\/\/semmelweis.hu\/anatomia\/files\/2015\/08\/dsc03080.jpg\"><\/a><br \/>\nAz \u00faj tansz\u00e9kvezet\u0151 j\u00falius 1-t\u0151l: Dr. Sz\u00e9l \u00c1goston egyetemi tan\u00e1r<br \/>\n<a href=\"https:\/\/semmelweis.hu\/anatomia\/files\/2015\/08\/szeluj.jpg\"><\/a><br \/>\n\u00a0<br \/>\n\u00a0<\/p>\n","protected":false},"author":352,"featured_media":9070,"comment_status":"closed","ping_status":"closed","sticky":false,"template":"","format":"standard","meta":{"_acf_changed":false,"footnotes":""},"categories":[20],"tags":[],"class_list":["post-9069","post","type-post","status-publish","format-standard","has-post-thumbnail","hentry","category-intezeti-hirek"],"acf":[],"_links":{"self":[{"href":"https:\/\/semmelweis.hu\/anatomia\/wp-json\/wp\/v2\/posts\/9069","targetHints":{"allow":["GET"]}}],"collection":[{"href":"https:\/\/semmelweis.hu\/anatomia\/wp-json\/wp\/v2\/posts"}],"about":[{"href":"https:\/\/semmelweis.hu\/anatomia\/wp-json\/wp\/v2\/types\/post"}],"author":[{"embeddable":true,"href":"https:\/\/semmelweis.hu\/anatomia\/wp-json\/wp\/v2\/users\/352"}],"replies":[{"embeddable":true,"href":"https:\/\/semmelweis.hu\/anatomia\/wp-json\/wp\/v2\/comments?post=9069"}],"version-history":[{"count":2,"href":"https:\/\/semmelweis.hu\/anatomia\/wp-json\/wp\/v2\/posts\/9069\/revisions"}],"predecessor-version":[{"id":9160,"href":"https:\/\/semmelweis.hu\/anatomia\/wp-json\/wp\/v2\/posts\/9069\/revisions\/9160"}],"wp:featuredmedia":[{"embeddable":true,"href":"https:\/\/semmelweis.hu\/anatomia\/wp-json\/wp\/v2\/media\/9070"}],"wp:attachment":[{"href":"https:\/\/semmelweis.hu\/anatomia\/wp-json\/wp\/v2\/media?parent=9069"}],"wp:term":[{"taxonomy":"category","embeddable":true,"href":"https:\/\/semmelweis.hu\/anatomia\/wp-json\/wp\/v2\/categories?post=9069"},{"taxonomy":"post_tag","embeddable":true,"href":"https:\/\/semmelweis.hu\/anatomia\/wp-json\/wp\/v2\/tags?post=9069"}],"curies":[{"name":"wp","href":"https:\/\/api.w.org\/{rel}","templated":true}]}}