{"id":9067,"date":"2003-05-31T14:51:31","date_gmt":"2003-05-31T12:51:31","guid":{"rendered":"http:\/\/semmelweis.hu\/anatomia\/?p=9067"},"modified":"2015-08-05T14:52:43","modified_gmt":"2015-08-05T12:52:43","slug":"habilitacios-cim","status":"publish","type":"post","link":"https:\/\/semmelweis.hu\/anatomia\/2003\/05\/31\/habilitacios-cim\/","title":{"rendered":"Habilit\u00e1ci\u00f3s c\u00edm"},"content":{"rendered":"<p style=\"text-align: center\">A Semmelweis Egyetem Habilit\u00e1ci\u00f3s Bizotts\u00e1ga <strong> <br \/> <\/strong>a<strong> habilit\u00e1ci\u00f3s c\u00edm<\/strong>et oda\u00edt\u00e9lte <strong><br \/> dr. K\u00e1lm\u00e1n Mih\u00e1ly <\/strong>egyetemi docens r\u00e9sz\u00e9re <strong><br \/> <\/strong>(2003. m\u00e1jus 28-i hat\u00e1rozat)<\/p>\n","protected":false},"excerpt":{"rendered":"<p>A Semmelweis Egyetem Habilit\u00e1ci\u00f3s Bizotts\u00e1ga   a habilit\u00e1ci\u00f3s c\u00edmet oda\u00edt\u00e9lte  dr. K\u00e1lm\u00e1n Mih\u00e1ly egyetemi docens r\u00e9sz\u00e9re  (2003. m\u00e1jus 28-i hat\u00e1rozat)<\/p>\n","protected":false},"author":352,"featured_media":0,"comment_status":"closed","ping_status":"closed","sticky":false,"template":"","format":"standard","meta":{"_acf_changed":false,"footnotes":""},"categories":[20,208],"tags":[],"class_list":["post-9067","post","type-post","status-publish","format-standard","hentry","category-intezeti-hirek","category-kituntetes"],"acf":[],"_links":{"self":[{"href":"https:\/\/semmelweis.hu\/anatomia\/wp-json\/wp\/v2\/posts\/9067","targetHints":{"allow":["GET"]}}],"collection":[{"href":"https:\/\/semmelweis.hu\/anatomia\/wp-json\/wp\/v2\/posts"}],"about":[{"href":"https:\/\/semmelweis.hu\/anatomia\/wp-json\/wp\/v2\/types\/post"}],"author":[{"embeddable":true,"href":"https:\/\/semmelweis.hu\/anatomia\/wp-json\/wp\/v2\/users\/352"}],"replies":[{"embeddable":true,"href":"https:\/\/semmelweis.hu\/anatomia\/wp-json\/wp\/v2\/comments?post=9067"}],"version-history":[{"count":1,"href":"https:\/\/semmelweis.hu\/anatomia\/wp-json\/wp\/v2\/posts\/9067\/revisions"}],"predecessor-version":[{"id":9068,"href":"https:\/\/semmelweis.hu\/anatomia\/wp-json\/wp\/v2\/posts\/9067\/revisions\/9068"}],"wp:attachment":[{"href":"https:\/\/semmelweis.hu\/anatomia\/wp-json\/wp\/v2\/media?parent=9067"}],"wp:term":[{"taxonomy":"category","embeddable":true,"href":"https:\/\/semmelweis.hu\/anatomia\/wp-json\/wp\/v2\/categories?post=9067"},{"taxonomy":"post_tag","embeddable":true,"href":"https:\/\/semmelweis.hu\/anatomia\/wp-json\/wp\/v2\/tags?post=9067"}],"curies":[{"name":"wp","href":"https:\/\/api.w.org\/{rel}","templated":true}]}}