{"id":9028,"date":"2003-12-05T13:25:06","date_gmt":"2003-12-05T12:25:06","guid":{"rendered":"http:\/\/semmelweis.hu\/anatomia\/?p=9028"},"modified":"2015-08-06T13:08:49","modified_gmt":"2015-08-06T11:08:49","slug":"fenykepek-a-felujitott-anatomiai-muzeumbol","status":"publish","type":"post","link":"https:\/\/semmelweis.hu\/anatomia\/2003\/12\/05\/fenykepek-a-felujitott-anatomiai-muzeumbol\/","title":{"rendered":"F\u00e9nyk\u00e9pek a fel\u00faj\u00edtott Anat\u00f3miai M\u00fazeumb\u00f3l"},"content":{"rendered":"<p style=\"text-align: center\"><span style=\"font-family: Verdana;font-size: small\">\u00a0 A fel\u00faj\u00edt\u00e1s (padl\u00f3lapok fektet\u00e9se, mell\u00e9khelyis\u00e9gek csemp\u00e9z\u00e9se) \u00e9s takar\u00edt\u00e1s, \u00fajrarendez\u00e9s ut\u00e1n <br \/> a M\u00fazeum ism\u00e9t nyitva \u00e1ll hallgat\u00f3ink el\u0151tt!<\/span><\/p>\n<p><a href=\"https:\/\/semmelweis.hu\/anatomia\/files\/2015\/08\/muzfeluj.jpg\"><img loading=\"lazy\" decoding=\"async\" class=\"aligncenter wp-image-9029 size-full\" src=\"https:\/\/semmelweis.hu\/anatomia\/files\/2015\/08\/muzfeluj.jpg\" alt=\"muzfeluj\" width=\"460\" height=\"345\" srcset=\"https:\/\/semmelweis.hu\/anatomia\/files\/2015\/08\/muzfeluj.jpg 460w, https:\/\/semmelweis.hu\/anatomia\/files\/2015\/08\/muzfeluj-300x225.jpg 300w, https:\/\/semmelweis.hu\/anatomia\/files\/2015\/08\/muzfeluj-400x300.jpg 400w\" sizes=\"auto, (max-width: 460px) 100vw, 460px\" \/><\/a> <a href=\"https:\/\/semmelweis.hu\/anatomia\/files\/2015\/08\/dsc05113.jpg\"><img loading=\"lazy\" decoding=\"async\" class=\"aligncenter wp-image-9030 size-large\" src=\"https:\/\/semmelweis.hu\/anatomia\/files\/2015\/08\/dsc05113-1024x768.jpg\" alt=\"dsc05113\" width=\"640\" height=\"480\" srcset=\"https:\/\/semmelweis.hu\/anatomia\/files\/2015\/08\/dsc05113-1024x768.jpg 1024w, https:\/\/semmelweis.hu\/anatomia\/files\/2015\/08\/dsc05113-300x225.jpg 300w, https:\/\/semmelweis.hu\/anatomia\/files\/2015\/08\/dsc05113-400x300.jpg 400w, https:\/\/semmelweis.hu\/anatomia\/files\/2015\/08\/dsc05113.jpg 1280w\" sizes=\"auto, (max-width: 640px) 100vw, 640px\" \/><\/a> <a href=\"https:\/\/semmelweis.hu\/anatomia\/files\/2015\/08\/dsc05116.jpg\"><img loading=\"lazy\" decoding=\"async\" class=\"aligncenter wp-image-9031 size-large\" src=\"https:\/\/semmelweis.hu\/anatomia\/files\/2015\/08\/dsc05116-1024x768.jpg\" alt=\"dsc05116\" width=\"640\" height=\"480\" srcset=\"https:\/\/semmelweis.hu\/anatomia\/files\/2015\/08\/dsc05116-1024x768.jpg 1024w, https:\/\/semmelweis.hu\/anatomia\/files\/2015\/08\/dsc05116-300x225.jpg 300w, https:\/\/semmelweis.hu\/anatomia\/files\/2015\/08\/dsc05116-400x300.jpg 400w, https:\/\/semmelweis.hu\/anatomia\/files\/2015\/08\/dsc05116.jpg 1280w\" sizes=\"auto, (max-width: 640px) 100vw, 640px\" \/><\/a> <a href=\"https:\/\/semmelweis.hu\/anatomia\/files\/2015\/08\/dsc05117.jpg\"><img loading=\"lazy\" decoding=\"async\" class=\"aligncenter wp-image-9032 size-large\" src=\"https:\/\/semmelweis.hu\/anatomia\/files\/2015\/08\/dsc05117-1024x768.jpg\" alt=\"dsc05117\" width=\"640\" height=\"480\" srcset=\"https:\/\/semmelweis.hu\/anatomia\/files\/2015\/08\/dsc05117-1024x768.jpg 1024w, https:\/\/semmelweis.hu\/anatomia\/files\/2015\/08\/dsc05117-300x225.jpg 300w, https:\/\/semmelweis.hu\/anatomia\/files\/2015\/08\/dsc05117-400x300.jpg 400w, https:\/\/semmelweis.hu\/anatomia\/files\/2015\/08\/dsc05117.jpg 1280w\" sizes=\"auto, (max-width: 640px) 100vw, 640px\" \/><\/a> <a href=\"https:\/\/semmelweis.hu\/anatomia\/files\/2015\/08\/dsc05135.jpg\"><img loading=\"lazy\" decoding=\"async\" class=\"aligncenter wp-image-9033 size-large\" src=\"https:\/\/semmelweis.hu\/anatomia\/files\/2015\/08\/dsc05135-1024x768.jpg\" alt=\"dsc05135\" width=\"640\" height=\"480\" srcset=\"https:\/\/semmelweis.hu\/anatomia\/files\/2015\/08\/dsc05135-1024x768.jpg 1024w, https:\/\/semmelweis.hu\/anatomia\/files\/2015\/08\/dsc05135-300x225.jpg 300w, https:\/\/semmelweis.hu\/anatomia\/files\/2015\/08\/dsc05135-400x300.jpg 400w, https:\/\/semmelweis.hu\/anatomia\/files\/2015\/08\/dsc05135.jpg 1280w\" sizes=\"auto, (max-width: 640px) 100vw, 640px\" \/><\/a><\/p>\n<p>&nbsp;<\/p>\n","protected":false},"excerpt":{"rendered":"<p>\u00a0 A fel\u00faj\u00edt\u00e1s (padl\u00f3lapok fektet\u00e9se, mell\u00e9khelyis\u00e9gek csemp\u00e9z\u00e9se) \u00e9s takar\u00edt\u00e1s, \u00fajrarendez\u00e9s ut\u00e1n  a M\u00fazeum ism\u00e9t nyitva \u00e1ll hallgat\u00f3ink el\u0151tt!<br \/>\n<a href=\"https:\/\/semmelweis.hu\/anatomia\/files\/2015\/08\/muzfeluj.jpg\"><\/a> <a href=\"https:\/\/semmelweis.hu\/anatomia\/files\/2015\/08\/dsc05113.jpg\"><\/a> <a href=\"https:\/\/semmelweis.hu\/anatomia\/files\/2015\/08\/dsc05116.jpg\"><\/a> <a href=\"https:\/\/semmelweis.hu\/anatomia\/files\/2015\/08\/dsc05117.jpg\"><\/a> <a href=\"https:\/\/semmelweis.hu\/anatomia\/files\/2015\/08\/dsc05135.jpg\"><\/a><br \/>\n&nbsp;<\/p>\n","protected":false},"author":352,"featured_media":9031,"comment_status":"closed","ping_status":"closed","sticky":false,"template":"","format":"standard","meta":{"_acf_changed":false,"footnotes":""},"categories":[20,206],"tags":[],"class_list":["post-9028","post","type-post","status-publish","format-standard","has-post-thumbnail","hentry","category-intezeti-hirek","category-oktatas"],"acf":[],"_links":{"self":[{"href":"https:\/\/semmelweis.hu\/anatomia\/wp-json\/wp\/v2\/posts\/9028","targetHints":{"allow":["GET"]}}],"collection":[{"href":"https:\/\/semmelweis.hu\/anatomia\/wp-json\/wp\/v2\/posts"}],"about":[{"href":"https:\/\/semmelweis.hu\/anatomia\/wp-json\/wp\/v2\/types\/post"}],"author":[{"embeddable":true,"href":"https:\/\/semmelweis.hu\/anatomia\/wp-json\/wp\/v2\/users\/352"}],"replies":[{"embeddable":true,"href":"https:\/\/semmelweis.hu\/anatomia\/wp-json\/wp\/v2\/comments?post=9028"}],"version-history":[{"count":1,"href":"https:\/\/semmelweis.hu\/anatomia\/wp-json\/wp\/v2\/posts\/9028\/revisions"}],"predecessor-version":[{"id":9034,"href":"https:\/\/semmelweis.hu\/anatomia\/wp-json\/wp\/v2\/posts\/9028\/revisions\/9034"}],"wp:featuredmedia":[{"embeddable":true,"href":"https:\/\/semmelweis.hu\/anatomia\/wp-json\/wp\/v2\/media\/9031"}],"wp:attachment":[{"href":"https:\/\/semmelweis.hu\/anatomia\/wp-json\/wp\/v2\/media?parent=9028"}],"wp:term":[{"taxonomy":"category","embeddable":true,"href":"https:\/\/semmelweis.hu\/anatomia\/wp-json\/wp\/v2\/categories?post=9028"},{"taxonomy":"post_tag","embeddable":true,"href":"https:\/\/semmelweis.hu\/anatomia\/wp-json\/wp\/v2\/tags?post=9028"}],"curies":[{"name":"wp","href":"https:\/\/api.w.org\/{rel}","templated":true}]}}