{"id":9008,"date":"2004-01-20T13:05:18","date_gmt":"2004-01-20T12:05:18","guid":{"rendered":"http:\/\/semmelweis.hu\/anatomia\/?p=9008"},"modified":"2015-08-06T13:07:47","modified_gmt":"2015-08-06T11:07:47","slug":"a-magyar-kultura-napja-alkalmabol-munkatarsainknak-adott-kituntetesek","status":"publish","type":"post","link":"https:\/\/semmelweis.hu\/anatomia\/2004\/01\/20\/a-magyar-kultura-napja-alkalmabol-munkatarsainknak-adott-kituntetesek\/","title":{"rendered":"Kit\u00fcntet\u00e9sek a Magyar Kult\u00fara napja alkalm\u00e1b\u00f3l"},"content":{"rendered":"<p style=\"text-align: center\"><em>Pro Renovanda Cultura Hungariae<\/em> Alap\u00edtv\u00e1ny f\u0151d\u00edja: <strong><br \/> Prof. H\u00e1mori J\u00f3zsef <\/strong><br \/> (a modern agykutat\u00e1s ter\u00e9n el\u00e9rt nemzetk\u00f6zi rang\u00fa eredm\u00e9nyei\u00e9rt, <br \/> tudom\u00e1ny- \u00e9s egyetemszervez\u0151i, valamint kultur\u00e1lis munk\u00e1ss\u00e1g\u00e1\u00e9rt).<br \/> <em><br \/> Szentgy\u00f6rgyi Albert-d\u00edj<\/em>: <strong><br \/> Prof. R\u00e9thelyi Mikl\u00f3s<\/strong> <br \/> (a magyar fels\u0151oktat\u00e1s ter\u00fclet\u00e9n v\u00e9gzett iskolateremt\u0151, <br \/> nemzetk\u00f6zileg elismert munk\u00e1j\u00e1\u00e9rt)<\/p>\n","protected":false},"excerpt":{"rendered":"<p>Pro Renovanda Cultura Hungariae Alap\u00edtv\u00e1ny f\u0151d\u00edja:  Prof. H\u00e1mori J\u00f3zsef  (a modern agykutat\u00e1s ter\u00e9n el\u00e9rt nemzetk\u00f6zi rang\u00fa eredm\u00e9nyei\u00e9rt,  tudom\u00e1ny- \u00e9s egyetemszervez\u0151i, valamint kultur\u00e1lis munk\u00e1ss\u00e1g\u00e1\u00e9rt).  Szentgy\u00f6rgyi Albert-d\u00edj:  Prof. R\u00e9thelyi Mikl\u00f3s  (a magyar fels\u0151oktat\u00e1s ter\u00fclet\u00e9n v\u00e9gzett iskolateremt\u0151,  nemzetk\u00f6zileg elismert munk\u00e1j\u00e1\u00e9rt)<\/p>\n","protected":false},"author":352,"featured_media":0,"comment_status":"closed","ping_status":"closed","sticky":false,"template":"","format":"standard","meta":{"_acf_changed":false,"footnotes":""},"categories":[20,208],"tags":[],"class_list":["post-9008","post","type-post","status-publish","format-standard","hentry","category-intezeti-hirek","category-kituntetes"],"acf":[],"_links":{"self":[{"href":"https:\/\/semmelweis.hu\/anatomia\/wp-json\/wp\/v2\/posts\/9008","targetHints":{"allow":["GET"]}}],"collection":[{"href":"https:\/\/semmelweis.hu\/anatomia\/wp-json\/wp\/v2\/posts"}],"about":[{"href":"https:\/\/semmelweis.hu\/anatomia\/wp-json\/wp\/v2\/types\/post"}],"author":[{"embeddable":true,"href":"https:\/\/semmelweis.hu\/anatomia\/wp-json\/wp\/v2\/users\/352"}],"replies":[{"embeddable":true,"href":"https:\/\/semmelweis.hu\/anatomia\/wp-json\/wp\/v2\/comments?post=9008"}],"version-history":[{"count":2,"href":"https:\/\/semmelweis.hu\/anatomia\/wp-json\/wp\/v2\/posts\/9008\/revisions"}],"predecessor-version":[{"id":9150,"href":"https:\/\/semmelweis.hu\/anatomia\/wp-json\/wp\/v2\/posts\/9008\/revisions\/9150"}],"wp:attachment":[{"href":"https:\/\/semmelweis.hu\/anatomia\/wp-json\/wp\/v2\/media?parent=9008"}],"wp:term":[{"taxonomy":"category","embeddable":true,"href":"https:\/\/semmelweis.hu\/anatomia\/wp-json\/wp\/v2\/categories?post=9008"},{"taxonomy":"post_tag","embeddable":true,"href":"https:\/\/semmelweis.hu\/anatomia\/wp-json\/wp\/v2\/tags?post=9008"}],"curies":[{"name":"wp","href":"https:\/\/api.w.org\/{rel}","templated":true}]}}