{"id":9005,"date":"2004-03-11T13:03:11","date_gmt":"2004-03-11T12:03:11","guid":{"rendered":"http:\/\/semmelweis.hu\/anatomia\/?p=9005"},"modified":"2015-08-05T13:05:03","modified_gmt":"2015-08-05T11:05:03","slug":"az-anatomiai-szovet-es-fejlodestani-intezet-igazgatoi-allasara-palyazok-bemutatkozo-tantermi-eloadasai","status":"publish","type":"post","link":"https:\/\/semmelweis.hu\/anatomia\/2004\/03\/11\/az-anatomiai-szovet-es-fejlodestani-intezet-igazgatoi-allasara-palyazok-bemutatkozo-tantermi-eloadasai\/","title":{"rendered":"Az Anat\u00f3miai, Sz\u00f6vet- \u00e9s Fejl\u0151d\u00e9stani Int\u00e9zet igazgat\u00f3i \u00e1ll\u00e1s\u00e1ra p\u00e1ly\u00e1z\u00f3k bemutatkoz\u00f3 tantermi el\u0151ad\u00e1sai"},"content":{"rendered":"<p align=\"center\"><b>Az Anat\u00f3miai, Sz\u00f6vet- \u00e9s Fejl\u0151d\u00e9stani Int\u00e9zet igazgat\u00f3i \u00e1ll\u00e1s\u00e1ra p\u00e1ly\u00e1z\u00f3k <\/b><\/p>\n<p align=\"center\"><b>bemutatkoz\u00f3 tantermi el\u0151ad\u00e1s\u00e1ra az al\u00e1bbi helyen, id\u0151pontban \u00e9s c\u00edmmel ker\u00fcl sor: <\/b><\/p>\n<ul>\n<li>\n<p align=\"left\"><b>Dr. Z\u00e1borszky L\u00e1szl\u00f3<\/b> egyetemi tan\u00e1r 2004. m\u00e1rcius 22-\u00e9n (h\u00e9tf\u0151n) 12.00-12.45-ig <br \/> &#8222;A medence \u00e9s g\u00e1t topogr\u00e1fi\u00e1ja, valamint metszetanat\u00f3mi\u00e1ja&#8221; c\u00edmmel, <br \/> \u00a0<\/p>\n<\/li>\n<li>\n<p align=\"left\"><b>Dr. Csillag Andr\u00e1s <\/b>egyetemi tan\u00e1r 2004. m\u00e1rcius 23-\u00e1n (kedden) 10.00-10.45-ig <br \/> &#8222;M\u00e1j \u00e9s az epeutak sz\u00f6vettana&#8221; c\u00edmmel \u00e9s <br \/> \u00a0<\/p>\n<\/li>\n<li>\n<p align=\"left\"><b>Dr. Merchenthaler Istv\u00e1n<\/b> Distinguished Research Scientist 2004. m\u00e1rcius 23-\u00e1n (kedden) 10.55-11.40-ig <br \/> &#8222;Az arc fejl\u0151d\u00e9se, fejl\u0151d\u00e9si rendelleness\u00e9gek&#8221; c\u00edmmel<\/p>\n<\/li>\n<\/ul>\n<p align=\"center\">az Anat\u00f3miai, Sz\u00f6vet- \u00e9s Fejl\u0151d\u00e9stani Int\u00e9zet tanterm\u00e9ben.<\/p>\n<p style=\"text-align: left\" align=\"center\"><a href=\"https:\/\/semmelweis.hu\/anatomia\/files\/2015\/08\/tanter-.jpg\"><img loading=\"lazy\" decoding=\"async\" class=\" size-full wp-image-9006 aligncenter\" src=\"https:\/\/semmelweis.hu\/anatomia\/files\/2015\/08\/tanter-.jpg\" alt=\"tanter-\" width=\"600\" height=\"450\" srcset=\"https:\/\/semmelweis.hu\/anatomia\/files\/2015\/08\/tanter-.jpg 600w, https:\/\/semmelweis.hu\/anatomia\/files\/2015\/08\/tanter--300x225.jpg 300w, https:\/\/semmelweis.hu\/anatomia\/files\/2015\/08\/tanter--400x300.jpg 400w\" sizes=\"auto, (max-width: 600px) 100vw, 600px\" \/><\/a><\/p>\n<p style=\"text-align: left\" align=\"center\">\u00a0<\/p>\n<p>&nbsp;<\/p>\n","protected":false},"excerpt":{"rendered":"<p>Az Anat\u00f3miai, Sz\u00f6vet- \u00e9s Fejl\u0151d\u00e9stani Int\u00e9zet igazgat\u00f3i \u00e1ll\u00e1s\u00e1ra p\u00e1ly\u00e1z\u00f3k bemutatkoz\u00f3 tantermi el\u0151ad\u00e1s\u00e1ra az al\u00e1bbi helyen, id\u0151pontban \u00e9s c\u00edmmel ker\u00fcl sor: Dr. Z\u00e1borszky L\u00e1szl\u00f3 egyetemi tan\u00e1r 2004. m\u00e1rcius 22-\u00e9n (h\u00e9tf\u0151n) 12.00-12.45-ig &#8222;A medence \u00e9s g\u00e1t topogr\u00e1fi\u00e1ja, valamint metszetanat\u00f3mi\u00e1ja&#8221; c\u00edmmel, \u00a0 Dr. Csillag Andr\u00e1s egyetemi tan\u00e1r 2004. m\u00e1rcius 23-\u00e1n (kedden) 10.00-10.45-ig &#8222;M\u00e1j \u00e9s az epeutak sz\u00f6vettana&#8221; c\u00edmmel &hellip;<\/p>\n","protected":false},"author":352,"featured_media":9006,"comment_status":"closed","ping_status":"closed","sticky":false,"template":"","format":"standard","meta":{"_acf_changed":false,"footnotes":""},"categories":[20],"tags":[],"class_list":["post-9005","post","type-post","status-publish","format-standard","has-post-thumbnail","hentry","category-intezeti-hirek"],"acf":[],"_links":{"self":[{"href":"https:\/\/semmelweis.hu\/anatomia\/wp-json\/wp\/v2\/posts\/9005","targetHints":{"allow":["GET"]}}],"collection":[{"href":"https:\/\/semmelweis.hu\/anatomia\/wp-json\/wp\/v2\/posts"}],"about":[{"href":"https:\/\/semmelweis.hu\/anatomia\/wp-json\/wp\/v2\/types\/post"}],"author":[{"embeddable":true,"href":"https:\/\/semmelweis.hu\/anatomia\/wp-json\/wp\/v2\/users\/352"}],"replies":[{"embeddable":true,"href":"https:\/\/semmelweis.hu\/anatomia\/wp-json\/wp\/v2\/comments?post=9005"}],"version-history":[{"count":2,"href":"https:\/\/semmelweis.hu\/anatomia\/wp-json\/wp\/v2\/posts\/9005\/revisions"}],"predecessor-version":[{"id":9149,"href":"https:\/\/semmelweis.hu\/anatomia\/wp-json\/wp\/v2\/posts\/9005\/revisions\/9149"}],"wp:featuredmedia":[{"embeddable":true,"href":"https:\/\/semmelweis.hu\/anatomia\/wp-json\/wp\/v2\/media\/9006"}],"wp:attachment":[{"href":"https:\/\/semmelweis.hu\/anatomia\/wp-json\/wp\/v2\/media?parent=9005"}],"wp:term":[{"taxonomy":"category","embeddable":true,"href":"https:\/\/semmelweis.hu\/anatomia\/wp-json\/wp\/v2\/categories?post=9005"},{"taxonomy":"post_tag","embeddable":true,"href":"https:\/\/semmelweis.hu\/anatomia\/wp-json\/wp\/v2\/tags?post=9005"}],"curies":[{"name":"wp","href":"https:\/\/api.w.org\/{rel}","templated":true}]}}