{"id":8995,"date":"2004-06-10T11:49:12","date_gmt":"2004-06-10T09:49:12","guid":{"rendered":"http:\/\/semmelweis.hu\/anatomia\/?p=8995"},"modified":"2015-08-07T21:39:30","modified_gmt":"2015-08-07T19:39:30","slug":"kinvezesek","status":"publish","type":"post","link":"https:\/\/semmelweis.hu\/anatomia\/2004\/06\/10\/kinvezesek\/","title":{"rendered":"Kinvez\u00e9sek"},"content":{"rendered":"<ul>\n<li style=\"text-align: left\">Az <em>Egyetemi Tan\u00e1cs<\/em> az Int\u00e9zet\u00fcnk igazgat\u00f3i \u00e1ll\u00e1s\u00e1ra p\u00e1ly\u00e1z\u00f3k k\u00f6z\u00fcl <strong>Csillag Andr\u00e1s <\/strong> professzort v\u00e1lasztotta meg 2004. j\u00falius 1-t\u0151l az Int\u00e9zet vezet\u00e9s\u00e9re.<a href=\"https:\/\/semmelweis.hu\/anatomia\/files\/2014\/11\/csillag1kis.jpg\"><img loading=\"lazy\" decoding=\"async\" class=\"aligncenter size-full wp-image-5408\" src=\"https:\/\/semmelweis.hu\/anatomia\/files\/2014\/11\/csillag1kis.jpg\" alt=\"csillag1kis\" width=\"260\" height=\"341\" srcset=\"https:\/\/semmelweis.hu\/anatomia\/files\/2014\/11\/csillag1kis.jpg 260w, https:\/\/semmelweis.hu\/anatomia\/files\/2014\/11\/csillag1kis-229x300.jpg 229w\" sizes=\"auto, (max-width: 260px) 100vw, 260px\" \/><\/a><\/li>\n<li style=\"text-align: left\">A <em>FOK Kari Tan\u00e1cs<\/em>\u00fcl\u00e9se \u00fajabb 3 \u00e9vre megv\u00e1lasztotta a kar d\u00e9k\u00e1nhelyettes\u00e9nek<strong> Feh\u00e9r Erzs\u00e9bet <\/strong>professzorasszonyt;<br \/> a TDK-\u00fcgyekkel foglalkoz\u00f3 d\u00e9k\u00e1ni bizotts\u00e1g vezet\u0151j\u00e9nek pedig <strong> dr. Gallatz Katalin<\/strong> adjunktust.<\/li>\n<\/ul>\n","protected":false},"excerpt":{"rendered":"<p>Az Egyetemi Tan\u00e1cs az Int\u00e9zet\u00fcnk igazgat\u00f3i \u00e1ll\u00e1s\u00e1ra p\u00e1ly\u00e1z\u00f3k k\u00f6z\u00fcl Csillag Andr\u00e1s  professzort v\u00e1lasztotta meg 2004. j\u00falius 1-t\u0151l az Int\u00e9zet vezet\u00e9s\u00e9re.<a href=\"https:\/\/semmelweis.hu\/anatomia\/files\/2014\/11\/csillag1kis.jpg\"><\/a><br \/>\nA FOK Kari Tan\u00e1cs\u00fcl\u00e9se \u00fajabb 3 \u00e9vre megv\u00e1lasztotta a kar d\u00e9k\u00e1nhelyettes\u00e9nek Feh\u00e9r Erzs\u00e9bet professzorasszonyt; a TDK-\u00fcgyekkel foglalkoz\u00f3 d\u00e9k\u00e1ni bizotts\u00e1g vezet\u0151j\u00e9nek pedig  dr. Gallatz Katalin adjunktust.<\/p>\n","protected":false},"author":352,"featured_media":5408,"comment_status":"closed","ping_status":"closed","sticky":false,"template":"","format":"standard","meta":{"_acf_changed":false,"footnotes":""},"categories":[20,208],"tags":[],"class_list":["post-8995","post","type-post","status-publish","format-standard","has-post-thumbnail","hentry","category-intezeti-hirek","category-kituntetes"],"acf":[],"_links":{"self":[{"href":"https:\/\/semmelweis.hu\/anatomia\/wp-json\/wp\/v2\/posts\/8995","targetHints":{"allow":["GET"]}}],"collection":[{"href":"https:\/\/semmelweis.hu\/anatomia\/wp-json\/wp\/v2\/posts"}],"about":[{"href":"https:\/\/semmelweis.hu\/anatomia\/wp-json\/wp\/v2\/types\/post"}],"author":[{"embeddable":true,"href":"https:\/\/semmelweis.hu\/anatomia\/wp-json\/wp\/v2\/users\/352"}],"replies":[{"embeddable":true,"href":"https:\/\/semmelweis.hu\/anatomia\/wp-json\/wp\/v2\/comments?post=8995"}],"version-history":[{"count":2,"href":"https:\/\/semmelweis.hu\/anatomia\/wp-json\/wp\/v2\/posts\/8995\/revisions"}],"predecessor-version":[{"id":9202,"href":"https:\/\/semmelweis.hu\/anatomia\/wp-json\/wp\/v2\/posts\/8995\/revisions\/9202"}],"wp:featuredmedia":[{"embeddable":true,"href":"https:\/\/semmelweis.hu\/anatomia\/wp-json\/wp\/v2\/media\/5408"}],"wp:attachment":[{"href":"https:\/\/semmelweis.hu\/anatomia\/wp-json\/wp\/v2\/media?parent=8995"}],"wp:term":[{"taxonomy":"category","embeddable":true,"href":"https:\/\/semmelweis.hu\/anatomia\/wp-json\/wp\/v2\/categories?post=8995"},{"taxonomy":"post_tag","embeddable":true,"href":"https:\/\/semmelweis.hu\/anatomia\/wp-json\/wp\/v2\/tags?post=8995"}],"curies":[{"name":"wp","href":"https:\/\/api.w.org\/{rel}","templated":true}]}}