{"id":8988,"date":"2004-07-24T11:31:12","date_gmt":"2004-07-24T09:31:12","guid":{"rendered":"http:\/\/semmelweis.hu\/anatomia\/?p=8988"},"modified":"2015-08-05T11:48:53","modified_gmt":"2015-08-05T09:48:53","slug":"kollegank-dr-ember-zsolt-festmenyei","status":"publish","type":"post","link":"https:\/\/semmelweis.hu\/anatomia\/2004\/07\/24\/kollegank-dr-ember-zsolt-festmenyei\/","title":{"rendered":"Koll\u00e9g\u00e1nk, Dr. Ember Zsolt festm\u00e9nyei"},"content":{"rendered":"<p style=\"text-align: center\"><b><span style=\"font-family: Verdana;font-size: small\">Dr. Ember Zsolt <\/span><\/b>saj\u00e1t k\u00e9sz\u00edt\u00e9s\u0171 festm\u00e9nyei <br \/> (1993 \u00e9s 2004 k\u00f6z\u00f6tt k\u00e9sz\u00fclt k\u00e9pek).<\/p>\n<p style=\"text-align: center\"> A k\u00e9pek az I. sz. Belgy\u00f3gy\u00e1szati Klinika f\u00f6ldszintj\u00e9n voltak ki\u00e1ll\u00edtva (2004).<\/p>\n<p><figure id=\"attachment_8989\" aria-describedby=\"caption-attachment-8989\" style=\"width: 640px\" class=\"wp-caption aligncenter\"><a href=\"https:\/\/semmelweis.hu\/anatomia\/files\/2015\/08\/23narancs2.jpg\"><img loading=\"lazy\" decoding=\"async\" class=\"wp-image-8989\" src=\"https:\/\/semmelweis.hu\/anatomia\/files\/2015\/08\/23narancs2.jpg\" alt=\"23narancs2\" width=\"640\" height=\"483\" srcset=\"https:\/\/semmelweis.hu\/anatomia\/files\/2015\/08\/23narancs2.jpg 1000w, https:\/\/semmelweis.hu\/anatomia\/files\/2015\/08\/23narancs2-300x226.jpg 300w, https:\/\/semmelweis.hu\/anatomia\/files\/2015\/08\/23narancs2-398x300.jpg 398w\" sizes=\"auto, (max-width: 640px) 100vw, 640px\" \/><\/a><figcaption id=\"caption-attachment-8989\" class=\"wp-caption-text\">Narancsos csend\u00e9let &#8211; olaj, v\u00e1szon kartonon 18 x 24 cm, 2004<\/figcaption><\/figure> <figure id=\"attachment_8990\" aria-describedby=\"caption-attachment-8990\" style=\"width: 640px\" class=\"wp-caption aligncenter\"><a href=\"https:\/\/semmelweis.hu\/anatomia\/files\/2015\/08\/04past.jpg\"><img loading=\"lazy\" decoding=\"async\" class=\"wp-image-8990\" src=\"https:\/\/semmelweis.hu\/anatomia\/files\/2015\/08\/04past.jpg\" alt=\"04past\" width=\"640\" height=\"444\" srcset=\"https:\/\/semmelweis.hu\/anatomia\/files\/2015\/08\/04past.jpg 1000w, https:\/\/semmelweis.hu\/anatomia\/files\/2015\/08\/04past-300x208.jpg 300w, https:\/\/semmelweis.hu\/anatomia\/files\/2015\/08\/04past-432x300.jpg 432w, https:\/\/semmelweis.hu\/anatomia\/files\/2015\/08\/04past-175x120.jpg 175w\" sizes=\"auto, (max-width: 640px) 100vw, 640px\" \/><\/a><figcaption id=\"caption-attachment-8990\" class=\"wp-caption-text\">Erdei \u00fat (Monet ut\u00e1n) &#8211; pasztell, pap\u00edr, 29.5 x 41.5 cm, 1994<\/figcaption><\/figure> <figure id=\"attachment_8991\" aria-describedby=\"caption-attachment-8991\" style=\"width: 640px\" class=\"wp-caption aligncenter\"><a href=\"https:\/\/semmelweis.hu\/anatomia\/files\/2015\/08\/06alhambr.jpg\"><img loading=\"lazy\" decoding=\"async\" class=\"wp-image-8991\" src=\"https:\/\/semmelweis.hu\/anatomia\/files\/2015\/08\/06alhambr.jpg\" alt=\"06alhambr\" width=\"640\" height=\"431\" srcset=\"https:\/\/semmelweis.hu\/anatomia\/files\/2015\/08\/06alhambr.jpg 1000w, https:\/\/semmelweis.hu\/anatomia\/files\/2015\/08\/06alhambr-300x202.jpg 300w, https:\/\/semmelweis.hu\/anatomia\/files\/2015\/08\/06alhambr-446x300.jpg 446w\" sizes=\"auto, (max-width: 640px) 100vw, 640px\" \/><\/a><figcaption id=\"caption-attachment-8991\" class=\"wp-caption-text\">Alhambra, Granada &#8211; olaj, farost 20 x 30 cm, 1994<\/figcaption><\/figure> <figure id=\"attachment_8992\" aria-describedby=\"caption-attachment-8992\" style=\"width: 640px\" class=\"wp-caption aligncenter\"><a href=\"https:\/\/semmelweis.hu\/anatomia\/files\/2015\/08\/12malom.jpg\"><img loading=\"lazy\" decoding=\"async\" class=\"wp-image-8992\" src=\"https:\/\/semmelweis.hu\/anatomia\/files\/2015\/08\/12malom.jpg\" alt=\"12malom\" width=\"640\" height=\"458\" srcset=\"https:\/\/semmelweis.hu\/anatomia\/files\/2015\/08\/12malom.jpg 1000w, https:\/\/semmelweis.hu\/anatomia\/files\/2015\/08\/12malom-300x215.jpg 300w, https:\/\/semmelweis.hu\/anatomia\/files\/2015\/08\/12malom-420x300.jpg 420w\" sizes=\"auto, (max-width: 640px) 100vw, 640px\" \/><\/a><figcaption id=\"caption-attachment-8992\" class=\"wp-caption-text\">N\u00e9metalf\u00f6ldi t\u00e1j (J. van Goyen ut\u00e1n) &#8211; olaj, farost, 30 x 40 cm 1997<\/figcaption><\/figure><\/p>\n<p>&nbsp;<\/p>\n","protected":false},"excerpt":{"rendered":"<p>Dr. Ember Zsolt saj\u00e1t k\u00e9sz\u00edt\u00e9s\u0171 festm\u00e9nyei  (1993 \u00e9s 2004 k\u00f6z\u00f6tt k\u00e9sz\u00fclt k\u00e9pek).<br \/>\n A k\u00e9pek az I. sz. Belgy\u00f3gy\u00e1szati Klinika f\u00f6ldszintj\u00e9n voltak ki\u00e1ll\u00edtva (2004).<br \/>\n&nbsp;<\/p>\n","protected":false},"author":352,"featured_media":8993,"comment_status":"closed","ping_status":"closed","sticky":false,"template":"","format":"standard","meta":{"_acf_changed":false,"footnotes":""},"categories":[20],"tags":[],"class_list":["post-8988","post","type-post","status-publish","format-standard","has-post-thumbnail","hentry","category-intezeti-hirek"],"acf":[],"_links":{"self":[{"href":"https:\/\/semmelweis.hu\/anatomia\/wp-json\/wp\/v2\/posts\/8988","targetHints":{"allow":["GET"]}}],"collection":[{"href":"https:\/\/semmelweis.hu\/anatomia\/wp-json\/wp\/v2\/posts"}],"about":[{"href":"https:\/\/semmelweis.hu\/anatomia\/wp-json\/wp\/v2\/types\/post"}],"author":[{"embeddable":true,"href":"https:\/\/semmelweis.hu\/anatomia\/wp-json\/wp\/v2\/users\/352"}],"replies":[{"embeddable":true,"href":"https:\/\/semmelweis.hu\/anatomia\/wp-json\/wp\/v2\/comments?post=8988"}],"version-history":[{"count":1,"href":"https:\/\/semmelweis.hu\/anatomia\/wp-json\/wp\/v2\/posts\/8988\/revisions"}],"predecessor-version":[{"id":8994,"href":"https:\/\/semmelweis.hu\/anatomia\/wp-json\/wp\/v2\/posts\/8988\/revisions\/8994"}],"wp:featuredmedia":[{"embeddable":true,"href":"https:\/\/semmelweis.hu\/anatomia\/wp-json\/wp\/v2\/media\/8993"}],"wp:attachment":[{"href":"https:\/\/semmelweis.hu\/anatomia\/wp-json\/wp\/v2\/media?parent=8988"}],"wp:term":[{"taxonomy":"category","embeddable":true,"href":"https:\/\/semmelweis.hu\/anatomia\/wp-json\/wp\/v2\/categories?post=8988"},{"taxonomy":"post_tag","embeddable":true,"href":"https:\/\/semmelweis.hu\/anatomia\/wp-json\/wp\/v2\/tags?post=8988"}],"curies":[{"name":"wp","href":"https:\/\/api.w.org\/{rel}","templated":true}]}}