{"id":8982,"date":"2004-08-27T11:27:47","date_gmt":"2004-08-27T09:27:47","guid":{"rendered":"http:\/\/semmelweis.hu\/anatomia\/?p=8982"},"modified":"2015-08-06T21:26:06","modified_gmt":"2015-08-06T19:26:06","slug":"intezetunk-vezetoi-es-oktatasi-felelosei-2004-julius-1-tol","status":"publish","type":"post","link":"https:\/\/semmelweis.hu\/anatomia\/2004\/08\/27\/intezetunk-vezetoi-es-oktatasi-felelosei-2004-julius-1-tol\/","title":{"rendered":"Int\u00e9zet\u00fcnk vezet\u0151i \u00e9s oktat\u00e1si felel\u0151sei (2004. j\u00falius 1-t\u0151l)"},"content":{"rendered":"<p style=\"text-align: center\"><span style=\"color: #ff6600\"><em>Kor\u00e1bbi h\u00edr, nagyr\u00e9szt nem aktu\u00e1lis!<\/em><\/span><\/p>\n<p style=\"text-align: center\">Igazgat\u00f3: <strong>Prof. Dr. Csillag Andr\u00e1s<\/strong> egyetemi tan\u00e1r<br \/> Igazgat\u00f3-helyettes: <strong>Dr. Kiss \u00c1rp\u00e1d<\/strong> egyetemi docens<\/p>\n<p style=\"text-align: center\"><strong>Tanulm\u00e1nyi felel\u0151s: <\/strong>Dr. Altdorfer K\u00e1roly (magyar)<br \/> Dr. Hajdu Ferenc (n\u00e9met); prof. Dr. R\u00e9thelyi Mikl\u00f3s (angol)<\/p>\n<p style=\"text-align: center\">\u00c9vfolyamfelel\u0151s\u00f6k (2004. szeptember\u00e9t\u0151l):<strong><br \/> <\/strong>\u00c1OK I. \u00e9vf.: Dr. Alp\u00e1r Al\u00e1n\u00a0 &#8211;\u00a0 \u00c1OK II. \u00e9vf.: Dr. Zayats Natalya<br \/> FOK I-II. \u00e9vf.: Dr. Gallatz Katalin<\/p>\n","protected":false},"excerpt":{"rendered":"<p>Kor\u00e1bbi h\u00edr, nagyr\u00e9szt nem aktu\u00e1lis!<br \/>\nIgazgat\u00f3: Prof. Dr. Csillag Andr\u00e1s egyetemi tan\u00e1r Igazgat\u00f3-helyettes: Dr. Kiss \u00c1rp\u00e1d egyetemi docens<br \/>\nTanulm\u00e1nyi felel\u0151s: Dr. Altdorfer K\u00e1roly (magyar) Dr. Hajdu Ferenc (n\u00e9met); prof. Dr. R\u00e9thelyi Mikl\u00f3s (angol)<br \/>\n\u00c9vfolyamfelel\u0151s\u00f6k (2004. szeptember\u00e9t\u0151l): \u00c1OK I. \u00e9vf.: Dr. Alp\u00e1r Al\u00e1n\u00a0 &#8211;\u00a0 \u00c1OK II. \u00e9vf.: Dr. Zayats Natalya FOK I-II. \u00e9vf.: Dr. Gallatz Katalin<\/p>\n","protected":false},"author":352,"featured_media":0,"comment_status":"closed","ping_status":"closed","sticky":false,"template":"","format":"standard","meta":{"_acf_changed":false,"footnotes":""},"categories":[20,208,206],"tags":[],"class_list":["post-8982","post","type-post","status-publish","format-standard","hentry","category-intezeti-hirek","category-kituntetes","category-oktatas"],"acf":[],"_links":{"self":[{"href":"https:\/\/semmelweis.hu\/anatomia\/wp-json\/wp\/v2\/posts\/8982","targetHints":{"allow":["GET"]}}],"collection":[{"href":"https:\/\/semmelweis.hu\/anatomia\/wp-json\/wp\/v2\/posts"}],"about":[{"href":"https:\/\/semmelweis.hu\/anatomia\/wp-json\/wp\/v2\/types\/post"}],"author":[{"embeddable":true,"href":"https:\/\/semmelweis.hu\/anatomia\/wp-json\/wp\/v2\/users\/352"}],"replies":[{"embeddable":true,"href":"https:\/\/semmelweis.hu\/anatomia\/wp-json\/wp\/v2\/comments?post=8982"}],"version-history":[{"count":3,"href":"https:\/\/semmelweis.hu\/anatomia\/wp-json\/wp\/v2\/posts\/8982\/revisions"}],"predecessor-version":[{"id":9179,"href":"https:\/\/semmelweis.hu\/anatomia\/wp-json\/wp\/v2\/posts\/8982\/revisions\/9179"}],"wp:attachment":[{"href":"https:\/\/semmelweis.hu\/anatomia\/wp-json\/wp\/v2\/media?parent=8982"}],"wp:term":[{"taxonomy":"category","embeddable":true,"href":"https:\/\/semmelweis.hu\/anatomia\/wp-json\/wp\/v2\/categories?post=8982"},{"taxonomy":"post_tag","embeddable":true,"href":"https:\/\/semmelweis.hu\/anatomia\/wp-json\/wp\/v2\/tags?post=8982"}],"curies":[{"name":"wp","href":"https:\/\/api.w.org\/{rel}","templated":true}]}}