{"id":8958,"date":"2004-09-24T10:53:04","date_gmt":"2004-09-24T08:53:04","guid":{"rendered":"http:\/\/semmelweis.hu\/anatomia\/?p=8958"},"modified":"2015-08-05T12:22:11","modified_gmt":"2015-08-05T10:22:11","slug":"intezetunk-kituntetettjei-semmelweis-nap-alkalmabol","status":"publish","type":"post","link":"https:\/\/semmelweis.hu\/anatomia\/2004\/09\/24\/intezetunk-kituntetettjei-semmelweis-nap-alkalmabol\/","title":{"rendered":"Int\u00e9zet\u00fcnk kit\u00fcntetettjei Semmelweis Nap alkalm\u00e1b\u00f3l"},"content":{"rendered":"<p style=\"text-align: center\">Int\u00e9zet\u00fcnk kit\u00fcntetettjei Semmelweis Nap alkalm\u00e1b\u00f3l (2004. j\u00falius 1.):<br \/> kimagasl\u00f3 tev\u00e9kenys\u00e9g\u00fck elismer\u00e9sek\u00e9nt az oktat\u00e1si, valamint az eg\u00e9szs\u00e9g\u00fcgyi, szoci\u00e1lis- \u00e9s csal\u00e1d\u00fcgyi miniszter kit\u00fcntet\u00e9seket adom\u00e1nyozott:<\/p>\n<ul>\n<li><em> Pedag\u00f3gus Szolg\u00e1lati Eml\u00e9k\u00e9rmet<\/em> kapott<strong> Dr. Madar\u00e1sz Magda<\/strong> egyetemi docens.<\/li>\n<li>Tansz\u00e9kvezet\u0151i tiszts\u00e9g\u00e9r\u0151l t\u00f6rt\u00e9n\u0151 lek\u00f6sz\u00f6n\u00e9se alkalm\u00e1b\u00f3l az Egyetem c\u00edmer\u00e9vel d\u00edsz\u00edtett <em>arany pecs\u00e9tgy\u0171r\u0171t<\/em> kapott <strong> Dr. R\u00e9thelyi Mikl\u00f3s <\/strong>egyetemi tan\u00e1r.<\/li>\n<\/ul>\n<p>&nbsp;<\/p>\n","protected":false},"excerpt":{"rendered":"<p>Int\u00e9zet\u00fcnk kit\u00fcntetettjei Semmelweis Nap alkalm\u00e1b\u00f3l (2004. j\u00falius 1.): kimagasl\u00f3 tev\u00e9kenys\u00e9g\u00fck elismer\u00e9sek\u00e9nt az oktat\u00e1si, valamint az eg\u00e9szs\u00e9g\u00fcgyi, szoci\u00e1lis- \u00e9s csal\u00e1d\u00fcgyi miniszter kit\u00fcntet\u00e9seket adom\u00e1nyozott:<\/p>\n<p> Pedag\u00f3gus Szolg\u00e1lati Eml\u00e9k\u00e9rmet kapott Dr. Madar\u00e1sz Magda egyetemi docens.<br \/>\nTansz\u00e9kvezet\u0151i tiszts\u00e9g\u00e9r\u0151l t\u00f6rt\u00e9n\u0151 lek\u00f6sz\u00f6n\u00e9se alkalm\u00e1b\u00f3l az Egyetem c\u00edmer\u00e9vel d\u00edsz\u00edtett arany pecs\u00e9tgy\u0171r\u0171t kapott  Dr. R\u00e9thelyi Mikl\u00f3s egyetemi tan\u00e1r.<\/p>\n<p>&nbsp;<\/p>\n","protected":false},"author":352,"featured_media":0,"comment_status":"closed","ping_status":"closed","sticky":false,"template":"","format":"standard","meta":{"_acf_changed":false,"footnotes":""},"categories":[20,208],"tags":[],"class_list":["post-8958","post","type-post","status-publish","format-standard","hentry","category-intezeti-hirek","category-kituntetes"],"acf":[],"_links":{"self":[{"href":"https:\/\/semmelweis.hu\/anatomia\/wp-json\/wp\/v2\/posts\/8958","targetHints":{"allow":["GET"]}}],"collection":[{"href":"https:\/\/semmelweis.hu\/anatomia\/wp-json\/wp\/v2\/posts"}],"about":[{"href":"https:\/\/semmelweis.hu\/anatomia\/wp-json\/wp\/v2\/types\/post"}],"author":[{"embeddable":true,"href":"https:\/\/semmelweis.hu\/anatomia\/wp-json\/wp\/v2\/users\/352"}],"replies":[{"embeddable":true,"href":"https:\/\/semmelweis.hu\/anatomia\/wp-json\/wp\/v2\/comments?post=8958"}],"version-history":[{"count":1,"href":"https:\/\/semmelweis.hu\/anatomia\/wp-json\/wp\/v2\/posts\/8958\/revisions"}],"predecessor-version":[{"id":8976,"href":"https:\/\/semmelweis.hu\/anatomia\/wp-json\/wp\/v2\/posts\/8958\/revisions\/8976"}],"wp:attachment":[{"href":"https:\/\/semmelweis.hu\/anatomia\/wp-json\/wp\/v2\/media?parent=8958"}],"wp:term":[{"taxonomy":"category","embeddable":true,"href":"https:\/\/semmelweis.hu\/anatomia\/wp-json\/wp\/v2\/categories?post=8958"},{"taxonomy":"post_tag","embeddable":true,"href":"https:\/\/semmelweis.hu\/anatomia\/wp-json\/wp\/v2\/tags?post=8958"}],"curies":[{"name":"wp","href":"https:\/\/api.w.org\/{rel}","templated":true}]}}