{"id":8955,"date":"2004-10-01T10:48:08","date_gmt":"2004-10-01T08:48:08","guid":{"rendered":"http:\/\/semmelweis.hu\/anatomia\/?p=8955"},"modified":"2015-08-05T12:25:25","modified_gmt":"2015-08-05T10:25:25","slug":"unnepi-megemlekezes-szentagothai-janos-professzorra","status":"publish","type":"post","link":"https:\/\/semmelweis.hu\/anatomia\/2004\/10\/01\/unnepi-megemlekezes-szentagothai-janos-professzorra\/","title":{"rendered":"\u00dcnnepi megeml\u00e9kez\u00e9s Szent\u00e1gothai J\u00e1nos professzorra"},"content":{"rendered":"<p style=\"text-align: center\">\u00dcnnepi eml\u00e9kez\u00e9s <strong><a href=\"http:\/\/www.ujsag.sote.hu\/se200410\/20041004.html\">Szent\u00e1gothai J\u00e1nos<\/a><\/strong> professzorra (szept. 8.)<br \/> <em>(cikk a Semmelweis Egyetem \u00fajs\u00e1g megjelen\u00e9s el\u0151tt \u00e1ll\u00f3 sz\u00e1m\u00e1b\u00f3l)<\/em><\/p>\n<p><a href=\"https:\/\/semmelweis.hu\/anatomia\/files\/2015\/08\/szentagh-.jpg\"><img loading=\"lazy\" decoding=\"async\" class=\" size-full wp-image-8956 aligncenter\" src=\"https:\/\/semmelweis.hu\/anatomia\/files\/2015\/08\/szentagh-.jpg\" alt=\"szentagh-\" width=\"360\" height=\"249\" srcset=\"https:\/\/semmelweis.hu\/anatomia\/files\/2015\/08\/szentagh-.jpg 360w, https:\/\/semmelweis.hu\/anatomia\/files\/2015\/08\/szentagh--300x208.jpg 300w, https:\/\/semmelweis.hu\/anatomia\/files\/2015\/08\/szentagh--175x120.jpg 175w\" sizes=\"auto, (max-width: 360px) 100vw, 360px\" \/><\/a><\/p>\n","protected":false},"excerpt":{"rendered":"<p>\u00dcnnepi eml\u00e9kez\u00e9s <a href=\"http:\/\/www.ujsag.sote.hu\/se200410\/20041004.html\">Szent\u00e1gothai J\u00e1nos<\/a> professzorra (szept. 8.) (cikk a Semmelweis Egyetem \u00fajs\u00e1g megjelen\u00e9s el\u0151tt \u00e1ll\u00f3 sz\u00e1m\u00e1b\u00f3l)<br \/>\n<a href=\"https:\/\/semmelweis.hu\/anatomia\/files\/2015\/08\/szentagh-.jpg\"><\/a><\/p>\n","protected":false},"author":352,"featured_media":8956,"comment_status":"closed","ping_status":"closed","sticky":false,"template":"","format":"standard","meta":{"_acf_changed":false,"footnotes":""},"categories":[20],"tags":[],"class_list":["post-8955","post","type-post","status-publish","format-standard","has-post-thumbnail","hentry","category-intezeti-hirek"],"acf":[],"_links":{"self":[{"href":"https:\/\/semmelweis.hu\/anatomia\/wp-json\/wp\/v2\/posts\/8955","targetHints":{"allow":["GET"]}}],"collection":[{"href":"https:\/\/semmelweis.hu\/anatomia\/wp-json\/wp\/v2\/posts"}],"about":[{"href":"https:\/\/semmelweis.hu\/anatomia\/wp-json\/wp\/v2\/types\/post"}],"author":[{"embeddable":true,"href":"https:\/\/semmelweis.hu\/anatomia\/wp-json\/wp\/v2\/users\/352"}],"replies":[{"embeddable":true,"href":"https:\/\/semmelweis.hu\/anatomia\/wp-json\/wp\/v2\/comments?post=8955"}],"version-history":[{"count":1,"href":"https:\/\/semmelweis.hu\/anatomia\/wp-json\/wp\/v2\/posts\/8955\/revisions"}],"predecessor-version":[{"id":8957,"href":"https:\/\/semmelweis.hu\/anatomia\/wp-json\/wp\/v2\/posts\/8955\/revisions\/8957"}],"wp:featuredmedia":[{"embeddable":true,"href":"https:\/\/semmelweis.hu\/anatomia\/wp-json\/wp\/v2\/media\/8956"}],"wp:attachment":[{"href":"https:\/\/semmelweis.hu\/anatomia\/wp-json\/wp\/v2\/media?parent=8955"}],"wp:term":[{"taxonomy":"category","embeddable":true,"href":"https:\/\/semmelweis.hu\/anatomia\/wp-json\/wp\/v2\/categories?post=8955"},{"taxonomy":"post_tag","embeddable":true,"href":"https:\/\/semmelweis.hu\/anatomia\/wp-json\/wp\/v2\/tags?post=8955"}],"curies":[{"name":"wp","href":"https:\/\/api.w.org\/{rel}","templated":true}]}}