{"id":8951,"date":"2004-10-01T10:43:27","date_gmt":"2004-10-01T08:43:27","guid":{"rendered":"http:\/\/semmelweis.hu\/anatomia\/?p=8951"},"modified":"2015-08-05T12:22:19","modified_gmt":"2015-08-05T10:22:19","slug":"kinevezesek-2004-okt-1-tol","status":"publish","type":"post","link":"https:\/\/semmelweis.hu\/anatomia\/2004\/10\/01\/kinevezesek-2004-okt-1-tol\/","title":{"rendered":"Kinevez\u00e9sek 2004. okt. 1-t\u0151l"},"content":{"rendered":"<p align=\"center\"><i> <span style=\"font-family: Verdana;font-size: small\">egyetemi tan\u00e1rseg\u00e9d:<\/span><\/i><\/p>\n<p align=\"center\"><span style=\"font-family: Verdana;font-size: small\">Dr. Benis Szabolcs<\/span><\/p>\n<p align=\"center\"><span style=\"font-family: Verdana;font-size: small\"><br \/> <i>egyetemi adjunktus:<\/i><\/span><\/p>\n<p align=\"center\"><span style=\"font-family: Verdana;font-size: small\">Dr. Alp\u00e1r Al\u00e1n <\/span><\/p>\n<p align=\"center\"><span style=\"font-family: Verdana;font-size: small\">Dr. Altdorfer K\u00e1roly <\/span><\/p>\n<p align=\"center\"><span style=\"font-family: Verdana\">Az adjunktusi kinevez\u00e9seket Dr. Szoll\u00e1r Lajos d\u00e9k\u00e1n adta \u00e1t.<br \/><\/span><\/p>\n<p style=\"text-align: center\" align=\"center\"><a href=\"https:\/\/semmelweis.hu\/anatomia\/files\/2015\/08\/adj-.jpg\"><img loading=\"lazy\" decoding=\"async\" class=\"aligncenter wp-image-8952 size-full\" src=\"https:\/\/semmelweis.hu\/anatomia\/files\/2015\/08\/adj-.jpg\" alt=\"adj-\" width=\"500\" height=\"305\" srcset=\"https:\/\/semmelweis.hu\/anatomia\/files\/2015\/08\/adj-.jpg 500w, https:\/\/semmelweis.hu\/anatomia\/files\/2015\/08\/adj--300x183.jpg 300w, https:\/\/semmelweis.hu\/anatomia\/files\/2015\/08\/adj--492x300.jpg 492w\" sizes=\"auto, (max-width: 500px) 100vw, 500px\" \/><\/a><a href=\"https:\/\/semmelweis.hu\/anatomia\/files\/2015\/08\/adj2-.jpg\"><img loading=\"lazy\" decoding=\"async\" class=\"aligncenter wp-image-8953 size-full\" src=\"https:\/\/semmelweis.hu\/anatomia\/files\/2015\/08\/adj2-.jpg\" alt=\"adj2-\" width=\"400\" height=\"393\" srcset=\"https:\/\/semmelweis.hu\/anatomia\/files\/2015\/08\/adj2-.jpg 400w, https:\/\/semmelweis.hu\/anatomia\/files\/2015\/08\/adj2--300x295.jpg 300w, https:\/\/semmelweis.hu\/anatomia\/files\/2015\/08\/adj2--305x300.jpg 305w\" sizes=\"auto, (max-width: 400px) 100vw, 400px\" \/><\/a>(Fot\u00f3: Dr. Bayarchimeg Batbayar)<\/p>\n<p style=\"text-align: left\" align=\"center\">\u00a0<\/p>\n","protected":false},"excerpt":{"rendered":"<p> egyetemi tan\u00e1rseg\u00e9d:<br \/>\nDr. Benis Szabolcs<br \/>\n egyetemi adjunktus:<br \/>\nDr. Alp\u00e1r Al\u00e1n<br \/>\nDr. Altdorfer K\u00e1roly<br \/>\nAz adjunktusi kinevez\u00e9seket Dr. Szoll\u00e1r Lajos d\u00e9k\u00e1n adta \u00e1t.<br \/>\n<a href=\"https:\/\/semmelweis.hu\/anatomia\/files\/2015\/08\/adj-.jpg\"><\/a><a href=\"https:\/\/semmelweis.hu\/anatomia\/files\/2015\/08\/adj2-.jpg\"><\/a>(Fot\u00f3: Dr. Bayarchimeg Batbayar)<br \/>\n\u00a0<\/p>\n","protected":false},"author":352,"featured_media":8953,"comment_status":"closed","ping_status":"closed","sticky":false,"template":"","format":"standard","meta":{"_acf_changed":false,"footnotes":""},"categories":[20,208],"tags":[],"class_list":["post-8951","post","type-post","status-publish","format-standard","has-post-thumbnail","hentry","category-intezeti-hirek","category-kituntetes"],"acf":[],"_links":{"self":[{"href":"https:\/\/semmelweis.hu\/anatomia\/wp-json\/wp\/v2\/posts\/8951","targetHints":{"allow":["GET"]}}],"collection":[{"href":"https:\/\/semmelweis.hu\/anatomia\/wp-json\/wp\/v2\/posts"}],"about":[{"href":"https:\/\/semmelweis.hu\/anatomia\/wp-json\/wp\/v2\/types\/post"}],"author":[{"embeddable":true,"href":"https:\/\/semmelweis.hu\/anatomia\/wp-json\/wp\/v2\/users\/352"}],"replies":[{"embeddable":true,"href":"https:\/\/semmelweis.hu\/anatomia\/wp-json\/wp\/v2\/comments?post=8951"}],"version-history":[{"count":1,"href":"https:\/\/semmelweis.hu\/anatomia\/wp-json\/wp\/v2\/posts\/8951\/revisions"}],"predecessor-version":[{"id":8954,"href":"https:\/\/semmelweis.hu\/anatomia\/wp-json\/wp\/v2\/posts\/8951\/revisions\/8954"}],"wp:featuredmedia":[{"embeddable":true,"href":"https:\/\/semmelweis.hu\/anatomia\/wp-json\/wp\/v2\/media\/8953"}],"wp:attachment":[{"href":"https:\/\/semmelweis.hu\/anatomia\/wp-json\/wp\/v2\/media?parent=8951"}],"wp:term":[{"taxonomy":"category","embeddable":true,"href":"https:\/\/semmelweis.hu\/anatomia\/wp-json\/wp\/v2\/categories?post=8951"},{"taxonomy":"post_tag","embeddable":true,"href":"https:\/\/semmelweis.hu\/anatomia\/wp-json\/wp\/v2\/tags?post=8951"}],"curies":[{"name":"wp","href":"https:\/\/api.w.org\/{rel}","templated":true}]}}