{"id":8945,"date":"2004-10-13T10:40:58","date_gmt":"2004-10-13T08:40:58","guid":{"rendered":"http:\/\/semmelweis.hu\/anatomia\/?p=8945"},"modified":"2015-08-05T12:25:11","modified_gmt":"2015-08-05T10:25:11","slug":"vendegeink-a-karolinska-egyetemrol-svedorszag","status":"publish","type":"post","link":"https:\/\/semmelweis.hu\/anatomia\/2004\/10\/13\/vendegeink-a-karolinska-egyetemrol-svedorszag\/","title":{"rendered":"Vend\u00e9geink a Karolinska Egyetemr\u0151l (Sv\u00e9dorsz\u00e1g)"},"content":{"rendered":"<p style=\"text-align: center\">2004. okt\u00f3ber 13-\u00e1n Int\u00e9zet\u00fcnket a Karolinska Egyetem vezet\u0151 anat\u00f3mia-oktat\u00f3i kerest\u00e9k fel.<br \/> T\u00e1j\u00e9koz\u00f3dtak a bonctermi, sz\u00f6vettani \u00e9s fejl\u0151d\u00e9stani oktat\u00e1sr\u00f3l, az \u00e1ltalunk haszn\u00e1lt tank\u00f6nyvekr\u0151l. Megl\u00e1togatt\u00e1k az Anat\u00f3miai M\u00fazeumot is.<\/p>\n<p><a href=\"https:\/\/semmelweis.hu\/anatomia\/files\/2015\/08\/dsc08830-.jpg\"><img loading=\"lazy\" decoding=\"async\" class=\"aligncenter wp-image-8946\" src=\"https:\/\/semmelweis.hu\/anatomia\/files\/2015\/08\/dsc08830-.jpg\" alt=\"dsc08830-\" width=\"640\" height=\"480\" srcset=\"https:\/\/semmelweis.hu\/anatomia\/files\/2015\/08\/dsc08830-.jpg 760w, https:\/\/semmelweis.hu\/anatomia\/files\/2015\/08\/dsc08830--300x225.jpg 300w, https:\/\/semmelweis.hu\/anatomia\/files\/2015\/08\/dsc08830--400x300.jpg 400w\" sizes=\"auto, (max-width: 640px) 100vw, 640px\" \/><\/a> <a href=\"https:\/\/semmelweis.hu\/anatomia\/files\/2015\/08\/dsc08816-.jpg\"><img loading=\"lazy\" decoding=\"async\" class=\"aligncenter wp-image-8947\" src=\"https:\/\/semmelweis.hu\/anatomia\/files\/2015\/08\/dsc08816-.jpg\" alt=\"dsc08816-\" width=\"640\" height=\"482\" srcset=\"https:\/\/semmelweis.hu\/anatomia\/files\/2015\/08\/dsc08816-.jpg 780w, https:\/\/semmelweis.hu\/anatomia\/files\/2015\/08\/dsc08816--300x226.jpg 300w, https:\/\/semmelweis.hu\/anatomia\/files\/2015\/08\/dsc08816--398x300.jpg 398w\" sizes=\"auto, (max-width: 640px) 100vw, 640px\" \/><\/a> <a href=\"https:\/\/semmelweis.hu\/anatomia\/files\/2015\/08\/dsc08823-.jpg\"><img loading=\"lazy\" decoding=\"async\" class=\"aligncenter wp-image-8948\" src=\"https:\/\/semmelweis.hu\/anatomia\/files\/2015\/08\/dsc08823-.jpg\" alt=\"dsc08823-\" width=\"640\" height=\"480\" srcset=\"https:\/\/semmelweis.hu\/anatomia\/files\/2015\/08\/dsc08823-.jpg 760w, https:\/\/semmelweis.hu\/anatomia\/files\/2015\/08\/dsc08823--300x225.jpg 300w, https:\/\/semmelweis.hu\/anatomia\/files\/2015\/08\/dsc08823--400x300.jpg 400w\" sizes=\"auto, (max-width: 640px) 100vw, 640px\" \/><\/a> <a href=\"https:\/\/semmelweis.hu\/anatomia\/files\/2015\/08\/dsc08824-.jpg\"><img loading=\"lazy\" decoding=\"async\" class=\"aligncenter wp-image-8949 size-full\" src=\"https:\/\/semmelweis.hu\/anatomia\/files\/2015\/08\/dsc08824-.jpg\" alt=\"dsc08824-\" width=\"679\" height=\"551\" srcset=\"https:\/\/semmelweis.hu\/anatomia\/files\/2015\/08\/dsc08824-.jpg 679w, https:\/\/semmelweis.hu\/anatomia\/files\/2015\/08\/dsc08824--300x243.jpg 300w, https:\/\/semmelweis.hu\/anatomia\/files\/2015\/08\/dsc08824--370x300.jpg 370w\" sizes=\"auto, (max-width: 679px) 100vw, 679px\" \/><\/a><\/p>\n<p>&nbsp;<\/p>\n","protected":false},"excerpt":{"rendered":"<p>2004. okt\u00f3ber 13-\u00e1n Int\u00e9zet\u00fcnket a Karolinska Egyetem vezet\u0151 anat\u00f3mia-oktat\u00f3i kerest\u00e9k fel. T\u00e1j\u00e9koz\u00f3dtak a bonctermi, sz\u00f6vettani \u00e9s fejl\u0151d\u00e9stani oktat\u00e1sr\u00f3l, az \u00e1ltalunk haszn\u00e1lt tank\u00f6nyvekr\u0151l. Megl\u00e1togatt\u00e1k az Anat\u00f3miai M\u00fazeumot is.<br \/>\n<a href=\"https:\/\/semmelweis.hu\/anatomia\/files\/2015\/08\/dsc08830-.jpg\"><\/a> <a href=\"https:\/\/semmelweis.hu\/anatomia\/files\/2015\/08\/dsc08816-.jpg\"><\/a> <a href=\"https:\/\/semmelweis.hu\/anatomia\/files\/2015\/08\/dsc08823-.jpg\"><\/a> <a href=\"https:\/\/semmelweis.hu\/anatomia\/files\/2015\/08\/dsc08824-.jpg\"><\/a><br \/>\n&nbsp;<\/p>\n","protected":false},"author":352,"featured_media":8947,"comment_status":"closed","ping_status":"closed","sticky":false,"template":"","format":"standard","meta":{"_acf_changed":false,"footnotes":""},"categories":[20,206],"tags":[],"class_list":["post-8945","post","type-post","status-publish","format-standard","has-post-thumbnail","hentry","category-intezeti-hirek","category-oktatas"],"acf":[],"_links":{"self":[{"href":"https:\/\/semmelweis.hu\/anatomia\/wp-json\/wp\/v2\/posts\/8945","targetHints":{"allow":["GET"]}}],"collection":[{"href":"https:\/\/semmelweis.hu\/anatomia\/wp-json\/wp\/v2\/posts"}],"about":[{"href":"https:\/\/semmelweis.hu\/anatomia\/wp-json\/wp\/v2\/types\/post"}],"author":[{"embeddable":true,"href":"https:\/\/semmelweis.hu\/anatomia\/wp-json\/wp\/v2\/users\/352"}],"replies":[{"embeddable":true,"href":"https:\/\/semmelweis.hu\/anatomia\/wp-json\/wp\/v2\/comments?post=8945"}],"version-history":[{"count":1,"href":"https:\/\/semmelweis.hu\/anatomia\/wp-json\/wp\/v2\/posts\/8945\/revisions"}],"predecessor-version":[{"id":8950,"href":"https:\/\/semmelweis.hu\/anatomia\/wp-json\/wp\/v2\/posts\/8945\/revisions\/8950"}],"wp:featuredmedia":[{"embeddable":true,"href":"https:\/\/semmelweis.hu\/anatomia\/wp-json\/wp\/v2\/media\/8947"}],"wp:attachment":[{"href":"https:\/\/semmelweis.hu\/anatomia\/wp-json\/wp\/v2\/media?parent=8945"}],"wp:term":[{"taxonomy":"category","embeddable":true,"href":"https:\/\/semmelweis.hu\/anatomia\/wp-json\/wp\/v2\/categories?post=8945"},{"taxonomy":"post_tag","embeddable":true,"href":"https:\/\/semmelweis.hu\/anatomia\/wp-json\/wp\/v2\/tags?post=8945"}],"curies":[{"name":"wp","href":"https:\/\/api.w.org\/{rel}","templated":true}]}}