{"id":8940,"date":"2004-12-03T10:36:00","date_gmt":"2004-12-03T09:36:00","guid":{"rendered":"http:\/\/semmelweis.hu\/anatomia\/?p=8940"},"modified":"2017-08-04T13:40:51","modified_gmt":"2017-08-04T11:40:51","slug":"az-idegtudomanyi-doktori-iskola-felvette-szentagothai-janos-nevet","status":"publish","type":"post","link":"https:\/\/semmelweis.hu\/anatomia\/2004\/12\/03\/az-idegtudomanyi-doktori-iskola-felvette-szentagothai-janos-nevet\/","title":{"rendered":"Az Idegtudom\u00e1nyi Doktori Iskola felvette Szent\u00e1gothai J\u00e1nos nev\u00e9t"},"content":{"rendered":"<p style=\"text-align: center\">Az Idegtudom\u00e1nyi Doktori Iskola felvette Szent\u00e1gothai J\u00e1nos nev\u00e9t <br \/> &#8211; <a href=\"http:\/\/www.ujsag.sote.hu\/se200413\/20041315.html\">cikk a Semmelweis Egyetem \u00fajs\u00e1gban.<\/a><\/p>\n<figure id=\"attachment_9076\" aria-describedby=\"caption-attachment-9076\" style=\"width: 360px\" class=\"wp-caption aligncenter\"><a href=\"https:\/\/semmelweis.hu\/anatomia\/files\/2004\/12\/pasik-.jpg\"><img loading=\"lazy\" decoding=\"async\" class=\"wp-image-9076 size-full\" src=\"https:\/\/semmelweis.hu\/anatomia\/files\/2004\/12\/pasik-.jpg\" alt=\"pasik-\" width=\"360\" height=\"316\" srcset=\"https:\/\/semmelweis.hu\/anatomia\/files\/2004\/12\/pasik-.jpg 360w, https:\/\/semmelweis.hu\/anatomia\/files\/2004\/12\/pasik--300x263.jpg 300w, https:\/\/semmelweis.hu\/anatomia\/files\/2004\/12\/pasik--342x300.jpg 342w\" sizes=\"auto, (max-width: 360px) 100vw, 360px\" \/><\/a><figcaption id=\"caption-attachment-9076\" class=\"wp-caption-text\">Tauba Pasik \u00e9s Pedro Pasik professzorok<\/figcaption><\/figure>\n","protected":false},"excerpt":{"rendered":"<p>Az Idegtudom\u00e1nyi Doktori Iskola felvette Szent\u00e1gothai J\u00e1nos nev\u00e9t  &#8211; <a href=\"http:\/\/www.ujsag.sote.hu\/se200413\/20041315.html\">cikk a Semmelweis Egyetem \u00fajs\u00e1gban.<\/a><\/p>\n","protected":false},"author":352,"featured_media":9076,"comment_status":"closed","ping_status":"closed","sticky":false,"template":"","format":"standard","meta":{"_acf_changed":false,"footnotes":""},"categories":[20],"tags":[],"class_list":["post-8940","post","type-post","status-publish","format-standard","has-post-thumbnail","hentry","category-intezeti-hirek"],"acf":[],"_links":{"self":[{"href":"https:\/\/semmelweis.hu\/anatomia\/wp-json\/wp\/v2\/posts\/8940","targetHints":{"allow":["GET"]}}],"collection":[{"href":"https:\/\/semmelweis.hu\/anatomia\/wp-json\/wp\/v2\/posts"}],"about":[{"href":"https:\/\/semmelweis.hu\/anatomia\/wp-json\/wp\/v2\/types\/post"}],"author":[{"embeddable":true,"href":"https:\/\/semmelweis.hu\/anatomia\/wp-json\/wp\/v2\/users\/352"}],"replies":[{"embeddable":true,"href":"https:\/\/semmelweis.hu\/anatomia\/wp-json\/wp\/v2\/comments?post=8940"}],"version-history":[{"count":2,"href":"https:\/\/semmelweis.hu\/anatomia\/wp-json\/wp\/v2\/posts\/8940\/revisions"}],"predecessor-version":[{"id":9077,"href":"https:\/\/semmelweis.hu\/anatomia\/wp-json\/wp\/v2\/posts\/8940\/revisions\/9077"}],"wp:featuredmedia":[{"embeddable":true,"href":"https:\/\/semmelweis.hu\/anatomia\/wp-json\/wp\/v2\/media\/9076"}],"wp:attachment":[{"href":"https:\/\/semmelweis.hu\/anatomia\/wp-json\/wp\/v2\/media?parent=8940"}],"wp:term":[{"taxonomy":"category","embeddable":true,"href":"https:\/\/semmelweis.hu\/anatomia\/wp-json\/wp\/v2\/categories?post=8940"},{"taxonomy":"post_tag","embeddable":true,"href":"https:\/\/semmelweis.hu\/anatomia\/wp-json\/wp\/v2\/tags?post=8940"}],"curies":[{"name":"wp","href":"https:\/\/api.w.org\/{rel}","templated":true}]}}