{"id":8925,"date":"2005-01-10T10:21:26","date_gmt":"2005-01-10T09:21:26","guid":{"rendered":"http:\/\/semmelweis.hu\/anatomia\/?p=8925"},"modified":"2021-10-11T21:11:23","modified_gmt":"2021-10-11T19:11:23","slug":"varga-lajos-korabbi-portasunk-temetesenek-kepei","status":"publish","type":"post","link":"https:\/\/semmelweis.hu\/anatomia\/2005\/01\/10\/varga-lajos-korabbi-portasunk-temetesenek-kepei\/","title":{"rendered":"Varga Lajos, kor\u00e1bbi port\u00e1sunk temet\u00e9s\u00e9nek k\u00e9pei"},"content":{"rendered":"<h1 style=\"text-align: center\">Elhunyt Varga Lajos, volt port\u00e1sunk<\/h1>\n<p style=\"text-align: center\">2004. december 21-\u00e9n, \u00e9let\u00e9nek 83. \u00e9v\u00e9ben elhunyt Varga Lajos, Int\u00e9zet\u00fcnk hossz\u00fa ideig h\u0171s\u00e9gesen szolg\u00e1l\u00f3, megbecs\u00fclt port\u00e1sa.<br \/>\nTemet\u00e9se 2005. janu\u00e1r 7-\u00e9n, p\u00e9nteken 12.00-kor lesz a Cinkotai temet\u0151ben.<\/p>\n<p style=\"text-align: center\"><a href=\"https:\/\/semmelweis.hu\/anatomia\/files\/2005\/01\/lajos-ba20050319.jpg\"><img loading=\"lazy\" decoding=\"async\" class=\"aligncenter size-full wp-image-29481\" src=\"https:\/\/semmelweis.hu\/anatomia\/files\/2005\/01\/lajos-ba20050319.jpg\" alt=\"\" width=\"250\" height=\"357\" \/><\/a><br \/>\n<a href=\"https:\/\/semmelweis.hu\/ujsag\/files\/archiv\/se200503\/20050319.html\"><span style=\"font-size: medium\">Nekrol\u00f3g a Semmelweis Egyetem \u00fajs\u00e1gban<\/span><\/a><\/p>\n<hr \/>\n<p style=\"text-align: left\">\u00a0<\/p>\n<p style=\"text-align: center\">Temet\u00e9s k\u00e9pei:<\/p>\n<p style=\"text-align: center\"><a href=\"https:\/\/semmelweis.hu\/anatomia\/files\/2015\/08\/angela1-.jpg\"><img loading=\"lazy\" decoding=\"async\" class=\"aligncenter wp-image-8927 size-full\" src=\"https:\/\/semmelweis.hu\/anatomia\/files\/2015\/08\/angela1-.jpg\" alt=\"angela1-\" width=\"600\" height=\"393\" srcset=\"https:\/\/semmelweis.hu\/anatomia\/files\/2015\/08\/angela1-.jpg 600w, https:\/\/semmelweis.hu\/anatomia\/files\/2015\/08\/angela1--300x197.jpg 300w, https:\/\/semmelweis.hu\/anatomia\/files\/2015\/08\/angela1--458x300.jpg 458w\" sizes=\"auto, (max-width: 600px) 100vw, 600px\" \/><\/a> <a href=\"https:\/\/semmelweis.hu\/anatomia\/files\/2015\/08\/csanyi2-.jpg\"><img loading=\"lazy\" decoding=\"async\" class=\"aligncenter wp-image-8928 size-full\" src=\"https:\/\/semmelweis.hu\/anatomia\/files\/2015\/08\/csanyi2-.jpg\" alt=\"csanyi2-\" width=\"600\" height=\"380\" srcset=\"https:\/\/semmelweis.hu\/anatomia\/files\/2015\/08\/csanyi2-.jpg 600w, https:\/\/semmelweis.hu\/anatomia\/files\/2015\/08\/csanyi2--300x190.jpg 300w, https:\/\/semmelweis.hu\/anatomia\/files\/2015\/08\/csanyi2--474x300.jpg 474w\" sizes=\"auto, (max-width: 600px) 100vw, 600px\" \/><\/a> <a href=\"https:\/\/semmelweis.hu\/anatomia\/files\/2015\/08\/lba3-.jpg\"><img loading=\"lazy\" decoding=\"async\" class=\"aligncenter wp-image-8929 size-full\" src=\"https:\/\/semmelweis.hu\/anatomia\/files\/2015\/08\/lba3-.jpg\" alt=\"lba3-\" width=\"600\" height=\"394\" srcset=\"https:\/\/semmelweis.hu\/anatomia\/files\/2015\/08\/lba3-.jpg 600w, https:\/\/semmelweis.hu\/anatomia\/files\/2015\/08\/lba3--300x197.jpg 300w, https:\/\/semmelweis.hu\/anatomia\/files\/2015\/08\/lba3--457x300.jpg 457w\" sizes=\"auto, (max-width: 600px) 100vw, 600px\" \/><\/a> <a href=\"https:\/\/semmelweis.hu\/anatomia\/files\/2015\/08\/lba4-.jpg\"><img loading=\"lazy\" decoding=\"async\" class=\" size-full wp-image-8930 aligncenter\" src=\"https:\/\/semmelweis.hu\/anatomia\/files\/2015\/08\/lba4-.jpg\" alt=\"lba4-\" width=\"600\" height=\"355\" srcset=\"https:\/\/semmelweis.hu\/anatomia\/files\/2015\/08\/lba4-.jpg 600w, https:\/\/semmelweis.hu\/anatomia\/files\/2015\/08\/lba4--300x178.jpg 300w, https:\/\/semmelweis.hu\/anatomia\/files\/2015\/08\/lba4--507x300.jpg 507w\" sizes=\"auto, (max-width: 600px) 100vw, 600px\" \/><\/a>(Fot\u00f3: Kiss J\u00f3zsef)<\/p>\n<p style=\"text-align: left\">\u00a0<\/p>\n<p>&nbsp;<\/p>\n<p>&nbsp;<\/p>\n<p>&nbsp;<\/p>\n","protected":false},"excerpt":{"rendered":"<p>Elhunyt Varga Lajos, volt port\u00e1sunk<br \/>\n2004. december 21-\u00e9n, \u00e9let\u00e9nek 83. \u00e9v\u00e9ben elhunyt Varga Lajos, Int\u00e9zet\u00fcnk hossz\u00fa ideig h\u0171s\u00e9gesen szolg\u00e1l\u00f3, megbecs\u00fclt port\u00e1sa.<br \/>\nTemet\u00e9se 2005. janu\u00e1r 7-\u00e9n, p\u00e9nteken 12.00-kor lesz a Cinkotai temet\u0151ben.<br \/>\n<a href=\"https:\/\/semmelweis.hu\/anatomia\/files\/2005\/01\/lajos-ba20050319.jpg\"><\/a><br \/>\n<a href=\"https:\/\/semmelweis.hu\/ujsag\/files\/archiv\/se200503\/20050319.html\">Nekrol\u00f3g a Semmelweis Egyetem \u00fajs\u00e1gban<\/a><\/p>\n<p>\u00a0<br \/>\nTemet\u00e9s k\u00e9pei:<br \/>\n<a href=\"https:\/\/semmelweis.hu\/anatomia\/files\/2015\/08\/angela1-.jpg\"><\/a> <a href=\"https:\/\/semmelweis.hu\/anatomia\/files\/2015\/08\/csanyi2-.jpg\"><\/a> <a href=\"https:\/\/semmelweis.hu\/anatomia\/files\/2015\/08\/lba3-.jpg\"><\/a> <a href=\"https:\/\/semmelweis.hu\/anatomia\/files\/2015\/08\/lba4-.jpg\"><\/a>(Fot\u00f3: Kiss J\u00f3zsef)<br \/>\n\u00a0<br \/>\n&nbsp;<br \/>\n&nbsp;<br \/>\n&nbsp;<\/p>\n","protected":false},"author":352,"featured_media":8926,"comment_status":"closed","ping_status":"closed","sticky":false,"template":"","format":"standard","meta":{"_acf_changed":false,"footnotes":""},"categories":[193,20],"tags":[],"class_list":["post-8925","post","type-post","status-publish","format-standard","has-post-thumbnail","hentry","category-gyaszjelentes","category-intezeti-hirek"],"acf":[],"_links":{"self":[{"href":"https:\/\/semmelweis.hu\/anatomia\/wp-json\/wp\/v2\/posts\/8925","targetHints":{"allow":["GET"]}}],"collection":[{"href":"https:\/\/semmelweis.hu\/anatomia\/wp-json\/wp\/v2\/posts"}],"about":[{"href":"https:\/\/semmelweis.hu\/anatomia\/wp-json\/wp\/v2\/types\/post"}],"author":[{"embeddable":true,"href":"https:\/\/semmelweis.hu\/anatomia\/wp-json\/wp\/v2\/users\/352"}],"replies":[{"embeddable":true,"href":"https:\/\/semmelweis.hu\/anatomia\/wp-json\/wp\/v2\/comments?post=8925"}],"version-history":[{"count":2,"href":"https:\/\/semmelweis.hu\/anatomia\/wp-json\/wp\/v2\/posts\/8925\/revisions"}],"predecessor-version":[{"id":29482,"href":"https:\/\/semmelweis.hu\/anatomia\/wp-json\/wp\/v2\/posts\/8925\/revisions\/29482"}],"wp:featuredmedia":[{"embeddable":true,"href":"https:\/\/semmelweis.hu\/anatomia\/wp-json\/wp\/v2\/media\/8926"}],"wp:attachment":[{"href":"https:\/\/semmelweis.hu\/anatomia\/wp-json\/wp\/v2\/media?parent=8925"}],"wp:term":[{"taxonomy":"category","embeddable":true,"href":"https:\/\/semmelweis.hu\/anatomia\/wp-json\/wp\/v2\/categories?post=8925"},{"taxonomy":"post_tag","embeddable":true,"href":"https:\/\/semmelweis.hu\/anatomia\/wp-json\/wp\/v2\/tags?post=8925"}],"curies":[{"name":"wp","href":"https:\/\/api.w.org\/{rel}","templated":true}]}}