{"id":8921,"date":"2005-01-25T10:17:00","date_gmt":"2005-01-25T09:17:00","guid":{"rendered":"http:\/\/semmelweis.hu\/anatomia\/?p=8921"},"modified":"2015-08-05T12:23:59","modified_gmt":"2015-08-05T10:23:59","slug":"dr-tombol-terez-semmelweis-ignac-emlekplakettet-kapott","status":"publish","type":"post","link":"https:\/\/semmelweis.hu\/anatomia\/2005\/01\/25\/dr-tombol-terez-semmelweis-ignac-emlekplakettet-kapott\/","title":{"rendered":"Dr. T\u00f6mb\u00f6l Ter\u00e9z Semmelweis Ign\u00e1c Eml\u00e9kplakettet kapott"},"content":{"rendered":"<p><strong> <a href=\"https:\/\/semmelweis.hu\/anatomia\/munkatarsak-elerhetosegei\/dr-tombol-terez-professzor-emeritus\/\">Dr. T\u00f6mb\u00f6l Ter\u00e9z<\/a><\/strong> Emeritus Professor 2005. janu\u00e1r 1-\u00e9n \u00fcnnepelte 80. sz\u00fclet\u00e9snapj\u00e1t. Ez alkalomb\u00f3l <strong>Semmelweis Ign\u00e1c Eml\u00e9kplakett<\/strong>et \u00e9s aj\u00e1nd\u00e9kokat ny\u00fajtott \u00e1t neki az Int\u00e9zet jelenlegi vezet\u0151je, <strong>dr. Csillag Andr\u00e1s<\/strong> egyetemi tan\u00e1r.<\/p>\n<p><a href=\"https:\/\/semmelweis.hu\/anatomia\/files\/2015\/08\/tombol80-.jpg\"><img loading=\"lazy\" decoding=\"async\" class=\"aligncenter wp-image-8922\" src=\"https:\/\/semmelweis.hu\/anatomia\/files\/2015\/08\/tombol80-.jpg\" alt=\"tombol80-\" width=\"640\" height=\"434\" srcset=\"https:\/\/semmelweis.hu\/anatomia\/files\/2015\/08\/tombol80-.jpg 700w, https:\/\/semmelweis.hu\/anatomia\/files\/2015\/08\/tombol80--300x204.jpg 300w, https:\/\/semmelweis.hu\/anatomia\/files\/2015\/08\/tombol80--442x300.jpg 442w, https:\/\/semmelweis.hu\/anatomia\/files\/2015\/08\/tombol80--175x120.jpg 175w\" sizes=\"auto, (max-width: 640px) 100vw, 640px\" \/><\/a><\/p>\n<p>&nbsp;<\/p>\n","protected":false},"excerpt":{"rendered":"<p> <a href=\"https:\/\/semmelweis.hu\/anatomia\/munkatarsak-elerhetosegei\/dr-tombol-terez-professzor-emeritus\/\">Dr. T\u00f6mb\u00f6l Ter\u00e9z<\/a> Emeritus Professor 2005. janu\u00e1r 1-\u00e9n \u00fcnnepelte 80. sz\u00fclet\u00e9snapj\u00e1t. Ez alkalomb\u00f3l Semmelweis Ign\u00e1c Eml\u00e9kplakettet \u00e9s aj\u00e1nd\u00e9kokat ny\u00fajtott \u00e1t neki az Int\u00e9zet jelenlegi vezet\u0151je, dr. Csillag Andr\u00e1s egyetemi tan\u00e1r.<br \/>\n<a href=\"https:\/\/semmelweis.hu\/anatomia\/files\/2015\/08\/tombol80-.jpg\"><\/a><br \/>\n&nbsp;<\/p>\n","protected":false},"author":352,"featured_media":8922,"comment_status":"closed","ping_status":"closed","sticky":false,"template":"","format":"standard","meta":{"_acf_changed":false,"footnotes":""},"categories":[20,208],"tags":[],"class_list":["post-8921","post","type-post","status-publish","format-standard","has-post-thumbnail","hentry","category-intezeti-hirek","category-kituntetes"],"acf":[],"_links":{"self":[{"href":"https:\/\/semmelweis.hu\/anatomia\/wp-json\/wp\/v2\/posts\/8921","targetHints":{"allow":["GET"]}}],"collection":[{"href":"https:\/\/semmelweis.hu\/anatomia\/wp-json\/wp\/v2\/posts"}],"about":[{"href":"https:\/\/semmelweis.hu\/anatomia\/wp-json\/wp\/v2\/types\/post"}],"author":[{"embeddable":true,"href":"https:\/\/semmelweis.hu\/anatomia\/wp-json\/wp\/v2\/users\/352"}],"replies":[{"embeddable":true,"href":"https:\/\/semmelweis.hu\/anatomia\/wp-json\/wp\/v2\/comments?post=8921"}],"version-history":[{"count":2,"href":"https:\/\/semmelweis.hu\/anatomia\/wp-json\/wp\/v2\/posts\/8921\/revisions"}],"predecessor-version":[{"id":8924,"href":"https:\/\/semmelweis.hu\/anatomia\/wp-json\/wp\/v2\/posts\/8921\/revisions\/8924"}],"wp:featuredmedia":[{"embeddable":true,"href":"https:\/\/semmelweis.hu\/anatomia\/wp-json\/wp\/v2\/media\/8922"}],"wp:attachment":[{"href":"https:\/\/semmelweis.hu\/anatomia\/wp-json\/wp\/v2\/media?parent=8921"}],"wp:term":[{"taxonomy":"category","embeddable":true,"href":"https:\/\/semmelweis.hu\/anatomia\/wp-json\/wp\/v2\/categories?post=8921"},{"taxonomy":"post_tag","embeddable":true,"href":"https:\/\/semmelweis.hu\/anatomia\/wp-json\/wp\/v2\/tags?post=8921"}],"curies":[{"name":"wp","href":"https:\/\/api.w.org\/{rel}","templated":true}]}}