{"id":8896,"date":"2005-04-23T09:49:26","date_gmt":"2005-04-23T07:49:26","guid":{"rendered":"http:\/\/semmelweis.hu\/anatomia\/?p=8896"},"modified":"2019-09-06T13:56:38","modified_gmt":"2019-09-06T11:56:38","slug":"lezajlott-a-verseny-1-forduloja-kepek","status":"publish","type":"post","link":"https:\/\/semmelweis.hu\/anatomia\/2005\/04\/23\/lezajlott-a-verseny-1-forduloja-kepek\/","title":{"rendered":"Lezajlott a verseny 1. fordul\u00f3ja &#8211; k\u00e9pek"},"content":{"rendered":"<p style=\"text-align: center\" align=\"justify\"><span style=\"font-family: Verdana;font-size: small\">2005. \u00e1prilis 22-\u00e9n zajlott a tanulm\u00e1nyi verseny els\u0151 fordul\u00f3ja az \u00c1OK \u00e9s az idegen nyelv\u0171 \u00e9vfolyamok sz\u00e1m\u00e1ra. \u00c1OK I. \u00e9ven 45 f\u0151, II. \u00e9ven 51 f\u0151 tette pr\u00f3b\u00e1ra tud\u00e1s\u00e1t. A dolgozatok eredm\u00e9ny\u00e9t 1-2 munkanapon bel\u00fcl kihirdetj\u00fck, a legjobbak a p\u00e9ntek d\u00e9lut\u00e1n tartand\u00f3 m\u00e1sodik fordul\u00f3ra k\u00e9sz\u00fclhetnek.<\/span><\/p>\n<p align=\"justify\"><a href=\"https:\/\/semmelweis.hu\/anatomia\/files\/2015\/08\/v8.jpg\"><img loading=\"lazy\" decoding=\"async\" class=\"aligncenter wp-image-8897\" src=\"https:\/\/semmelweis.hu\/anatomia\/files\/2015\/08\/v8.jpg\" alt=\"v8\" width=\"640\" height=\"466\" srcset=\"https:\/\/semmelweis.hu\/anatomia\/files\/2015\/08\/v8.jpg 700w, https:\/\/semmelweis.hu\/anatomia\/files\/2015\/08\/v8-300x219.jpg 300w, https:\/\/semmelweis.hu\/anatomia\/files\/2015\/08\/v8-412x300.jpg 412w\" sizes=\"auto, (max-width: 640px) 100vw, 640px\" \/><\/a> <a href=\"https:\/\/semmelweis.hu\/anatomia\/files\/2015\/08\/v3.jpg\"><img loading=\"lazy\" decoding=\"async\" class=\"aligncenter wp-image-8898\" src=\"https:\/\/semmelweis.hu\/anatomia\/files\/2015\/08\/v3.jpg\" alt=\"v3\" width=\"640\" height=\"396\" srcset=\"https:\/\/semmelweis.hu\/anatomia\/files\/2015\/08\/v3.jpg 700w, https:\/\/semmelweis.hu\/anatomia\/files\/2015\/08\/v3-300x186.jpg 300w, https:\/\/semmelweis.hu\/anatomia\/files\/2015\/08\/v3-485x300.jpg 485w\" sizes=\"auto, (max-width: 640px) 100vw, 640px\" \/><\/a> <a href=\"https:\/\/semmelweis.hu\/anatomia\/files\/2015\/08\/v5.jpg\"><img loading=\"lazy\" decoding=\"async\" class=\"aligncenter wp-image-8899\" src=\"https:\/\/semmelweis.hu\/anatomia\/files\/2015\/08\/v5.jpg\" alt=\"v5\" width=\"640\" height=\"480\" srcset=\"https:\/\/semmelweis.hu\/anatomia\/files\/2015\/08\/v5.jpg 700w, https:\/\/semmelweis.hu\/anatomia\/files\/2015\/08\/v5-300x225.jpg 300w, https:\/\/semmelweis.hu\/anatomia\/files\/2015\/08\/v5-400x300.jpg 400w\" sizes=\"auto, (max-width: 640px) 100vw, 640px\" \/><\/a> <a href=\"https:\/\/semmelweis.hu\/anatomia\/files\/2015\/08\/v6.jpg\"><img loading=\"lazy\" decoding=\"async\" class=\"aligncenter wp-image-8900\" src=\"https:\/\/semmelweis.hu\/anatomia\/files\/2015\/08\/v6.jpg\" alt=\"v6\" width=\"640\" height=\"480\" srcset=\"https:\/\/semmelweis.hu\/anatomia\/files\/2015\/08\/v6.jpg 700w, https:\/\/semmelweis.hu\/anatomia\/files\/2015\/08\/v6-300x225.jpg 300w, https:\/\/semmelweis.hu\/anatomia\/files\/2015\/08\/v6-400x300.jpg 400w\" sizes=\"auto, (max-width: 640px) 100vw, 640px\" \/><\/a><\/p>\n<p align=\"justify\">\u00a0<\/p>\n","protected":false},"excerpt":{"rendered":"<p>2005. \u00e1prilis 22-\u00e9n zajlott a tanulm\u00e1nyi verseny els\u0151 fordul\u00f3ja az \u00c1OK \u00e9s az idegen nyelv\u0171 \u00e9vfolyamok sz\u00e1m\u00e1ra. \u00c1OK I. \u00e9ven 45 f\u0151, II. \u00e9ven 51 f\u0151 tette pr\u00f3b\u00e1ra tud\u00e1s\u00e1t. A dolgozatok eredm\u00e9ny\u00e9t 1-2 munkanapon bel\u00fcl kihirdetj\u00fck, a legjobbak a p\u00e9ntek d\u00e9lut\u00e1n tartand\u00f3 m\u00e1sodik fordul\u00f3ra k\u00e9sz\u00fclhetnek.<br \/>\n<a href=\"https:\/\/semmelweis.hu\/anatomia\/files\/2015\/08\/v8.jpg\"><\/a> <a href=\"https:\/\/semmelweis.hu\/anatomia\/files\/2015\/08\/v3.jpg\"><\/a> <a href=\"https:\/\/semmelweis.hu\/anatomia\/files\/2015\/08\/v5.jpg\"><\/a> <a href=\"https:\/\/semmelweis.hu\/anatomia\/files\/2015\/08\/v6.jpg\"><\/a><br \/>\n\u00a0<\/p>\n","protected":false},"author":352,"featured_media":8900,"comment_status":"closed","ping_status":"closed","sticky":false,"template":"","format":"standard","meta":{"_acf_changed":false,"footnotes":""},"categories":[584,218,20,206,595],"tags":[],"class_list":["post-8896","post","type-post","status-publish","format-standard","has-post-thumbnail","hentry","category-hallgatoi-elet-kepek","category-hallgatok","category-intezeti-hirek","category-oktatas","category-tanulmanyi-verseny"],"acf":[],"_links":{"self":[{"href":"https:\/\/semmelweis.hu\/anatomia\/wp-json\/wp\/v2\/posts\/8896","targetHints":{"allow":["GET"]}}],"collection":[{"href":"https:\/\/semmelweis.hu\/anatomia\/wp-json\/wp\/v2\/posts"}],"about":[{"href":"https:\/\/semmelweis.hu\/anatomia\/wp-json\/wp\/v2\/types\/post"}],"author":[{"embeddable":true,"href":"https:\/\/semmelweis.hu\/anatomia\/wp-json\/wp\/v2\/users\/352"}],"replies":[{"embeddable":true,"href":"https:\/\/semmelweis.hu\/anatomia\/wp-json\/wp\/v2\/comments?post=8896"}],"version-history":[{"count":2,"href":"https:\/\/semmelweis.hu\/anatomia\/wp-json\/wp\/v2\/posts\/8896\/revisions"}],"predecessor-version":[{"id":23805,"href":"https:\/\/semmelweis.hu\/anatomia\/wp-json\/wp\/v2\/posts\/8896\/revisions\/23805"}],"wp:featuredmedia":[{"embeddable":true,"href":"https:\/\/semmelweis.hu\/anatomia\/wp-json\/wp\/v2\/media\/8900"}],"wp:attachment":[{"href":"https:\/\/semmelweis.hu\/anatomia\/wp-json\/wp\/v2\/media?parent=8896"}],"wp:term":[{"taxonomy":"category","embeddable":true,"href":"https:\/\/semmelweis.hu\/anatomia\/wp-json\/wp\/v2\/categories?post=8896"},{"taxonomy":"post_tag","embeddable":true,"href":"https:\/\/semmelweis.hu\/anatomia\/wp-json\/wp\/v2\/tags?post=8896"}],"curies":[{"name":"wp","href":"https:\/\/api.w.org\/{rel}","templated":true}]}}