{"id":8677,"date":"2006-08-31T10:59:17","date_gmt":"2006-08-31T08:59:17","guid":{"rendered":"http:\/\/semmelweis.hu\/anatomia\/?p=8677"},"modified":"2015-08-06T13:14:14","modified_gmt":"2015-08-06T11:14:14","slug":"a-tanevkezdes-idejen-tortent","status":"publish","type":"post","link":"https:\/\/semmelweis.hu\/anatomia\/2006\/08\/31\/a-tanevkezdes-idejen-tortent\/","title":{"rendered":"A tan\u00e9vkezd\u00e9s idej\u00e9n t\u00f6rt\u00e9nt"},"content":{"rendered":"<p style=\"text-align: center\">A 2005\/2006. tan\u00e9v kezdet\u00e9n t\u00f6rt\u00e9nt esem\u00e9nyek r\u00f6vid k\u00e9pes \u00f6sszefoglal\u00f3ja<i><br \/> (Fot\u00f3: Kiss J\u00f3zsef, Altdorfer K\u00e1roly)<\/i><\/p>\n<hr \/>\n<p>&nbsp;<\/p>\n<p style=\"text-align: center\">Cs\u0151t\u00f6r\u00e9s a kapu el\u0151tt (aug. 31.):<\/p>\n<p style=\"text-align: center\"><a href=\"https:\/\/semmelweis.hu\/anatomia\/files\/2015\/08\/csotores-.jpg\"><img loading=\"lazy\" decoding=\"async\" class=\"aligncenter wp-image-8678\" src=\"https:\/\/semmelweis.hu\/anatomia\/files\/2015\/08\/csotores-.jpg\" alt=\"csotores-\" width=\"640\" height=\"480\" srcset=\"https:\/\/semmelweis.hu\/anatomia\/files\/2015\/08\/csotores-.jpg 800w, https:\/\/semmelweis.hu\/anatomia\/files\/2015\/08\/csotores--300x225.jpg 300w, https:\/\/semmelweis.hu\/anatomia\/files\/2015\/08\/csotores--400x300.jpg 400w\" sizes=\"auto, (max-width: 640px) 100vw, 640px\" \/><\/a> <a href=\"https:\/\/semmelweis.hu\/anatomia\/files\/2015\/08\/p8310032.jpg\"><img loading=\"lazy\" decoding=\"async\" class=\"aligncenter wp-image-8679 size-large\" src=\"https:\/\/semmelweis.hu\/anatomia\/files\/2015\/08\/p8310032-768x1024.jpg\" alt=\"p8310032\" width=\"640\" height=\"853\" srcset=\"https:\/\/semmelweis.hu\/anatomia\/files\/2015\/08\/p8310032-768x1024.jpg 768w, https:\/\/semmelweis.hu\/anatomia\/files\/2015\/08\/p8310032-225x300.jpg 225w, https:\/\/semmelweis.hu\/anatomia\/files\/2015\/08\/p8310032.jpg 800w\" sizes=\"auto, (max-width: 640px) 100vw, 640px\" \/><\/a><\/p>\n<p style=\"text-align: center\">A ruhat\u00e1r szekr\u00e9nyein felejtett lakatok sorsa: lev\u00e1g\u00e1s<\/p>\n<p style=\"text-align: center\"><a href=\"https:\/\/semmelweis.hu\/anatomia\/files\/2015\/08\/dsc01101.jpg\"><img loading=\"lazy\" decoding=\"async\" class=\"aligncenter wp-image-8680\" src=\"https:\/\/semmelweis.hu\/anatomia\/files\/2015\/08\/dsc01101.jpg\" alt=\"dsc01101\" width=\"640\" height=\"480\" srcset=\"https:\/\/semmelweis.hu\/anatomia\/files\/2015\/08\/dsc01101.jpg 800w, https:\/\/semmelweis.hu\/anatomia\/files\/2015\/08\/dsc01101-300x225.jpg 300w, https:\/\/semmelweis.hu\/anatomia\/files\/2015\/08\/dsc01101-400x300.jpg 400w\" sizes=\"auto, (max-width: 640px) 100vw, 640px\" \/><\/a>Az els\u0151\u00e9vesek t\u00e1j\u00e9koz\u00f3d\u00e1s\u00e1t feliratok seg\u00edtett\u00e9k:<\/p>\n<p style=\"text-align: center\"><a href=\"https:\/\/semmelweis.hu\/anatomia\/files\/2015\/08\/dsc01108.jpg\"><img loading=\"lazy\" decoding=\"async\" class=\"aligncenter wp-image-8681\" src=\"https:\/\/semmelweis.hu\/anatomia\/files\/2015\/08\/dsc01108.jpg\" alt=\"dsc01108\" width=\"640\" height=\"480\" srcset=\"https:\/\/semmelweis.hu\/anatomia\/files\/2015\/08\/dsc01108.jpg 800w, https:\/\/semmelweis.hu\/anatomia\/files\/2015\/08\/dsc01108-300x225.jpg 300w, https:\/\/semmelweis.hu\/anatomia\/files\/2015\/08\/dsc01108-400x300.jpg 400w\" sizes=\"auto, (max-width: 640px) 100vw, 640px\" \/><\/a> <a href=\"https:\/\/semmelweis.hu\/anatomia\/files\/2015\/08\/dsc01105.jpg\"><img loading=\"lazy\" decoding=\"async\" class=\"aligncenter wp-image-8682\" src=\"https:\/\/semmelweis.hu\/anatomia\/files\/2015\/08\/dsc01105.jpg\" alt=\"dsc01105\" width=\"640\" height=\"480\" srcset=\"https:\/\/semmelweis.hu\/anatomia\/files\/2015\/08\/dsc01105.jpg 800w, https:\/\/semmelweis.hu\/anatomia\/files\/2015\/08\/dsc01105-300x225.jpg 300w, https:\/\/semmelweis.hu\/anatomia\/files\/2015\/08\/dsc01105-400x300.jpg 400w\" sizes=\"auto, (max-width: 640px) 100vw, 640px\" \/><\/a>A kerti f\u00e1ink gallyaz\u00e1sa (szept. 16.):<\/p>\n<p style=\"text-align: center\"><a href=\"https:\/\/semmelweis.hu\/anatomia\/files\/2015\/08\/dsc01157.jpg\"><img loading=\"lazy\" decoding=\"async\" class=\"aligncenter wp-image-8683 size-large\" src=\"https:\/\/semmelweis.hu\/anatomia\/files\/2015\/08\/dsc01157-768x1024.jpg\" alt=\"dsc01157\" width=\"640\" height=\"853\" srcset=\"https:\/\/semmelweis.hu\/anatomia\/files\/2015\/08\/dsc01157-768x1024.jpg 768w, https:\/\/semmelweis.hu\/anatomia\/files\/2015\/08\/dsc01157-225x300.jpg 225w, https:\/\/semmelweis.hu\/anatomia\/files\/2015\/08\/dsc01157.jpg 800w\" sizes=\"auto, (max-width: 640px) 100vw, 640px\" \/><\/a> <a href=\"https:\/\/semmelweis.hu\/anatomia\/files\/2015\/08\/dsc01152.jpg\"><img loading=\"lazy\" decoding=\"async\" class=\"aligncenter wp-image-8684\" src=\"https:\/\/semmelweis.hu\/anatomia\/files\/2015\/08\/dsc01152.jpg\" alt=\"dsc01152\" width=\"640\" height=\"480\" srcset=\"https:\/\/semmelweis.hu\/anatomia\/files\/2015\/08\/dsc01152.jpg 800w, https:\/\/semmelweis.hu\/anatomia\/files\/2015\/08\/dsc01152-300x225.jpg 300w, https:\/\/semmelweis.hu\/anatomia\/files\/2015\/08\/dsc01152-400x300.jpg 400w\" sizes=\"auto, (max-width: 640px) 100vw, 640px\" \/><\/a>A k\u00f6nyvt\u00e1r fel\u00faj\u00edt\u00e1sa:<\/p>\n<p><a href=\"https:\/\/semmelweis.hu\/anatomia\/files\/2015\/08\/p8310038.jpg\"><img loading=\"lazy\" decoding=\"async\" class=\"aligncenter wp-image-8685\" src=\"https:\/\/semmelweis.hu\/anatomia\/files\/2015\/08\/p8310038.jpg\" alt=\"p8310038\" width=\"640\" height=\"480\" srcset=\"https:\/\/semmelweis.hu\/anatomia\/files\/2015\/08\/p8310038.jpg 800w, https:\/\/semmelweis.hu\/anatomia\/files\/2015\/08\/p8310038-300x225.jpg 300w, https:\/\/semmelweis.hu\/anatomia\/files\/2015\/08\/p8310038-400x300.jpg 400w\" sizes=\"auto, (max-width: 640px) 100vw, 640px\" \/><\/a> <a href=\"https:\/\/semmelweis.hu\/anatomia\/files\/2015\/08\/p8310034.jpg\"><img loading=\"lazy\" decoding=\"async\" class=\"aligncenter wp-image-8686\" src=\"https:\/\/semmelweis.hu\/anatomia\/files\/2015\/08\/p8310034.jpg\" alt=\"p8310034\" width=\"640\" height=\"480\" srcset=\"https:\/\/semmelweis.hu\/anatomia\/files\/2015\/08\/p8310034.jpg 800w, https:\/\/semmelweis.hu\/anatomia\/files\/2015\/08\/p8310034-300x225.jpg 300w, https:\/\/semmelweis.hu\/anatomia\/files\/2015\/08\/p8310034-400x300.jpg 400w\" sizes=\"auto, (max-width: 640px) 100vw, 640px\" \/><\/a><\/p>\n<p>&nbsp;<\/p>\n<p>&nbsp;<\/p>\n<p>&nbsp;<\/p>\n","protected":false},"excerpt":{"rendered":"<p>A 2005\/2006. tan\u00e9v kezdet\u00e9n t\u00f6rt\u00e9nt esem\u00e9nyek r\u00f6vid k\u00e9pes \u00f6sszefoglal\u00f3ja (Fot\u00f3: Kiss J\u00f3zsef, Altdorfer K\u00e1roly)<\/p>\n<p>&nbsp;<br \/>\nCs\u0151t\u00f6r\u00e9s a kapu el\u0151tt (aug. 31.):<br \/>\n<a href=\"https:\/\/semmelweis.hu\/anatomia\/files\/2015\/08\/csotores-.jpg\"><\/a> <a href=\"https:\/\/semmelweis.hu\/anatomia\/files\/2015\/08\/p8310032.jpg\"><\/a><br \/>\nA ruhat\u00e1r szekr\u00e9nyein felejtett lakatok sorsa: lev\u00e1g\u00e1s<br \/>\n<a href=\"https:\/\/semmelweis.hu\/anatomia\/files\/2015\/08\/dsc01101.jpg\"><\/a>Az els\u0151\u00e9vesek t\u00e1j\u00e9koz\u00f3d\u00e1s\u00e1t feliratok seg\u00edtett\u00e9k:<br \/>\n<a href=\"https:\/\/semmelweis.hu\/anatomia\/files\/2015\/08\/dsc01108.jpg\"><\/a> <a href=\"https:\/\/semmelweis.hu\/anatomia\/files\/2015\/08\/dsc01105.jpg\"><\/a>A kerti f\u00e1ink gallyaz\u00e1sa (szept. 16.):<br \/>\n<a href=\"https:\/\/semmelweis.hu\/anatomia\/files\/2015\/08\/dsc01157.jpg\"><\/a> <a href=\"https:\/\/semmelweis.hu\/anatomia\/files\/2015\/08\/dsc01152.jpg\"><\/a>A k\u00f6nyvt\u00e1r fel\u00faj\u00edt\u00e1sa:<br \/>\n<a href=\"https:\/\/semmelweis.hu\/anatomia\/files\/2015\/08\/p8310038.jpg\"><\/a> <a href=\"https:\/\/semmelweis.hu\/anatomia\/files\/2015\/08\/p8310034.jpg\"><\/a><br \/>\n&nbsp;<br \/>\n&nbsp;<br \/>\n&nbsp;<\/p>\n","protected":false},"author":352,"featured_media":8436,"comment_status":"closed","ping_status":"closed","sticky":false,"template":"","format":"standard","meta":{"_acf_changed":false,"footnotes":""},"categories":[20],"tags":[],"class_list":["post-8677","post","type-post","status-publish","format-standard","has-post-thumbnail","hentry","category-intezeti-hirek"],"acf":[],"_links":{"self":[{"href":"https:\/\/semmelweis.hu\/anatomia\/wp-json\/wp\/v2\/posts\/8677","targetHints":{"allow":["GET"]}}],"collection":[{"href":"https:\/\/semmelweis.hu\/anatomia\/wp-json\/wp\/v2\/posts"}],"about":[{"href":"https:\/\/semmelweis.hu\/anatomia\/wp-json\/wp\/v2\/types\/post"}],"author":[{"embeddable":true,"href":"https:\/\/semmelweis.hu\/anatomia\/wp-json\/wp\/v2\/users\/352"}],"replies":[{"embeddable":true,"href":"https:\/\/semmelweis.hu\/anatomia\/wp-json\/wp\/v2\/comments?post=8677"}],"version-history":[{"count":2,"href":"https:\/\/semmelweis.hu\/anatomia\/wp-json\/wp\/v2\/posts\/8677\/revisions"}],"predecessor-version":[{"id":9155,"href":"https:\/\/semmelweis.hu\/anatomia\/wp-json\/wp\/v2\/posts\/8677\/revisions\/9155"}],"wp:featuredmedia":[{"embeddable":true,"href":"https:\/\/semmelweis.hu\/anatomia\/wp-json\/wp\/v2\/media\/8436"}],"wp:attachment":[{"href":"https:\/\/semmelweis.hu\/anatomia\/wp-json\/wp\/v2\/media?parent=8677"}],"wp:term":[{"taxonomy":"category","embeddable":true,"href":"https:\/\/semmelweis.hu\/anatomia\/wp-json\/wp\/v2\/categories?post=8677"},{"taxonomy":"post_tag","embeddable":true,"href":"https:\/\/semmelweis.hu\/anatomia\/wp-json\/wp\/v2\/tags?post=8677"}],"curies":[{"name":"wp","href":"https:\/\/api.w.org\/{rel}","templated":true}]}}