{"id":8609,"date":"2006-03-28T12:25:30","date_gmt":"2006-03-28T10:25:30","guid":{"rendered":"http:\/\/semmelweis.hu\/anatomia\/?p=8609"},"modified":"2015-08-02T14:41:15","modified_gmt":"2015-08-02T12:41:15","slug":"szimpozium-korabbi-munkatarsunk-dr-fodor-mariann-emlekere","status":"publish","type":"post","link":"https:\/\/semmelweis.hu\/anatomia\/2006\/03\/28\/szimpozium-korabbi-munkatarsunk-dr-fodor-mariann-emlekere\/","title":{"rendered":"Szimpozium kor\u00e1bbi munkat\u00e1rsunk, Dr. Fodor Mariann eml\u00e9k\u00e9re"},"content":{"rendered":"<p style=\"text-align: center\"><strong>Dr. Fodor Mariann <br \/> <\/strong>(1959. nov. 14. &#8211; 2005. nov. 15.)<\/p>\n<p><a href=\"https:\/\/semmelweis.hu\/anatomia\/files\/2015\/07\/fodorm2004dec.jpg\"><img loading=\"lazy\" decoding=\"async\" class=\"aligncenter wp-image-8610\" src=\"https:\/\/semmelweis.hu\/anatomia\/files\/2015\/07\/fodorm2004dec.jpg\" alt=\"fodorm2004dec\" width=\"640\" height=\"978\" srcset=\"https:\/\/semmelweis.hu\/anatomia\/files\/2015\/07\/fodorm2004dec.jpg 800w, https:\/\/semmelweis.hu\/anatomia\/files\/2015\/07\/fodorm2004dec-196x300.jpg 196w, https:\/\/semmelweis.hu\/anatomia\/files\/2015\/07\/fodorm2004dec-670x1024.jpg 670w\" sizes=\"auto, (max-width: 640px) 100vw, 640px\" \/><\/a><\/p>\n<hr \/>\n<p>&nbsp;<\/p>\n<p><a href=\"https:\/\/semmelweis.hu\/anatomia\/files\/2015\/07\/P4210243.jpg\"><img loading=\"lazy\" decoding=\"async\" class=\"aligncenter wp-image-8611\" src=\"https:\/\/semmelweis.hu\/anatomia\/files\/2015\/07\/P4210243.jpg\" alt=\"P4210243\" width=\"640\" height=\"480\" srcset=\"https:\/\/semmelweis.hu\/anatomia\/files\/2015\/07\/P4210243.jpg 700w, https:\/\/semmelweis.hu\/anatomia\/files\/2015\/07\/P4210243-300x225.jpg 300w, https:\/\/semmelweis.hu\/anatomia\/files\/2015\/07\/P4210243-400x300.jpg 400w\" sizes=\"auto, (max-width: 640px) 100vw, 640px\" \/><\/a><\/p>\n<ol start=\"2006\">\n<li><strong> \u00e1prilis 21. 14.00-17.00\u00a0\u00a0\u00a0\u00a0\u00a0\u00a0\u00a0\u00a0\u00a0\u00a0\u00a0\u00a0\u00a0\u00a0\u00a0\u00a0\u00a0\u00a0\u00a0\u00a0\u00a0\u00a0\u00a0\u00a0\u00a0\u00a0 <\/strong> April 21, 2006 14:00-17:00<\/li>\n<\/ol>\n<p><strong>\u00a0<\/strong><\/p>\n<p><strong>Magyar<\/strong><strong> Tudom\u00e1nyos Akad\u00e9mia\u00a0\u00a0\u00a0\u00a0\u00a0\u00a0\u00a0\u00a0\u00a0\u00a0\u00a0\u00a0\u00a0\u00a0\u00a0\u00a0\u00a0\u00a0 <\/strong> Hungarian Academy of Sciences<\/p>\n<ol>\n<li>emeletFelolvas\u00f3terem<\/li>\n<\/ol>\n<p>&nbsp;<\/p>\n<p>\u00a0<strong>Program<\/strong>\u00a0\u00a0<\/p>\n<ul>\n<li>Palkovits M (Hungary): Introduction<\/li>\n<li>Gooren L (The Netherlands): Sex hormones and the brain. Mariann remembered<\/li>\n<li>Diamant JJ (The Netherlands): Sharing memories<\/li>\n<li>Fodor M, Palkovits M, Gallatz K (Hungary and The Netherlands): Fine structure of the area subpostrema in rats: open gate for the medullary autonomic centers<\/li>\n<li>Diamant M (The Netherlands): Diabetic cardiomyopathy &#8211; The Sweet Heart Matters<\/li>\n<li>Donath T (Hungary): Sharing memories<\/li>\n<li>Epelbaum J (France): The ghrelin system: a new link between the hypothalamic control of body growth and energy metabolism<\/li>\n<li>Kiss A (Slovakia): Sharing memories<\/li>\n<li>Fodor M, B\u00e9rod A, Rostene W, Palkovits M (Hungary and France): VIP\/PHI pathways in the brainstem of rats<\/li>\n<li>Csaba Zs (Hungary): Sharing memories<\/li>\n<li>Dournaud P (France): Trafficking of the somatostatin receptor type 2 in central neurons: physiopathological consequences<\/li>\n<li>Bahner U, Fodor M, Geiger, H, Heidland A, Palkovits M (Germany and Hungary): Neurotransmitter and neuropeptides in the baroreceptor reflex arc<\/li>\n<li>Brandon P (The Netherlands): Sharing memories<\/li>\n<li>Kiss JZ (Switzerland\/Hungary): Integration of newly generated neurons in the postnatal brain<\/li>\n<li>Mezey E (Hungary\/USA): Mariann&#8217;s life in pictures\u00a0<\/li>\n<\/ul>\n<p><a href=\"https:\/\/semmelweis.hu\/anatomia\/files\/2015\/07\/fodorm2.jpg\"><img loading=\"lazy\" decoding=\"async\" class=\"aligncenter wp-image-8612 size-full\" src=\"https:\/\/semmelweis.hu\/anatomia\/files\/2015\/07\/fodorm2.jpg\" alt=\"fodorm2\" width=\"590\" height=\"581\" srcset=\"https:\/\/semmelweis.hu\/anatomia\/files\/2015\/07\/fodorm2.jpg 590w, https:\/\/semmelweis.hu\/anatomia\/files\/2015\/07\/fodorm2-300x295.jpg 300w, https:\/\/semmelweis.hu\/anatomia\/files\/2015\/07\/fodorm2-305x300.jpg 305w, https:\/\/semmelweis.hu\/anatomia\/files\/2015\/07\/fodorm2-90x90.jpg 90w\" sizes=\"auto, (max-width: 590px) 100vw, 590px\" \/><\/a> <a href=\"https:\/\/semmelweis.hu\/anatomia\/files\/2015\/07\/fodorm1.jpg\"><img loading=\"lazy\" decoding=\"async\" class=\"aligncenter wp-image-8613\" src=\"https:\/\/semmelweis.hu\/anatomia\/files\/2015\/07\/fodorm1.jpg\" alt=\"fodorm1\" width=\"640\" height=\"455\" srcset=\"https:\/\/semmelweis.hu\/anatomia\/files\/2015\/07\/fodorm1.jpg 800w, https:\/\/semmelweis.hu\/anatomia\/files\/2015\/07\/fodorm1-300x213.jpg 300w, https:\/\/semmelweis.hu\/anatomia\/files\/2015\/07\/fodorm1-422x300.jpg 422w\" sizes=\"auto, (max-width: 640px) 100vw, 640px\" \/><\/a><\/p>\n<p>&nbsp;<\/p>\n","protected":false},"excerpt":{"rendered":"<p>Dr. Fodor Mariann (1959. nov. 14. &#8211; 2005. nov. 15.) <a href=\"https:\/\/semmelweis.hu\/anatomia\/files\/2015\/07\/fodorm2004dec.jpg\"><\/a> &nbsp; <a href=\"https:\/\/semmelweis.hu\/anatomia\/files\/2015\/07\/P4210243.jpg\"><\/a> \u00e1prilis 21. 14.00-17.00\u00a0\u00a0\u00a0\u00a0\u00a0\u00a0\u00a0\u00a0\u00a0\u00a0\u00a0\u00a0\u00a0\u00a0\u00a0\u00a0\u00a0\u00a0\u00a0\u00a0\u00a0\u00a0\u00a0\u00a0\u00a0\u00a0 April 21, 2006 14:00-17:00 \u00a0 Magyar Tudom\u00e1nyos Akad\u00e9mia\u00a0\u00a0\u00a0\u00a0\u00a0\u00a0\u00a0\u00a0\u00a0\u00a0\u00a0\u00a0\u00a0\u00a0\u00a0\u00a0\u00a0\u00a0 Hungarian Academy of Sciences emeletFelolvas\u00f3terem &nbsp; \u00a0Program\u00a0\u00a0 Palkovits M (Hungary): Introduction Gooren L (The Netherlands): Sex hormones and the brain. Mariann remembered Diamant JJ (The Netherlands): Sharing memories Fodor M, Palkovits M, Gallatz &hellip;<\/p>\n","protected":false},"author":352,"featured_media":8612,"comment_status":"closed","ping_status":"closed","sticky":false,"template":"","format":"standard","meta":{"_acf_changed":false,"footnotes":""},"categories":[20,210],"tags":[],"class_list":["post-8609","post","type-post","status-publish","format-standard","has-post-thumbnail","hentry","category-intezeti-hirek","category-tudomany"],"acf":[],"_links":{"self":[{"href":"https:\/\/semmelweis.hu\/anatomia\/wp-json\/wp\/v2\/posts\/8609","targetHints":{"allow":["GET"]}}],"collection":[{"href":"https:\/\/semmelweis.hu\/anatomia\/wp-json\/wp\/v2\/posts"}],"about":[{"href":"https:\/\/semmelweis.hu\/anatomia\/wp-json\/wp\/v2\/types\/post"}],"author":[{"embeddable":true,"href":"https:\/\/semmelweis.hu\/anatomia\/wp-json\/wp\/v2\/users\/352"}],"replies":[{"embeddable":true,"href":"https:\/\/semmelweis.hu\/anatomia\/wp-json\/wp\/v2\/comments?post=8609"}],"version-history":[{"count":1,"href":"https:\/\/semmelweis.hu\/anatomia\/wp-json\/wp\/v2\/posts\/8609\/revisions"}],"predecessor-version":[{"id":8614,"href":"https:\/\/semmelweis.hu\/anatomia\/wp-json\/wp\/v2\/posts\/8609\/revisions\/8614"}],"wp:featuredmedia":[{"embeddable":true,"href":"https:\/\/semmelweis.hu\/anatomia\/wp-json\/wp\/v2\/media\/8612"}],"wp:attachment":[{"href":"https:\/\/semmelweis.hu\/anatomia\/wp-json\/wp\/v2\/media?parent=8609"}],"wp:term":[{"taxonomy":"category","embeddable":true,"href":"https:\/\/semmelweis.hu\/anatomia\/wp-json\/wp\/v2\/categories?post=8609"},{"taxonomy":"post_tag","embeddable":true,"href":"https:\/\/semmelweis.hu\/anatomia\/wp-json\/wp\/v2\/tags?post=8609"}],"curies":[{"name":"wp","href":"https:\/\/api.w.org\/{rel}","templated":true}]}}