{"id":8597,"date":"2006-05-16T12:16:05","date_gmt":"2006-05-16T10:16:05","guid":{"rendered":"http:\/\/semmelweis.hu\/anatomia\/?p=8597"},"modified":"2015-08-02T14:40:54","modified_gmt":"2015-08-02T12:40:54","slug":"kulondijak-a-legjobb-boncolasert","status":"publish","type":"post","link":"https:\/\/semmelweis.hu\/anatomia\/2006\/05\/16\/kulondijak-a-legjobb-boncolasert\/","title":{"rendered":"K\u00fcl\u00f6nd\u00edjak a legjobb boncol\u00e1s\u00e9rt"},"content":{"rendered":"<p>A tanulm\u00e1nyi verseny III. (boncol\u00e1si) fordul\u00f3j\u00e1ban a legt\u00f6bb pontsz\u00e1mot kapott hallgat\u00f3k (k\u00fcl\u00f6n az I. \u00e9s a II. \u00e9ven, mindh\u00e1rom \u00e1ltalunk oktatott nyelven tanul\u00f3 hallgat\u00f3k k\u00f6z\u00fcl) 2005 \u00f3ta R\u00e9thelyi Mikl\u00f3s professzor \u00e1ltal felaj\u00e1nlott k\u00fcl\u00f6nd\u00edjat (oklev\u00e9l \u00e9s k\u00f6nyvutalv\u00e1ny) nyerhetnek el.<\/p>\n<p>A d\u00edjak \u00e1tad\u00e1sa az utols\u00f3 tantermi el\u0151ad\u00e1son t\u00f6rt\u00e9nik.<\/p>\n<p>\u00a0<a href=\"https:\/\/semmelweis.hu\/anatomia\/files\/2015\/07\/oklevel2006.jpg\"><img loading=\"lazy\" decoding=\"async\" class=\"aligncenter wp-image-8598\" src=\"https:\/\/semmelweis.hu\/anatomia\/files\/2015\/07\/oklevel2006.jpg\" alt=\"oklevel2006\" width=\"640\" height=\"467\" srcset=\"https:\/\/semmelweis.hu\/anatomia\/files\/2015\/07\/oklevel2006.jpg 800w, https:\/\/semmelweis.hu\/anatomia\/files\/2015\/07\/oklevel2006-300x219.jpg 300w, https:\/\/semmelweis.hu\/anatomia\/files\/2015\/07\/oklevel2006-411x300.jpg 411w\" sizes=\"auto, (max-width: 640px) 100vw, 640px\" \/><\/a><\/p>\n<p>2009-ben <strong> k\u00fcl\u00f6nd\u00edjat kapnak a legjobb boncol\u00e1s\u00e9rt:<\/strong><\/p>\n<ul>\n<li>Kepes Lilla \u00c1OK I.<\/li>\n<li>Mohai Tam\u00e1s FOK II. \u00e9s Bauer Christoph N II. (megosztva)<\/li>\n<\/ul>\n<p>&nbsp;<\/p>\n<p>2007-ben <strong> k\u00fcl\u00f6nd\u00edjat kaptak a legjobb boncol\u00e1s\u00e9rt:<\/strong><\/p>\n<ul>\n<li><strong> I. \u00e9v:<\/strong> Clarke David James ED I\/2<\/li>\n<li><strong> II. \u00e9v:<\/strong> Podoly\u00e1k R\u00e9ka \u00c1OK II. D\/3<\/li>\n<\/ul>\n<p>2006-ban a nyertesek a k\u00f6vetkez\u0151k voltak:<\/p>\n<ul>\n<li><strong>I. \u00e9v <\/strong>(megosztva)<strong>: <\/strong> Majoros Zsuzsanna \u00c1OK I. D\/3, Kirschenbaum D\u00e1niel \u00c1OK I. B\/2<\/li>\n<li><strong>II. \u00e9v: <\/strong>N\u00e9meth Orsolya \u00c1OK II. D\/1<\/li>\n<\/ul>\n<p>2005-ben a nyertesek a k\u00f6vetkez\u0151k voltak:<\/p>\n<ul>\n<li><strong>I. \u00e9v: <\/strong> Paz Lior EM I\/4.<\/li>\n<li><strong>II. \u00e9v: <\/strong>Daniel Oren ED II\/3. (f\u00e9nyk\u00e9p)<\/li>\n<\/ul>\n<p><a href=\"https:\/\/semmelweis.hu\/anatomia\/files\/2015\/07\/boncdij2005.jpg\"><img loading=\"lazy\" decoding=\"async\" class=\"aligncenter wp-image-8599\" src=\"https:\/\/semmelweis.hu\/anatomia\/files\/2015\/07\/boncdij2005.jpg\" alt=\"boncdij2005\" width=\"640\" height=\"481\" srcset=\"https:\/\/semmelweis.hu\/anatomia\/files\/2015\/07\/boncdij2005.jpg 800w, https:\/\/semmelweis.hu\/anatomia\/files\/2015\/07\/boncdij2005-300x225.jpg 300w, https:\/\/semmelweis.hu\/anatomia\/files\/2015\/07\/boncdij2005-399x300.jpg 399w\" sizes=\"auto, (max-width: 640px) 100vw, 640px\" \/><\/a><\/p>\n","protected":false},"excerpt":{"rendered":"<p>A tanulm\u00e1nyi verseny III. (boncol\u00e1si) fordul\u00f3j\u00e1ban a legt\u00f6bb pontsz\u00e1mot kapott hallgat\u00f3k (k\u00fcl\u00f6n az I. \u00e9s a II. \u00e9ven, mindh\u00e1rom \u00e1ltalunk oktatott nyelven tanul\u00f3 hallgat\u00f3k k\u00f6z\u00fcl) 2005 \u00f3ta R\u00e9thelyi Mikl\u00f3s professzor \u00e1ltal felaj\u00e1nlott k\u00fcl\u00f6nd\u00edjat (oklev\u00e9l \u00e9s k\u00f6nyvutalv\u00e1ny) nyerhetnek el. A d\u00edjak \u00e1tad\u00e1sa az utols\u00f3 tantermi el\u0151ad\u00e1son t\u00f6rt\u00e9nik. \u00a0 <a href=\"https:\/\/semmelweis.hu\/anatomia\/files\/2015\/07\/oklevel2006.jpg\"><\/a> 2009-ben k\u00fcl\u00f6nd\u00edjat kapnak a legjobb boncol\u00e1s\u00e9rt: Kepes Lilla &hellip;<\/p>\n","protected":false},"author":352,"featured_media":8599,"comment_status":"closed","ping_status":"closed","sticky":false,"template":"","format":"standard","meta":{"_acf_changed":false,"footnotes":""},"categories":[20,206],"tags":[],"class_list":["post-8597","post","type-post","status-publish","format-standard","has-post-thumbnail","hentry","category-intezeti-hirek","category-oktatas"],"acf":[],"_links":{"self":[{"href":"https:\/\/semmelweis.hu\/anatomia\/wp-json\/wp\/v2\/posts\/8597","targetHints":{"allow":["GET"]}}],"collection":[{"href":"https:\/\/semmelweis.hu\/anatomia\/wp-json\/wp\/v2\/posts"}],"about":[{"href":"https:\/\/semmelweis.hu\/anatomia\/wp-json\/wp\/v2\/types\/post"}],"author":[{"embeddable":true,"href":"https:\/\/semmelweis.hu\/anatomia\/wp-json\/wp\/v2\/users\/352"}],"replies":[{"embeddable":true,"href":"https:\/\/semmelweis.hu\/anatomia\/wp-json\/wp\/v2\/comments?post=8597"}],"version-history":[{"count":2,"href":"https:\/\/semmelweis.hu\/anatomia\/wp-json\/wp\/v2\/posts\/8597\/revisions"}],"predecessor-version":[{"id":8646,"href":"https:\/\/semmelweis.hu\/anatomia\/wp-json\/wp\/v2\/posts\/8597\/revisions\/8646"}],"wp:featuredmedia":[{"embeddable":true,"href":"https:\/\/semmelweis.hu\/anatomia\/wp-json\/wp\/v2\/media\/8599"}],"wp:attachment":[{"href":"https:\/\/semmelweis.hu\/anatomia\/wp-json\/wp\/v2\/media?parent=8597"}],"wp:term":[{"taxonomy":"category","embeddable":true,"href":"https:\/\/semmelweis.hu\/anatomia\/wp-json\/wp\/v2\/categories?post=8597"},{"taxonomy":"post_tag","embeddable":true,"href":"https:\/\/semmelweis.hu\/anatomia\/wp-json\/wp\/v2\/tags?post=8597"}],"curies":[{"name":"wp","href":"https:\/\/api.w.org\/{rel}","templated":true}]}}