{"id":8595,"date":"2006-05-31T12:14:32","date_gmt":"2006-05-31T10:14:32","guid":{"rendered":"http:\/\/semmelweis.hu\/anatomia\/?p=8595"},"modified":"2015-08-07T21:43:05","modified_gmt":"2015-08-07T19:43:05","slug":"miert-nem-bontjak-a-hazat-a-klinikak-metronal","status":"publish","type":"post","link":"https:\/\/semmelweis.hu\/anatomia\/2006\/05\/31\/miert-nem-bontjak-a-hazat-a-klinikak-metronal\/","title":{"rendered":"Mi\u00e9rt (nem) bontj\u00e1k a h\u00e1zat a Klinik\u00e1k metr\u00f3n\u00e1l?"},"content":{"rendered":"<p>Mi\u00e9rt (nem) bontj\u00e1k a h\u00e1zat a Klinik\u00e1k metr\u00f3n\u00e1l?<a href=\"http:\/\/index.hu\/politika\/belfold\/budapest\/fodrasz0524\/\">\u00a0Cikk<\/a> itt.<\/p>\n<p><em><span style=\"color: #993300\">(Jelenleg -2015-ben- a Hotel di Verdi \u00e9p\u00fcl itt.)<\/span><\/em><\/p>\n<p><a href=\"https:\/\/semmelweis.hu\/anatomia\/files\/2006\/05\/fodraszat.jpg\"><img loading=\"lazy\" decoding=\"async\" class=\"aligncenter size-full wp-image-9156\" src=\"https:\/\/semmelweis.hu\/anatomia\/files\/2006\/05\/fodraszat.jpg\" alt=\"fodraszat\" width=\"800\" height=\"533\" srcset=\"https:\/\/semmelweis.hu\/anatomia\/files\/2006\/05\/fodraszat.jpg 800w, https:\/\/semmelweis.hu\/anatomia\/files\/2006\/05\/fodraszat-300x200.jpg 300w, https:\/\/semmelweis.hu\/anatomia\/files\/2006\/05\/fodraszat-450x300.jpg 450w\" sizes=\"auto, (max-width: 800px) 100vw, 800px\" \/><\/a><\/p>\n","protected":false},"excerpt":{"rendered":"<p>Mi\u00e9rt (nem) bontj\u00e1k a h\u00e1zat a Klinik\u00e1k metr\u00f3n\u00e1l?<a href=\"http:\/\/index.hu\/politika\/belfold\/budapest\/fodrasz0524\/\">\u00a0Cikk<\/a> itt.<br \/>\n(Jelenleg -2015-ben- a Hotel di Verdi \u00e9p\u00fcl itt.)<br \/>\n<a href=\"https:\/\/semmelweis.hu\/anatomia\/files\/2006\/05\/fodraszat.jpg\"><\/a><\/p>\n","protected":false},"author":352,"featured_media":9156,"comment_status":"closed","ping_status":"closed","sticky":false,"template":"","format":"standard","meta":{"_acf_changed":false,"footnotes":""},"categories":[20],"tags":[],"class_list":["post-8595","post","type-post","status-publish","format-standard","has-post-thumbnail","hentry","category-intezeti-hirek"],"acf":[],"_links":{"self":[{"href":"https:\/\/semmelweis.hu\/anatomia\/wp-json\/wp\/v2\/posts\/8595","targetHints":{"allow":["GET"]}}],"collection":[{"href":"https:\/\/semmelweis.hu\/anatomia\/wp-json\/wp\/v2\/posts"}],"about":[{"href":"https:\/\/semmelweis.hu\/anatomia\/wp-json\/wp\/v2\/types\/post"}],"author":[{"embeddable":true,"href":"https:\/\/semmelweis.hu\/anatomia\/wp-json\/wp\/v2\/users\/352"}],"replies":[{"embeddable":true,"href":"https:\/\/semmelweis.hu\/anatomia\/wp-json\/wp\/v2\/comments?post=8595"}],"version-history":[{"count":3,"href":"https:\/\/semmelweis.hu\/anatomia\/wp-json\/wp\/v2\/posts\/8595\/revisions"}],"predecessor-version":[{"id":9177,"href":"https:\/\/semmelweis.hu\/anatomia\/wp-json\/wp\/v2\/posts\/8595\/revisions\/9177"}],"wp:featuredmedia":[{"embeddable":true,"href":"https:\/\/semmelweis.hu\/anatomia\/wp-json\/wp\/v2\/media\/9156"}],"wp:attachment":[{"href":"https:\/\/semmelweis.hu\/anatomia\/wp-json\/wp\/v2\/media?parent=8595"}],"wp:term":[{"taxonomy":"category","embeddable":true,"href":"https:\/\/semmelweis.hu\/anatomia\/wp-json\/wp\/v2\/categories?post=8595"},{"taxonomy":"post_tag","embeddable":true,"href":"https:\/\/semmelweis.hu\/anatomia\/wp-json\/wp\/v2\/tags?post=8595"}],"curies":[{"name":"wp","href":"https:\/\/api.w.org\/{rel}","templated":true}]}}