{"id":8588,"date":"2006-07-04T12:08:50","date_gmt":"2006-07-04T10:08:50","guid":{"rendered":"http:\/\/semmelweis.hu\/anatomia\/?p=8588"},"modified":"2015-07-31T12:14:25","modified_gmt":"2015-07-31T10:14:25","slug":"kalmanfi-janos-festomuvesz-kiallitasa","status":"publish","type":"post","link":"https:\/\/semmelweis.hu\/anatomia\/2006\/07\/04\/kalmanfi-janos-festomuvesz-kiallitasa\/","title":{"rendered":"K\u00e1lm\u00e1nfi J\u00e1nos fest\u0151m\u0171v\u00e9sz ki\u00e1ll\u00edt\u00e1sa"},"content":{"rendered":"<p style=\"text-align: center\">Az Int\u00e9zet\u00fcnk anat\u00f3miai \u00e1br\u00e1it \u00e9vtizedeken kereszt\u00fcl k\u00e9sz\u00edt\u0151 <b>K\u00e1lm\u00e1nfi J\u00e1nos<\/b> leg\u00fajabb ki\u00e1ll\u00edt\u00e1s\u00e1nak \u00fcnnep\u00e9lyes megnyit\u00f3j\u00e1ra 2006. j\u00falius 2-\u00e1n, 18.00 \u00f3rai kezdettel ker\u00fclt sor. <br \/> Ez alkalommal a gal\u00e9ria igazgat\u00f3ja, <b>Putnoki A. D\u00e1vid<\/b> el\u0151ad\u00f3m\u0171v\u00e9sz k\u00f6sz\u00f6nt\u0151 szavai ut\u00e1n <b>Dr. T\u00f3tp\u00e1l G\u00e9za<\/b> egyetemi adjunktus mondott megnyit\u00f3t, majd <b>Dr. V\u00edgh B\u00e9la<\/b> professzor sz\u00f3lt a megjelentekhez. A kultur\u00e1lis m\u0171sorban az id\u00e9n 85 \u00e9ves fest\u0151m\u0171v\u00e9sz csal\u00e1dtagjai l\u00e9ptek fel (K\u00e1lm\u00e1nfi Anita: szavalat, Reh\u00e1k Zsuzsanna: git\u00e1ros \u00e9nek \u00e9s K\u00e1lm\u00e1nfin\u00e9 Ast Hajnalka: hast\u00e1nc).<\/p>\n<hr \/>\n<p>&nbsp;<\/p>\n<p><a href=\"https:\/\/semmelweis.hu\/anatomia\/files\/2015\/07\/2006-07-02-kalmanfi-067.jpg\"><img loading=\"lazy\" decoding=\"async\" class=\"aligncenter wp-image-8589\" src=\"https:\/\/semmelweis.hu\/anatomia\/files\/2015\/07\/2006-07-02-kalmanfi-067.jpg\" alt=\"2006-07-02 kalmanfi 067\" width=\"640\" height=\"480\" srcset=\"https:\/\/semmelweis.hu\/anatomia\/files\/2015\/07\/2006-07-02-kalmanfi-067.jpg 800w, https:\/\/semmelweis.hu\/anatomia\/files\/2015\/07\/2006-07-02-kalmanfi-067-300x225.jpg 300w, https:\/\/semmelweis.hu\/anatomia\/files\/2015\/07\/2006-07-02-kalmanfi-067-400x300.jpg 400w\" sizes=\"auto, (max-width: 640px) 100vw, 640px\" \/><\/a> <a href=\"https:\/\/semmelweis.hu\/anatomia\/files\/2015\/07\/2006-07-02-kalmanfi-016b1.jpg\"><img loading=\"lazy\" decoding=\"async\" class=\"aligncenter wp-image-8590\" src=\"https:\/\/semmelweis.hu\/anatomia\/files\/2015\/07\/2006-07-02-kalmanfi-016b1.jpg\" alt=\"2006-07-02 kalmanfi 016b\" width=\"640\" height=\"480\" srcset=\"https:\/\/semmelweis.hu\/anatomia\/files\/2015\/07\/2006-07-02-kalmanfi-016b1.jpg 800w, https:\/\/semmelweis.hu\/anatomia\/files\/2015\/07\/2006-07-02-kalmanfi-016b1-300x225.jpg 300w, https:\/\/semmelweis.hu\/anatomia\/files\/2015\/07\/2006-07-02-kalmanfi-016b1-400x300.jpg 400w\" sizes=\"auto, (max-width: 640px) 100vw, 640px\" \/><\/a> <a href=\"https:\/\/semmelweis.hu\/anatomia\/files\/2015\/07\/2006-07-02-kalmanfi-023a1.jpg\"><img loading=\"lazy\" decoding=\"async\" class=\"aligncenter wp-image-8591\" src=\"https:\/\/semmelweis.hu\/anatomia\/files\/2015\/07\/2006-07-02-kalmanfi-023a1.jpg\" alt=\"2006-07-02 kalmanfi 023a\" width=\"640\" height=\"480\" srcset=\"https:\/\/semmelweis.hu\/anatomia\/files\/2015\/07\/2006-07-02-kalmanfi-023a1.jpg 800w, https:\/\/semmelweis.hu\/anatomia\/files\/2015\/07\/2006-07-02-kalmanfi-023a1-300x225.jpg 300w, https:\/\/semmelweis.hu\/anatomia\/files\/2015\/07\/2006-07-02-kalmanfi-023a1-400x300.jpg 400w\" sizes=\"auto, (max-width: 640px) 100vw, 640px\" \/><\/a> <a href=\"https:\/\/semmelweis.hu\/anatomia\/files\/2015\/07\/2006-07-02-kalmanfi-041a.jpg\"><img loading=\"lazy\" decoding=\"async\" class=\"aligncenter wp-image-8592\" src=\"https:\/\/semmelweis.hu\/anatomia\/files\/2015\/07\/2006-07-02-kalmanfi-041a.jpg\" alt=\"2006-07-02 kalmanfi 041a\" width=\"640\" height=\"480\" srcset=\"https:\/\/semmelweis.hu\/anatomia\/files\/2015\/07\/2006-07-02-kalmanfi-041a.jpg 800w, https:\/\/semmelweis.hu\/anatomia\/files\/2015\/07\/2006-07-02-kalmanfi-041a-300x225.jpg 300w, https:\/\/semmelweis.hu\/anatomia\/files\/2015\/07\/2006-07-02-kalmanfi-041a-400x300.jpg 400w\" sizes=\"auto, (max-width: 640px) 100vw, 640px\" \/><\/a> <a href=\"https:\/\/semmelweis.hu\/anatomia\/files\/2015\/07\/2006-07-02-kalmanfi-056b1.jpg\"><img loading=\"lazy\" decoding=\"async\" class=\"aligncenter wp-image-8593\" src=\"https:\/\/semmelweis.hu\/anatomia\/files\/2015\/07\/2006-07-02-kalmanfi-056b1.jpg\" alt=\"2006-07-02 kalmanfi 056b\" width=\"640\" height=\"480\" srcset=\"https:\/\/semmelweis.hu\/anatomia\/files\/2015\/07\/2006-07-02-kalmanfi-056b1.jpg 800w, https:\/\/semmelweis.hu\/anatomia\/files\/2015\/07\/2006-07-02-kalmanfi-056b1-300x225.jpg 300w, https:\/\/semmelweis.hu\/anatomia\/files\/2015\/07\/2006-07-02-kalmanfi-056b1-400x300.jpg 400w\" sizes=\"auto, (max-width: 640px) 100vw, 640px\" \/><\/a><\/p>\n","protected":false},"excerpt":{"rendered":"<p>Az Int\u00e9zet\u00fcnk anat\u00f3miai \u00e1br\u00e1it \u00e9vtizedeken kereszt\u00fcl k\u00e9sz\u00edt\u0151 K\u00e1lm\u00e1nfi J\u00e1nos leg\u00fajabb ki\u00e1ll\u00edt\u00e1s\u00e1nak \u00fcnnep\u00e9lyes megnyit\u00f3j\u00e1ra 2006. j\u00falius 2-\u00e1n, 18.00 \u00f3rai kezdettel ker\u00fclt sor. Ez alkalommal a gal\u00e9ria igazgat\u00f3ja, Putnoki A. D\u00e1vid el\u0151ad\u00f3m\u0171v\u00e9sz k\u00f6sz\u00f6nt\u0151 szavai ut\u00e1n Dr. T\u00f3tp\u00e1l G\u00e9za egyetemi adjunktus mondott megnyit\u00f3t, majd Dr. V\u00edgh B\u00e9la professzor sz\u00f3lt a megjelentekhez. A kultur\u00e1lis m\u0171sorban az id\u00e9n 85 \u00e9ves &hellip;<\/p>\n","protected":false},"author":352,"featured_media":8593,"comment_status":"closed","ping_status":"closed","sticky":false,"template":"","format":"standard","meta":{"_acf_changed":false,"footnotes":""},"categories":[20],"tags":[],"class_list":["post-8588","post","type-post","status-publish","format-standard","has-post-thumbnail","hentry","category-intezeti-hirek"],"acf":[],"_links":{"self":[{"href":"https:\/\/semmelweis.hu\/anatomia\/wp-json\/wp\/v2\/posts\/8588","targetHints":{"allow":["GET"]}}],"collection":[{"href":"https:\/\/semmelweis.hu\/anatomia\/wp-json\/wp\/v2\/posts"}],"about":[{"href":"https:\/\/semmelweis.hu\/anatomia\/wp-json\/wp\/v2\/types\/post"}],"author":[{"embeddable":true,"href":"https:\/\/semmelweis.hu\/anatomia\/wp-json\/wp\/v2\/users\/352"}],"replies":[{"embeddable":true,"href":"https:\/\/semmelweis.hu\/anatomia\/wp-json\/wp\/v2\/comments?post=8588"}],"version-history":[{"count":1,"href":"https:\/\/semmelweis.hu\/anatomia\/wp-json\/wp\/v2\/posts\/8588\/revisions"}],"predecessor-version":[{"id":8594,"href":"https:\/\/semmelweis.hu\/anatomia\/wp-json\/wp\/v2\/posts\/8588\/revisions\/8594"}],"wp:featuredmedia":[{"embeddable":true,"href":"https:\/\/semmelweis.hu\/anatomia\/wp-json\/wp\/v2\/media\/8593"}],"wp:attachment":[{"href":"https:\/\/semmelweis.hu\/anatomia\/wp-json\/wp\/v2\/media?parent=8588"}],"wp:term":[{"taxonomy":"category","embeddable":true,"href":"https:\/\/semmelweis.hu\/anatomia\/wp-json\/wp\/v2\/categories?post=8588"},{"taxonomy":"post_tag","embeddable":true,"href":"https:\/\/semmelweis.hu\/anatomia\/wp-json\/wp\/v2\/tags?post=8588"}],"curies":[{"name":"wp","href":"https:\/\/api.w.org\/{rel}","templated":true}]}}