{"id":8583,"date":"2006-07-04T12:05:40","date_gmt":"2006-07-04T10:05:40","guid":{"rendered":"http:\/\/semmelweis.hu\/anatomia\/?p=8583"},"modified":"2015-07-31T12:07:59","modified_gmt":"2015-07-31T10:07:59","slug":"konyvbemutato-semmelweis-nap-alkalmaval","status":"publish","type":"post","link":"https:\/\/semmelweis.hu\/anatomia\/2006\/07\/04\/konyvbemutato-semmelweis-nap-alkalmaval\/","title":{"rendered":"K\u00f6nyvbemutat\u00f3 Semmelweis nap alkalm\u00e1val"},"content":{"rendered":"<div><span style=\"font-family: Verdana;font-size: small\">A Semmelweis Kiad\u00f3 valamint a Marketing \u00e9s Kommunik\u00e1ci\u00f3s Igazgat\u00f3s\u00e1g \u00e1ltal 2005 \u0151sz\u00e9n ki\u00edrt irodalmi p\u00e1ly\u00e1zat gy\u0151ztes m\u0171veib\u0151l k\u00e9sz\u00fclt <b>k\u00f6nyv d\u00edszbemutat\u00f3j\u00e1<\/b>ra ker\u00fclt sor j\u00fanius 27-\u00e9n az Eg\u00e9szs\u00e9g\u00fcgyi F\u0151iskolai Kar \u00e9p\u00fclet\u00e9nek aul\u00e1j\u00e1ban. <\/p>\n<p> Az antol\u00f3gia <b><i>&#8222;<\/i><\/b><i><b>Ez van&#8230; 2005&#8243;<\/b><\/i> c\u00edmmel jelent meg. A novell\u00e1kon, verseken, essz\u00e9ken, gyermekmes\u00e9ken, groteszk karcolatokon \u00e1t a reg\u00e9nyig \u00edvel\u0151 alkot\u00e1sok szerz\u0151i: <\/span><\/div>\n<ul>\n<li>\n<p align=\"justify\"><span style=\"font-family: Verdana;font-size: small\">Bakos M\u00f3nika<\/span><\/p>\n<\/li>\n<li>\n<p align=\"justify\"><span style=\"font-family: Verdana;font-size: small\">Cserh\u00e1ti Zolt\u00e1n <\/span><\/p>\n<\/li>\n<li>\n<p align=\"justify\"><span style=\"font-family: Verdana;font-size: small\"><b>Don\u00e1th Tibor<\/b> <\/span><\/p>\n<\/li>\n<li>\n<p align=\"justify\"><span style=\"font-family: Verdana;font-size: small\">Kiss Hajnal <\/span><\/p>\n<\/li>\n<li>\n<p align=\"justify\"><span style=\"font-family: Verdana;font-size: small\">Lamp\u00e9rth Melitta <\/span><\/p>\n<\/li>\n<li>\n<p align=\"justify\"><span style=\"font-family: Verdana;font-size: small\">Machovich Raymund <\/span><\/p>\n<\/li>\n<li>\n<p align=\"justify\"><span style=\"font-family: Verdana;font-size: small\">Polg\u00e1r Patr\u00edcia <\/span><\/p>\n<\/li>\n<li>\n<p align=\"justify\"><span style=\"font-family: Verdana;font-size: small\">Sebesty\u00e9n Zita <\/span><\/p>\n<\/li>\n<li>\n<p align=\"justify\"><span style=\"font-family: Verdana;font-size: small\">S\u00e1ntha Ern\u0151 <\/span><\/p>\n<\/li>\n<li>\n<p align=\"justify\"><span style=\"font-family: Verdana;font-size: small\">Szirmai Imre <\/span><\/p>\n<\/li>\n<\/ul>\n<div><span style=\"font-family: Verdana;font-size: small\">A bemutat\u00f3n a szerz\u0151k, illetve az \u00e1ltaluk felk\u00e9rtek olvastak fel r\u00e9szleteket a k\u00f6nyvb\u0151l. Az oldott irodalmi est\u00e9t k\u00f6tetlen besz\u00e9lget\u00e9s z\u00e1rta, amely sor\u00e1n az est r\u00e9sztvev\u0151i dedik\u00e1ltathatt\u00e1k az \u00edr\u00f3kkal a megjelent kiadv\u00e1nyt, amit a Semmelweis Egyetem aj\u00e1nd\u00e9kak\u00e9nt vehettek \u00e1t.<\/span><\/div>\n<div>\u00a0<\/div>\n<div><a href=\"https:\/\/semmelweis.hu\/anatomia\/files\/2015\/07\/r_021.jpg\"><img loading=\"lazy\" decoding=\"async\" class=\"aligncenter wp-image-8584 size-full\" src=\"https:\/\/semmelweis.hu\/anatomia\/files\/2015\/07\/r_021.jpg\" alt=\"r_021\" width=\"560\" height=\"366\" srcset=\"https:\/\/semmelweis.hu\/anatomia\/files\/2015\/07\/r_021.jpg 560w, https:\/\/semmelweis.hu\/anatomia\/files\/2015\/07\/r_021-300x196.jpg 300w, https:\/\/semmelweis.hu\/anatomia\/files\/2015\/07\/r_021-459x300.jpg 459w\" sizes=\"auto, (max-width: 560px) 100vw, 560px\" \/><\/a> <a href=\"https:\/\/semmelweis.hu\/anatomia\/files\/2015\/07\/r_019.jpg\"><img loading=\"lazy\" decoding=\"async\" class=\"aligncenter wp-image-8585 size-full\" src=\"https:\/\/semmelweis.hu\/anatomia\/files\/2015\/07\/r_019.jpg\" alt=\"r_019\" width=\"565\" height=\"376\" srcset=\"https:\/\/semmelweis.hu\/anatomia\/files\/2015\/07\/r_019.jpg 565w, https:\/\/semmelweis.hu\/anatomia\/files\/2015\/07\/r_019-300x200.jpg 300w, https:\/\/semmelweis.hu\/anatomia\/files\/2015\/07\/r_019-451x300.jpg 451w\" sizes=\"auto, (max-width: 565px) 100vw, 565px\" \/><\/a> <a href=\"https:\/\/semmelweis.hu\/anatomia\/files\/2015\/07\/r_020.jpg\"><img loading=\"lazy\" decoding=\"async\" class=\"aligncenter wp-image-8586 size-full\" src=\"https:\/\/semmelweis.hu\/anatomia\/files\/2015\/07\/r_020.jpg\" alt=\"r_020\" width=\"560\" height=\"372\" srcset=\"https:\/\/semmelweis.hu\/anatomia\/files\/2015\/07\/r_020.jpg 560w, https:\/\/semmelweis.hu\/anatomia\/files\/2015\/07\/r_020-300x199.jpg 300w, https:\/\/semmelweis.hu\/anatomia\/files\/2015\/07\/r_020-452x300.jpg 452w\" sizes=\"auto, (max-width: 560px) 100vw, 560px\" \/><\/a><\/div>\n<div>\u00a0<\/div>\n","protected":false},"excerpt":{"rendered":"<p>A Semmelweis Kiad\u00f3 valamint a Marketing \u00e9s Kommunik\u00e1ci\u00f3s Igazgat\u00f3s\u00e1g \u00e1ltal 2005 \u0151sz\u00e9n ki\u00edrt irodalmi p\u00e1ly\u00e1zat gy\u0151ztes m\u0171veib\u0151l k\u00e9sz\u00fclt k\u00f6nyv d\u00edszbemutat\u00f3j\u00e1ra ker\u00fclt sor j\u00fanius 27-\u00e9n az Eg\u00e9szs\u00e9g\u00fcgyi F\u0151iskolai Kar \u00e9p\u00fclet\u00e9nek aul\u00e1j\u00e1ban. Az antol\u00f3gia &#8222;Ez van&#8230; 2005&#8243; c\u00edmmel jelent meg. A novell\u00e1kon, verseken, essz\u00e9ken, gyermekmes\u00e9ken, groteszk karcolatokon \u00e1t a reg\u00e9nyig \u00edvel\u0151 alkot\u00e1sok szerz\u0151i: Bakos M\u00f3nika Cserh\u00e1ti Zolt\u00e1n &hellip;<\/p>\n","protected":false},"author":352,"featured_media":8585,"comment_status":"closed","ping_status":"closed","sticky":false,"template":"","format":"standard","meta":{"_acf_changed":false,"footnotes":""},"categories":[20],"tags":[],"class_list":["post-8583","post","type-post","status-publish","format-standard","has-post-thumbnail","hentry","category-intezeti-hirek"],"acf":[],"_links":{"self":[{"href":"https:\/\/semmelweis.hu\/anatomia\/wp-json\/wp\/v2\/posts\/8583","targetHints":{"allow":["GET"]}}],"collection":[{"href":"https:\/\/semmelweis.hu\/anatomia\/wp-json\/wp\/v2\/posts"}],"about":[{"href":"https:\/\/semmelweis.hu\/anatomia\/wp-json\/wp\/v2\/types\/post"}],"author":[{"embeddable":true,"href":"https:\/\/semmelweis.hu\/anatomia\/wp-json\/wp\/v2\/users\/352"}],"replies":[{"embeddable":true,"href":"https:\/\/semmelweis.hu\/anatomia\/wp-json\/wp\/v2\/comments?post=8583"}],"version-history":[{"count":1,"href":"https:\/\/semmelweis.hu\/anatomia\/wp-json\/wp\/v2\/posts\/8583\/revisions"}],"predecessor-version":[{"id":8587,"href":"https:\/\/semmelweis.hu\/anatomia\/wp-json\/wp\/v2\/posts\/8583\/revisions\/8587"}],"wp:featuredmedia":[{"embeddable":true,"href":"https:\/\/semmelweis.hu\/anatomia\/wp-json\/wp\/v2\/media\/8585"}],"wp:attachment":[{"href":"https:\/\/semmelweis.hu\/anatomia\/wp-json\/wp\/v2\/media?parent=8583"}],"wp:term":[{"taxonomy":"category","embeddable":true,"href":"https:\/\/semmelweis.hu\/anatomia\/wp-json\/wp\/v2\/categories?post=8583"},{"taxonomy":"post_tag","embeddable":true,"href":"https:\/\/semmelweis.hu\/anatomia\/wp-json\/wp\/v2\/tags?post=8583"}],"curies":[{"name":"wp","href":"https:\/\/api.w.org\/{rel}","templated":true}]}}