{"id":8581,"date":"2007-07-25T12:04:35","date_gmt":"2007-07-25T10:04:35","guid":{"rendered":"http:\/\/semmelweis.hu\/anatomia\/?p=8581"},"modified":"2015-08-05T15:01:49","modified_gmt":"2015-08-05T13:01:49","slug":"erzo-muvegtag-ossejtekkel","status":"publish","type":"post","link":"https:\/\/semmelweis.hu\/anatomia\/2007\/07\/25\/erzo-muvegtag-ossejtekkel\/","title":{"rendered":"\u00c9rz\u0151 m\u0171v\u00e9gtag \u0151ssejtekkel"},"content":{"rendered":"<p style=\"text-align: center\"><a href=\"http:\/\/www.nol.hu\/cikk\/405597\/\">\u00c9rz\u0151 m\u0171v\u00e9gtag \u0151ssejtekkel<\/a> <br \/> Biokibernetikai Kutat\u00f3 \u00e9s Fejleszt\u0151 Kft. &#8211; dr. Csillag Andr\u00e1s \u00e9s dr. P\u00e1li Jen\u0151\u00a0 <em>(\u00fajs\u00e1gcikk &#8211; N\u00e9pszabads\u00e1g, 2006. V. 30.)<\/em><\/p>\n<figure id=\"attachment_9078\" aria-describedby=\"caption-attachment-9078\" style=\"width: 100px\" class=\"wp-caption aligncenter\"><a href=\"https:\/\/semmelweis.hu\/anatomia\/files\/2007\/07\/pali.jpg\"><img loading=\"lazy\" decoding=\"async\" class=\"wp-image-9078 size-full\" src=\"https:\/\/semmelweis.hu\/anatomia\/files\/2007\/07\/pali.jpg\" alt=\"pali\" width=\"100\" height=\"120\" \/><\/a><figcaption id=\"caption-attachment-9078\" class=\"wp-caption-text\">Dr. P\u00e1li Jen\u0151<\/figcaption><\/figure>\n","protected":false},"excerpt":{"rendered":"<p><a href=\"http:\/\/www.nol.hu\/cikk\/405597\/\">\u00c9rz\u0151 m\u0171v\u00e9gtag \u0151ssejtekkel<\/a>  Biokibernetikai Kutat\u00f3 \u00e9s Fejleszt\u0151 Kft. &#8211; dr. Csillag Andr\u00e1s \u00e9s dr. P\u00e1li Jen\u0151\u00a0 (\u00fajs\u00e1gcikk &#8211; N\u00e9pszabads\u00e1g, 2006. V. 30.)<\/p>\n","protected":false},"author":352,"featured_media":9078,"comment_status":"closed","ping_status":"closed","sticky":false,"template":"","format":"standard","meta":{"_acf_changed":false,"footnotes":""},"categories":[20,210],"tags":[],"class_list":["post-8581","post","type-post","status-publish","format-standard","has-post-thumbnail","hentry","category-intezeti-hirek","category-tudomany"],"acf":[],"_links":{"self":[{"href":"https:\/\/semmelweis.hu\/anatomia\/wp-json\/wp\/v2\/posts\/8581","targetHints":{"allow":["GET"]}}],"collection":[{"href":"https:\/\/semmelweis.hu\/anatomia\/wp-json\/wp\/v2\/posts"}],"about":[{"href":"https:\/\/semmelweis.hu\/anatomia\/wp-json\/wp\/v2\/types\/post"}],"author":[{"embeddable":true,"href":"https:\/\/semmelweis.hu\/anatomia\/wp-json\/wp\/v2\/users\/352"}],"replies":[{"embeddable":true,"href":"https:\/\/semmelweis.hu\/anatomia\/wp-json\/wp\/v2\/comments?post=8581"}],"version-history":[{"count":2,"href":"https:\/\/semmelweis.hu\/anatomia\/wp-json\/wp\/v2\/posts\/8581\/revisions"}],"predecessor-version":[{"id":9079,"href":"https:\/\/semmelweis.hu\/anatomia\/wp-json\/wp\/v2\/posts\/8581\/revisions\/9079"}],"wp:featuredmedia":[{"embeddable":true,"href":"https:\/\/semmelweis.hu\/anatomia\/wp-json\/wp\/v2\/media\/9078"}],"wp:attachment":[{"href":"https:\/\/semmelweis.hu\/anatomia\/wp-json\/wp\/v2\/media?parent=8581"}],"wp:term":[{"taxonomy":"category","embeddable":true,"href":"https:\/\/semmelweis.hu\/anatomia\/wp-json\/wp\/v2\/categories?post=8581"},{"taxonomy":"post_tag","embeddable":true,"href":"https:\/\/semmelweis.hu\/anatomia\/wp-json\/wp\/v2\/tags?post=8581"}],"curies":[{"name":"wp","href":"https:\/\/api.w.org\/{rel}","templated":true}]}}