{"id":8578,"date":"2006-07-25T11:54:45","date_gmt":"2006-07-25T09:54:45","guid":{"rendered":"http:\/\/semmelweis.hu\/anatomia\/?p=8578"},"modified":"2015-08-07T21:44:18","modified_gmt":"2015-08-07T19:44:18","slug":"vitaindito-az-anatomus-szakvizsga-bevezetese-ugyeben","status":"publish","type":"post","link":"https:\/\/semmelweis.hu\/anatomia\/2006\/07\/25\/vitaindito-az-anatomus-szakvizsga-bevezetese-ugyeben\/","title":{"rendered":"Vitaind\u00edt\u00f3 az anat\u00f3mus szakvizsga bevezet\u00e9se \u00fcgy\u00e9ben"},"content":{"rendered":"<p>&nbsp;<\/p>\n<p style=\"text-align: center\">Dr. Sz\u00e9l \u00c1goston egyetemi tan\u00e1r, <br \/> a Hum\u00e1nmorfol\u00f3giai \u00e9s Fejl\u0151d\u00e9sbiol\u00f3giai Int\u00e9zet igazgat\u00f3j\u00e1nak \u00edr\u00e1sa <br \/> a leg\u00fajabb, 2006\/2. MOTESZ Magazinban<br \/> \u00a0<\/p>\n<p style=\"text-align: center\"><b>VITAIND\u00cdT\u00d3 KEZDEM\u00c9NYEZ\u00c9S <\/b><\/p>\n<p style=\"text-align: center\"><i>Dr. Sz\u00e9l \u00c1goston egyetemi tan\u00e1r, a Semmelweis Egyetem \u00c1ltal\u00e1nos Orvostudom\u00e1nyi Kar Hum\u00e1nmorfol\u00f3giai \u00e9s Fejl\u0151d\u00e9sbiol\u00f3giai Int\u00e9zet\u00e9nek igazgat\u00f3ja, az anat\u00f3mus szakvizsga megszerz\u00e9se t\u00e1rgy\u00e1ban az al\u00e1bbi levelet juttatta el hozz\u00e1m. Az anat\u00f3mia t\u00e1rgy \u00f6nmag\u00e1ban is indokoln\u00e1 a t\u00e9ma sz\u00e9lesebb k\u00f6r\u0171 megvitat\u00e1s\u00e1t, de a lev\u00e9lben felvetett probl\u00e9m\u00e1k feltehet\u0151leg a t\u00f6bbi elm\u00e9leti int\u00e9zet fiatal diplom\u00e1sait is \u00e9rintik. Sok p\u00e9lda igazolja a m\u00faltb\u00f3l, hogy sz\u00e1mos elm\u00e9leti int\u00e9zetben tren\u00edrozott oktat\u00f3b\u00f3l lett kiv\u00e1l\u00f3 klinikus. A jelenleg \u00e9rv\u00e9nyben l\u00e9v\u0151 gyakorlat azonban az elm\u00e9leti int\u00e9zetekben elt\u00f6lt\u00f6tt id\u0151t feleslegess\u00e9, elfecs\u00e9reltt\u00e9 min\u0151s\u00edti. A magyar fels\u0151oktat\u00e1s \u00e9rt\u00e9keinek meg\u0151rz\u00e9se \u00e9rdek\u00e9ben \u00f6r\u00fcln\u00e9nk, ha a t\u00e1rgyban min\u00e9l t\u00f6bben kifejten\u00e9k v\u00e9lem\u00e9ny\u00fcket a MOTESZ Magazin has\u00e1bjain, azzal a c\u00e9llal, hogy a MOTESZ j\u00f3sz\u00edvvel felv\u00e1llalhassa a t\u00e9ma szakmai k\u00e9pviselet\u00e9t. <\/i><\/p>\n<p style=\"text-align: center\">\u00a0<\/p>\n<p style=\"text-align: center\">Dr. Magyar K\u00e1lm\u00e1n<\/p>\n<p style=\"text-align: center\">a MOTESZ aleln\u00f6ke<\/p>\n<p>&nbsp;<\/p>\n<hr \/>\n<p>&nbsp;<\/p>\n<p>PROF. DR. MAGYAR K\u00c1LM\u00c1N<\/p>\n<p>A MOTESZ ALELN\u00d6KE<\/p>\n<p>A NEMZETK\u00d6ZI BIZOTTS\u00c1G ELN\u00d6KE<\/p>\n<p>&nbsp;<\/p>\n<p>T\u00e1rgy: anat\u00f3mus szakvizsga<\/p>\n<p>&nbsp;<\/p>\n<p>Tisztelt Eln\u00f6k \u00dar!<\/p>\n<p>&nbsp;<\/p>\n<p>T\u00f6bb mint \u00f6t \u00e9vvel ezel\u0151tt, 2000-ben kaptam felk\u00e9r\u00e9st a MOTESZ akkori eln\u00f6k\u00e9t\u0151l, hogy vegyek r\u00e9szt az UEMS morfol\u00f3giai szekci\u00f3ja munk\u00e1j\u00e1ban. \u00c9vek teltek el an\u00e9lk\u00fcl, hogy tov\u00e1bbi \u00e9rtes\u00edt\u00e9st vagy b\u00e1rmilyen feladatot kaptam volna ezen megb\u00edzat\u00e1som keret\u00e9ben. Mind\u00f6ssze n\u00e9h\u00e1ny h\u00e9ttel ezel\u0151tt, 2006 \u00e1prilis\u00e1ban ker\u00fclt sor az els\u0151 tal\u00e1lkoz\u00f3ra, amikor is mintegy 20 &#8222;koll\u00e9g\u00e1mmal&#8221; egy\u00fctt meghallgattuk a nemzetk\u00f6zi szervezet magyarorsz\u00e1gi tev\u00e9kenys\u00e9g\u00e9r\u0151l sz\u00f3l\u00f3 besz\u00e1mol\u00f3kat. Kider\u00fclt, hogy sz\u00e1mos r\u00e9sztvev\u0151 val\u00f3ban akt\u00edv feladatk\u00f6rt l\u00e1tott el eddig, m\u00e1sok azonban mit sem tudtak az UEMS-ben bet\u00f6lt\u00f6tt szerep\u00fckr\u0151l.<\/p>\n<p>&nbsp;<\/p>\n<p>Amint a megh\u00edv\u00f3 visszaigazol\u00e1s\u00e1ban is jeleztem, a fenti okokb\u00f3l kifoly\u00f3lag magam sem tudok eredm\u00e9nyekr\u0151l besz\u00e1molni, de ha sz\u00fcks\u00e9ges, \u00f6r\u00f6mmel veszek r\u00e9szt a tov\u00e1bbi munk\u00e1ban. Engedje meg Eln\u00f6k \u00dar, hogy a Magyar Anat\u00f3mus T\u00e1rsas\u00e1g 2005-ben megv\u00e1lasztott eln\u00f6kek\u00e9nt, &#8222;gyakorl\u00f3&#8221; egyetemi tan\u00e1rk\u00e9nt, az orvosk\u00e9pz\u00e9sben csaknem h\u00e1rom \u00e9vtized elt\u00f6lt\u00e9se ut\u00e1n ezen a helyen megfogalmazzak n\u00e9h\u00e1ny gondolatot.<\/p>\n<p>Tekintettel arra, hogy anat\u00f3musk\u00e9nt a betegell\u00e1t\u00e1sban nem veszek r\u00e9szt, orvosi v\u00e9gzetts\u00e9gem, biomedicin\u00e1lis kutat\u00e1si ter\u00fcletemen szerzett kandid\u00e1tusi \u00e9s nagydoktori c\u00edmem, tov\u00e1bb\u00e1 napi oktat\u00f3munk\u00e1m r\u00e9v\u00e9n teljes m\u00e9rt\u00e9kben orvosnak, kutat\u00f3orvosnak, orvosegyetemi oktat\u00f3nak tekintem magam. A szakk\u00e9pz\u00e9sben azonban nem vehetek r\u00e9szt, mivel anat\u00f3musok szakvizsg\u00e1t nem szerezhetnek, s\u0151t, m\u00e1sf\u00e9le szakvizsga megszerz\u00e9s\u00e9nek sem felt\u00e9tele az, hogy anat\u00f3miai ismereteir\u0151l a szakorvos jel\u00f6lt sz\u00e1mot adjon. Magam se rendelkezem szakvizsg\u00e1val, pedig anat\u00f3musprofesszork\u00e9nt az orsz\u00e1g egyik nagyh\u00edr\u0171 anat\u00f3miai int\u00e9zet\u00e9t, a Hum\u00e1nmorfol\u00f3giai \u00e9s Fejl\u0151d\u00e9sbiol\u00f3giai Int\u00e9zetet vezetem a Semmelweis Egyetem \u00c1ltal\u00e1nos Orvostudom\u00e1nyi Kar\u00e1n.<\/p>\n<p>&nbsp;<\/p>\n<p>Nagy tisztelettel szeretn\u00e9m felvetni azt a k\u00e9rd\u00e9st, hogy mi\u00e9rt nem szerepel az anat\u00f3mia a szakvizsgat\u00e1rgyak k\u00f6z\u00f6tt, mi\u00e9rt nem lehets\u00e9ges, mi\u00e9rt nem k\u00f6telez\u0151 az anat\u00f3miai szakvizsga megszerz\u00e9se azok sz\u00e1m\u00e1ra, akik f\u0151hivat\u00e1sk\u00e9nt az anat\u00f3mia oktat\u00e1s\u00e1val foglalkoznak? A k\u00e9rd\u00e9st sokszor \u00e9s sokaknak feltettem m\u00e1r, \u00e9s \u00e1ltal\u00e1ban azt a v\u00e1laszt kaptam, hogy a szakvizsga jogos\u00edtv\u00e1ny, amely kiz\u00e1r\u00f3lag az \u00f6n\u00e1ll\u00f3 betegell\u00e1t\u00e1shoz sz\u00fcks\u00e9ges ismeretek birtok\u00e1ban szerezhet\u0151 meg, \u00e9s amely \u00e9rtelemszer\u0171en irrelev\u00e1ns az anat\u00f3musok eset\u00e9ben. M\u00e1s tartalm\u00fa, de hasonl\u00f3 el\u0151jel\u0171 v\u00e1lasz az, hogy Eur\u00f3p\u00e1ban nem ismeretes ilyen jelleg\u0171 szakvizsga, ez\u00e9rt Magyarorsz\u00e1gon sincs sz\u00fcks\u00e9g erre.<\/p>\n<p>Szeretn\u00e9k fent felsorolt tiszts\u00e9geimn\u00e9l \u00e9s beoszt\u00e1somn\u00e1l fogva hangot adni azon meggy\u0151z\u0151d\u00e9semnek, hogy az anat\u00f3mia ilyen m\u00f3don val\u00f3 &#8222;k\u00edv\u00fcl reked\u00e9se&#8221; n\u00e9h\u00e1ny \u00e9vtizeden bel\u00fcl s\u00falyos k\u00f6vetkezm\u00e9nyekkel j\u00e1rhat majd az orvosk\u00e9pz\u00e9sben, de az els\u0151 jeleket m\u00e1r napjainkban is lehet \u00e9szlelni. N\u00e9h\u00e1ny \u00e9vtizeddel ezel\u0151tt az anat\u00f3miai int\u00e9zetekben \u00f6r\u00f6mmel v\u00e1llaltak oktat\u00f3i munk\u00e1t fiatal orvosok, mivel manu\u00e1lis orvosi szakm\u00e1k fel\u00e9 kit\u0171n\u0151 el\u0151szob\u00e1nak sz\u00e1m\u00edtott a n\u00e9h\u00e1ny \u00e9ves oktat\u00e1s sor\u00e1n megszerezhet\u0151 morfol\u00f3giai gyakorlat \u00e9s ismeretanyag. Mivel a szakk\u00e9pes\u00edt\u00e9s akkoriban nem volt felt\u00e9tele az \u00f6n\u00e1ll\u00f3 orvosi tev\u00e9kenys\u00e9gnek, nagyon sok anat\u00f3mus \u00e9vtizedekig r\u00e9szt vehetett \u00fcgyeleti munk\u00e1ban, nem szakadtak el a klinikai gyakorlatt\u00f3l \u00e9s megbecs\u00fclt tagjai maradtak az orvost\u00e1rsadalomnak. Adott esetben a teljes \u00e1ll\u00e1s\u00fa gyakorl\u00f3 orvosi munk\u00e1hoz val\u00f3 visszat\u00e9r\u00e9s is j\u00e1rhat\u00f3 \u00fat volt sz\u00e1mukra.<\/p>\n<p>&nbsp;<\/p>\n<p>Az \u00faj szakk\u00e9pz\u00e9si rendszerben a helyzet gy\u00f6keresen megv\u00e1ltozott. Az elm\u00e9leti oktat\u00f3 int\u00e9zetben elt\u00f6lt\u00f6tt \u00e9vek ma elveszett id\u0151nek sz\u00e1m\u00edtanak, hacsak nem d\u00f6nt\u00f6tte el valaki, hogy tart\u00f3san ott is marad. Ma, gyakorl\u00f3 orvosi munk\u00e1ra k\u00e9sz\u00fcl\u0151 ember nem vesztegetheti az idej\u00e9t olyan tev\u00e9kenys\u00e9ggel, amely nem visz k\u00f6zelebb a szakk\u00e9pes\u00edt\u00e9s megszerz\u00e9s\u00e9hez. Ebb\u0151l k\u00f6vetkez\u0151en a leend\u0151 orvosok anat\u00f3miai oktat\u00e1s\u00e1ban egyre kevesebb orvosi diplom\u00e1val rendelkez\u0151 orvos vesz r\u00e9szt. Hely\u00fcket a term\u00e9szettudom\u00e1nyi karokon v\u00e9gzett fiatal biol\u00f3gusok, esetleg k\u00e9mikusok, biok\u00e9mikusok veszik \u00e1t, akik az oktat\u00e1s k\u00e9nyszer\u00e9t sz\u00edvesen elfogadj\u00e1k a tudom\u00e1nyos fokozat megszerz\u00e9se \u00e9rdek\u00e9ben. Anat\u00f3miai tud\u00e1suk azonban nyilv\u00e1nval\u00f3an n\u00e9lk\u00fcl\u00f6zi az orvosi gondolkod\u00e1sm\u00f3dot, \u00e9s az orvosi ismeretek \u00e9s orvosi gyakorlat hi\u00e1ny\u00e1ban aligha lehetnek a feln\u00f6vekv\u0151 orvosgener\u00e1ci\u00f3k hiteles anat\u00f3mia oktat\u00f3i.<\/p>\n<p>Klinikus oktat\u00f3k egyre gyakrabban panaszkodnak a medikusok hi\u00e1nyos anat\u00f3miai t\u00e1j\u00e9kozotts\u00e1g\u00e1ra. Curriculum-reformok kapcs\u00e1n egyre gyakrabban k\u00e9rd\u0151jelez\u0151dik meg az anat\u00f3miai ismeretek k\u00f6zl\u00e9s\u00e9re sz\u00e1nt \u00f3rasz\u00e1m sz\u00fcks\u00e9gess\u00e9ge. K\u00fclf\u00f6ldi tapasztalatok mutatj\u00e1k, hogy a morfol\u00f3giai t\u00e1rgyak oktat\u00e1sa h\u00e1tt\u00e9rbe szorul vagy, horribile dictu, tejesen meg is sz\u0171nik. Tengerent\u00fali p\u00e9ld\u00e1k szerint orvosi diplom\u00e1val rendelkez\u0151 szem\u00e9ly csak kiv\u00e9teles esetben vesz r\u00e9szt anat\u00f3miai oktat\u00e1sban, ezt a feladatot t\u00f6bbnyire biol\u00f3gusok v\u00e9gzik. Egyre szaporodnak azok a h\u00edrad\u00e1sok, amelyek az ilyen egyetemeken v\u00e9gzett orvosok hi\u00e1nyos anat\u00f3miai tud\u00e1s\u00e1r\u00f3l sz\u00f3lnak, \u00e9s amelyek a negat\u00edv folyamat meg\u00e1ll\u00edt\u00e1s\u00e1t szorgalmazz\u00e1k. Megfelel\u0151 k\u00e9pzetts\u00e9g\u0171 anat\u00f3musok hi\u00e1ny\u00e1ban azonban ez m\u00e1r nem siker\u00fcl. Az \u00f6rd\u00f6gi k\u00f6r egyik oka az, hogy az anat\u00f3mus nem sz\u00e1m\u00edt orvosnak, orvosi ismeretei ellen\u00e9re is kiszorul az orvosi gyakorlatb\u00f3l, feladatk\u00f6r\u00e9nek szakvizsga n\u00e9lk\u00fcl nincsen semmilyen preszt\u00edzse.<\/p>\n<p>V\u00e9lem\u00e9nyem szerint a szakvizsg\u00e1val nemcsak licensz-jelleg\u0171 jogokat lehetne elismerni, hanem magas szint\u0171 szakismereteket is. Az anat\u00f3miai ismeretek jelent\u0151s\u00e9g\u00e9t a k\u00e9palkot\u00f3 diagnosztikai elj\u00e1r\u00e1sok, a h\u00e1romdimenzi\u00f3s k\u00e9pi megjelen\u00edt\u00e9sek \u00e9s a modern seb\u00e9szeti m\u00f3dszerek (pl. laparoszk\u00f3pia) korunkban ism\u00e9t el\u0151t\u00e9rbe helyezik. Az orvostanhallgat\u00f3k sz\u00e1m\u00e1ra sz\u00fcks\u00e9ges modern (klinikai) anat\u00f3miai ismeretek kifejezetten ig\u00e9nylik a megalapozott ismereteket. Az anat\u00f3mia oktat\u00e1s\u00e1ra ford\u00edtott id\u0151t semmik\u00e9ppen nem szabad cs\u00f6kkenteni, de ehhez megfelel\u0151 k\u00e9pzetts\u00e9g\u0171 anat\u00f3mus szakorvosokra van sz\u00fcks\u00e9g \u00e9s nem olyan szem\u00e9lyekre, akik tudom\u00e1nyos fokozattal ugyan rendelkeznek, de orvosi tev\u00e9kenys\u00e9get soha nem v\u00e9geztek, \u00e9s az emberi test fel\u00e9p\u00edt\u00e9s\u00e9r\u0151l is csak az \u00f6sszehasonl\u00edt\u00f3 \u00e1llatrendszertan keret\u00e9ben hallottak.<\/p>\n<p>&nbsp;<\/p>\n<p>Felvetem teh\u00e1t, hogy mi\u00e9rt ne lehetne bevezetni haz\u00e1nkban az anat\u00f3miai szakvizsg\u00e1t! A Magyar Anat\u00f3mus T\u00e1rsas\u00e1g eln\u00f6kek\u00e9nt \u00e9s vezet\u0151 oktat\u00f3k\u00e9nt javaslom e k\u00e9rd\u00e9s megfontol\u00e1s\u00e1t \u00e9s napirendre t\u0171z\u00e9s\u00e9t, hiszen ma m\u00e9g nem k\u00e9s\u0151! Ma m\u00e9g anat\u00f3mus oktat\u00f3ink k\u00e9tharmada orvosi v\u00e9gzetts\u00e9ggel rendelkezik, de ez nem tart sok\u00e1ig, ha a kies\u0151 id\u0151s anat\u00f3musokat sorra biol\u00f3gusok v\u00e1ltj\u00e1k majd fel. A szakvizsg\u00e1val vissza lehetne adni ennek az orvosi szakm\u00e1nak az \u00e9rt\u00e9k\u00e9t, a CME kiterjeszt\u00e9s\u00e9vel pedig a folyamatos orvos-tov\u00e1bbk\u00e9pz\u00e9s rendszer\u00e9be is becsatlakoztathat\u00f3k lenn\u00e9nek a hazai anat\u00f3musok.<\/p>\n<p>&nbsp;<\/p>\n<p>Tisztelettel:<\/p>\n<p style=\"text-align: center\">Dr. Sz\u00e9l \u00c1goston<\/p>\n<p style=\"text-align: center\"><em> egyetemi tan\u00e1r <\/em><\/p>\n<p style=\"text-align: center\"><a href=\"https:\/\/semmelweis.hu\/anatomia\/files\/2015\/07\/szel-anatszakv-.jpg\"><img loading=\"lazy\" decoding=\"async\" class=\" size-thumbnail wp-image-8579 aligncenter\" src=\"https:\/\/semmelweis.hu\/anatomia\/files\/2015\/07\/szel-anatszakv--150x150.jpg\" alt=\"szel-anatszakv-\" width=\"150\" height=\"150\" srcset=\"https:\/\/semmelweis.hu\/anatomia\/files\/2015\/07\/szel-anatszakv--150x150.jpg 150w, https:\/\/semmelweis.hu\/anatomia\/files\/2015\/07\/szel-anatszakv--90x90.jpg 90w\" sizes=\"auto, (max-width: 150px) 100vw, 150px\" \/><\/a><a href=\"http:\/\/www.motesz.hu\/?gr=43&amp;m=43\">MOTESZ Magazin<\/a><\/p>\n","protected":false},"excerpt":{"rendered":"<p>&nbsp; Dr. Sz\u00e9l \u00c1goston egyetemi tan\u00e1r, a Hum\u00e1nmorfol\u00f3giai \u00e9s Fejl\u0151d\u00e9sbiol\u00f3giai Int\u00e9zet igazgat\u00f3j\u00e1nak \u00edr\u00e1sa a leg\u00fajabb, 2006\/2. MOTESZ Magazinban \u00a0 VITAIND\u00cdT\u00d3 KEZDEM\u00c9NYEZ\u00c9S Dr. Sz\u00e9l \u00c1goston egyetemi tan\u00e1r, a Semmelweis Egyetem \u00c1ltal\u00e1nos Orvostudom\u00e1nyi Kar Hum\u00e1nmorfol\u00f3giai \u00e9s Fejl\u0151d\u00e9sbiol\u00f3giai Int\u00e9zet\u00e9nek igazgat\u00f3ja, az anat\u00f3mus szakvizsga megszerz\u00e9se t\u00e1rgy\u00e1ban az al\u00e1bbi levelet juttatta el hozz\u00e1m. Az anat\u00f3mia t\u00e1rgy \u00f6nmag\u00e1ban is indokoln\u00e1 a &hellip;<\/p>\n","protected":false},"author":352,"featured_media":8579,"comment_status":"closed","ping_status":"closed","sticky":false,"template":"","format":"standard","meta":{"_acf_changed":false,"footnotes":""},"categories":[20,206],"tags":[],"class_list":["post-8578","post","type-post","status-publish","format-standard","has-post-thumbnail","hentry","category-intezeti-hirek","category-oktatas"],"acf":[],"_links":{"self":[{"href":"https:\/\/semmelweis.hu\/anatomia\/wp-json\/wp\/v2\/posts\/8578","targetHints":{"allow":["GET"]}}],"collection":[{"href":"https:\/\/semmelweis.hu\/anatomia\/wp-json\/wp\/v2\/posts"}],"about":[{"href":"https:\/\/semmelweis.hu\/anatomia\/wp-json\/wp\/v2\/types\/post"}],"author":[{"embeddable":true,"href":"https:\/\/semmelweis.hu\/anatomia\/wp-json\/wp\/v2\/users\/352"}],"replies":[{"embeddable":true,"href":"https:\/\/semmelweis.hu\/anatomia\/wp-json\/wp\/v2\/comments?post=8578"}],"version-history":[{"count":2,"href":"https:\/\/semmelweis.hu\/anatomia\/wp-json\/wp\/v2\/posts\/8578\/revisions"}],"predecessor-version":[{"id":8813,"href":"https:\/\/semmelweis.hu\/anatomia\/wp-json\/wp\/v2\/posts\/8578\/revisions\/8813"}],"wp:featuredmedia":[{"embeddable":true,"href":"https:\/\/semmelweis.hu\/anatomia\/wp-json\/wp\/v2\/media\/8579"}],"wp:attachment":[{"href":"https:\/\/semmelweis.hu\/anatomia\/wp-json\/wp\/v2\/media?parent=8578"}],"wp:term":[{"taxonomy":"category","embeddable":true,"href":"https:\/\/semmelweis.hu\/anatomia\/wp-json\/wp\/v2\/categories?post=8578"},{"taxonomy":"post_tag","embeddable":true,"href":"https:\/\/semmelweis.hu\/anatomia\/wp-json\/wp\/v2\/tags?post=8578"}],"curies":[{"name":"wp","href":"https:\/\/api.w.org\/{rel}","templated":true}]}}