{"id":8517,"date":"2006-10-26T10:51:03","date_gmt":"2006-10-26T08:51:03","guid":{"rendered":"http:\/\/semmelweis.hu\/anatomia\/?p=8517"},"modified":"2016-03-26T12:51:19","modified_gmt":"2016-03-26T11:51:19","slug":"dr-vidnyanszky-zoltan-mta-doktori-vedese","status":"publish","type":"post","link":"https:\/\/semmelweis.hu\/anatomia\/2006\/10\/26\/dr-vidnyanszky-zoltan-mta-doktori-vedese\/","title":{"rendered":"Dr. Vidny\u00e1nszky Zolt\u00e1n MTA doktori v\u00e9d\u00e9se"},"content":{"rendered":"<p style=\"text-align: center\"><span style=\"font-family: Verdana;font-size: small\">Dr. Vidny\u00e1nszky Zolt\u00e1n <\/span> <span style=\"font-family: Verdana;font-size: small\">MTA doktora c\u00edmre beny\u00fajtott <i>&#8222;Az akt\u00edv l\u00e1t\u00e1s idegrendszeri folyamatai&#8221;<\/i>\u00a0c\u00edm\u0171 doktori \u00e9rtekez\u00e9s\u00e9nek nyilv\u00e1nos vit\u00e1ja<\/span><span style=\"font-family: Verdana;font-size: small\"> 2006. okt\u00f3ber 24-\u00e9n du. 14 \u00f3rakor volt a Magyar Tudom\u00e1nyos Akad\u00e9mia Felolvas\u00f3term\u00e9ben<\/span><span style=\"font-family: Verdana;font-size: small\">. <\/span><span style=\"font-family: Verdana;font-size: small\"><br \/> <i>(Fot\u00f3: Kiss J\u00f3zsef)<\/i><\/span><\/p>\n<p><a href=\"https:\/\/semmelweis.hu\/anatomia\/files\/2015\/07\/pa240051.jpg\"><img loading=\"lazy\" decoding=\"async\" class=\"aligncenter wp-image-8518\" src=\"https:\/\/semmelweis.hu\/anatomia\/files\/2015\/07\/pa240051.jpg\" alt=\"pa240051\" width=\"640\" height=\"480\" srcset=\"https:\/\/semmelweis.hu\/anatomia\/files\/2015\/07\/pa240051.jpg 889w, https:\/\/semmelweis.hu\/anatomia\/files\/2015\/07\/pa240051-300x225.jpg 300w, https:\/\/semmelweis.hu\/anatomia\/files\/2015\/07\/pa240051-400x300.jpg 400w\" sizes=\"auto, (max-width: 640px) 100vw, 640px\" \/><\/a> <a href=\"https:\/\/semmelweis.hu\/anatomia\/files\/2015\/07\/pa240038.jpg\"><img loading=\"lazy\" decoding=\"async\" class=\"aligncenter wp-image-8519\" src=\"https:\/\/semmelweis.hu\/anatomia\/files\/2015\/07\/pa240038.jpg\" alt=\"pa240038\" width=\"640\" height=\"480\" srcset=\"https:\/\/semmelweis.hu\/anatomia\/files\/2015\/07\/pa240038.jpg 889w, https:\/\/semmelweis.hu\/anatomia\/files\/2015\/07\/pa240038-300x225.jpg 300w, https:\/\/semmelweis.hu\/anatomia\/files\/2015\/07\/pa240038-400x300.jpg 400w\" sizes=\"auto, (max-width: 640px) 100vw, 640px\" \/><\/a> <a href=\"https:\/\/semmelweis.hu\/anatomia\/files\/2015\/07\/pa240047.jpg\"><img loading=\"lazy\" decoding=\"async\" class=\"aligncenter wp-image-8520\" src=\"https:\/\/semmelweis.hu\/anatomia\/files\/2015\/07\/pa240047.jpg\" alt=\"pa240047\" width=\"640\" height=\"480\" srcset=\"https:\/\/semmelweis.hu\/anatomia\/files\/2015\/07\/pa240047.jpg 889w, https:\/\/semmelweis.hu\/anatomia\/files\/2015\/07\/pa240047-300x225.jpg 300w, https:\/\/semmelweis.hu\/anatomia\/files\/2015\/07\/pa240047-400x300.jpg 400w\" sizes=\"auto, (max-width: 640px) 100vw, 640px\" \/><\/a><\/p>\n<p>&nbsp;<\/p>\n","protected":false},"excerpt":{"rendered":"<p>Dr. Vidny\u00e1nszky Zolt\u00e1n  MTA doktora c\u00edmre beny\u00fajtott &#8222;Az akt\u00edv l\u00e1t\u00e1s idegrendszeri folyamatai&#8221;\u00a0c\u00edm\u0171 doktori \u00e9rtekez\u00e9s\u00e9nek nyilv\u00e1nos vit\u00e1ja 2006. okt\u00f3ber 24-\u00e9n du. 14 \u00f3rakor volt a Magyar Tudom\u00e1nyos Akad\u00e9mia Felolvas\u00f3term\u00e9ben.  (Fot\u00f3: Kiss J\u00f3zsef)<br \/>\n<a href=\"https:\/\/semmelweis.hu\/anatomia\/files\/2015\/07\/pa240051.jpg\"><\/a> <a href=\"https:\/\/semmelweis.hu\/anatomia\/files\/2015\/07\/pa240038.jpg\"><\/a> <a href=\"https:\/\/semmelweis.hu\/anatomia\/files\/2015\/07\/pa240047.jpg\"><\/a><br \/>\n&nbsp;<\/p>\n","protected":false},"author":352,"featured_media":8520,"comment_status":"closed","ping_status":"closed","sticky":false,"template":"","format":"standard","meta":{"_acf_changed":false,"footnotes":""},"categories":[20,210],"tags":[],"class_list":["post-8517","post","type-post","status-publish","format-standard","has-post-thumbnail","hentry","category-intezeti-hirek","category-tudomany"],"acf":[],"_links":{"self":[{"href":"https:\/\/semmelweis.hu\/anatomia\/wp-json\/wp\/v2\/posts\/8517","targetHints":{"allow":["GET"]}}],"collection":[{"href":"https:\/\/semmelweis.hu\/anatomia\/wp-json\/wp\/v2\/posts"}],"about":[{"href":"https:\/\/semmelweis.hu\/anatomia\/wp-json\/wp\/v2\/types\/post"}],"author":[{"embeddable":true,"href":"https:\/\/semmelweis.hu\/anatomia\/wp-json\/wp\/v2\/users\/352"}],"replies":[{"embeddable":true,"href":"https:\/\/semmelweis.hu\/anatomia\/wp-json\/wp\/v2\/comments?post=8517"}],"version-history":[{"count":1,"href":"https:\/\/semmelweis.hu\/anatomia\/wp-json\/wp\/v2\/posts\/8517\/revisions"}],"predecessor-version":[{"id":8521,"href":"https:\/\/semmelweis.hu\/anatomia\/wp-json\/wp\/v2\/posts\/8517\/revisions\/8521"}],"wp:featuredmedia":[{"embeddable":true,"href":"https:\/\/semmelweis.hu\/anatomia\/wp-json\/wp\/v2\/media\/8520"}],"wp:attachment":[{"href":"https:\/\/semmelweis.hu\/anatomia\/wp-json\/wp\/v2\/media?parent=8517"}],"wp:term":[{"taxonomy":"category","embeddable":true,"href":"https:\/\/semmelweis.hu\/anatomia\/wp-json\/wp\/v2\/categories?post=8517"},{"taxonomy":"post_tag","embeddable":true,"href":"https:\/\/semmelweis.hu\/anatomia\/wp-json\/wp\/v2\/tags?post=8517"}],"curies":[{"name":"wp","href":"https:\/\/api.w.org\/{rel}","templated":true}]}}