{"id":8510,"date":"2006-11-10T10:47:49","date_gmt":"2006-11-10T09:47:49","guid":{"rendered":"http:\/\/semmelweis.hu\/anatomia\/?p=8510"},"modified":"2015-08-02T14:43:37","modified_gmt":"2015-08-02T12:43:37","slug":"vendegeloadok-intezetunkben","status":"publish","type":"post","link":"https:\/\/semmelweis.hu\/anatomia\/2006\/11\/10\/vendegeloadok-intezetunkben\/","title":{"rendered":"Vend\u00e9gel\u0151ad\u00f3k Int\u00e9zet\u00fcnkben"},"content":{"rendered":"<p>2006. november 6-\u00e1n 2 vend\u00e9gel\u0151ad\u00f3 tartott tantermi el\u0151ad\u00e1st:<\/p>\n<div align=\"center\">\n<table id=\"AutoNumber1\" border=\"0\" cellspacing=\"0\" cellpadding=\"0\">\n<tbody>\n<tr>\n<td>\n<ul>\n<li><b>Dr. Szirmai Imre<\/b> egyetemi tan\u00e1r, a Neurol\u00f3giai Klinika igazgat\u00f3ja a hagyom\u00e1nyos betegbemutat\u00e1s-el\u0151ad\u00e1s keret\u00e9ben n\u00e9met, majd magyar nyelv\u0171 el\u0151ad\u00e1st tartott az idegrendszeri betegs\u00e9gek (klinikai vonatkoz\u00e1sok) demonstr\u00e1l\u00e1sa c\u00e9lj\u00e1b\u00f3l;<\/li>\n<li><b>Dr. Haj\u00f3s Ferenc<\/b> egyetemi tan\u00e1r (kor\u00e1bbi munkat\u00e1rsunk) &#8211; a Szent Istv\u00e1n Egyetem \u00c1llatorvostudom\u00e1nyi Kar Anat\u00f3miai-, Sz\u00f6vet- \u00e9s Fejl\u0151d\u00e9stani Int\u00e9zet\u00e9b\u0151l &#8211; a szem f\u00e9nyt\u00f6r\u0151 k\u00f6zegeir\u0151l tartott felk\u00e9r\u00e9sre el\u0151ad\u00e1st 70. sz\u00fclet\u00e9snapja alkalm\u00e1b\u00f3l.<\/li>\n<\/ul>\n<\/td>\n<\/tr>\n<\/tbody>\n<\/table>\n<\/div>\n<hr \/>\n<p><span style=\"font-size: xx-small\"><a href=\"https:\/\/semmelweis.hu\/anatomia\/files\/2015\/07\/szirmai3.jpg\"><img loading=\"lazy\" decoding=\"async\" class=\"aligncenter wp-image-8511\" src=\"https:\/\/semmelweis.hu\/anatomia\/files\/2015\/07\/szirmai3.jpg\" alt=\"szirmai3\" width=\"640\" height=\"800\" srcset=\"https:\/\/semmelweis.hu\/anatomia\/files\/2015\/07\/szirmai3.jpg 762w, https:\/\/semmelweis.hu\/anatomia\/files\/2015\/07\/szirmai3-240x300.jpg 240w\" sizes=\"auto, (max-width: 640px) 100vw, 640px\" \/><\/a> <a href=\"https:\/\/semmelweis.hu\/anatomia\/files\/2015\/07\/hajos4.jpg\"><img loading=\"lazy\" decoding=\"async\" class=\"aligncenter wp-image-8512\" src=\"https:\/\/semmelweis.hu\/anatomia\/files\/2015\/07\/hajos4.jpg\" alt=\"hajos4\" width=\"640\" height=\"743\" srcset=\"https:\/\/semmelweis.hu\/anatomia\/files\/2015\/07\/hajos4.jpg 724w, https:\/\/semmelweis.hu\/anatomia\/files\/2015\/07\/hajos4-259x300.jpg 259w\" sizes=\"auto, (max-width: 640px) 100vw, 640px\" \/><\/a> <a href=\"https:\/\/semmelweis.hu\/anatomia\/files\/2015\/07\/hajos5.jpg\"><img loading=\"lazy\" decoding=\"async\" class=\"aligncenter wp-image-8513\" src=\"https:\/\/semmelweis.hu\/anatomia\/files\/2015\/07\/hajos5.jpg\" alt=\"hajos5\" width=\"640\" height=\"763\" srcset=\"https:\/\/semmelweis.hu\/anatomia\/files\/2015\/07\/hajos5.jpg 748w, https:\/\/semmelweis.hu\/anatomia\/files\/2015\/07\/hajos5-252x300.jpg 252w\" sizes=\"auto, (max-width: 640px) 100vw, 640px\" \/><\/a> <a href=\"https:\/\/semmelweis.hu\/anatomia\/files\/2015\/07\/szirmai1.jpg\"><img loading=\"lazy\" decoding=\"async\" class=\"aligncenter wp-image-8514 size-full\" src=\"https:\/\/semmelweis.hu\/anatomia\/files\/2015\/07\/szirmai1.jpg\" alt=\"szirmai1\" width=\"660\" height=\"784\" srcset=\"https:\/\/semmelweis.hu\/anatomia\/files\/2015\/07\/szirmai1.jpg 660w, https:\/\/semmelweis.hu\/anatomia\/files\/2015\/07\/szirmai1-253x300.jpg 253w\" sizes=\"auto, (max-width: 660px) 100vw, 660px\" \/><\/a> <a href=\"https:\/\/semmelweis.hu\/anatomia\/files\/2015\/07\/szirmai2.jpg\"><img loading=\"lazy\" decoding=\"async\" class=\"aligncenter wp-image-8515\" src=\"https:\/\/semmelweis.hu\/anatomia\/files\/2015\/07\/szirmai2.jpg\" alt=\"szirmai2\" width=\"640\" height=\"446\" srcset=\"https:\/\/semmelweis.hu\/anatomia\/files\/2015\/07\/szirmai2.jpg 890w, https:\/\/semmelweis.hu\/anatomia\/files\/2015\/07\/szirmai2-300x209.jpg 300w, https:\/\/semmelweis.hu\/anatomia\/files\/2015\/07\/szirmai2-431x300.jpg 431w\" sizes=\"auto, (max-width: 640px) 100vw, 640px\" \/><\/a><\/span><\/p>\n<p style=\"text-align: center\">(Fot\u00f3: Kiss J\u00f3zsef)<\/p>\n","protected":false},"excerpt":{"rendered":"<p>2006. november 6-\u00e1n 2 vend\u00e9gel\u0151ad\u00f3 tartott tantermi el\u0151ad\u00e1st: Dr. Szirmai Imre egyetemi tan\u00e1r, a Neurol\u00f3giai Klinika igazgat\u00f3ja a hagyom\u00e1nyos betegbemutat\u00e1s-el\u0151ad\u00e1s keret\u00e9ben n\u00e9met, majd magyar nyelv\u0171 el\u0151ad\u00e1st tartott az idegrendszeri betegs\u00e9gek (klinikai vonatkoz\u00e1sok) demonstr\u00e1l\u00e1sa c\u00e9lj\u00e1b\u00f3l; Dr. Haj\u00f3s Ferenc egyetemi tan\u00e1r (kor\u00e1bbi munkat\u00e1rsunk) &#8211; a Szent Istv\u00e1n Egyetem \u00c1llatorvostudom\u00e1nyi Kar Anat\u00f3miai-, Sz\u00f6vet- \u00e9s Fejl\u0151d\u00e9stani Int\u00e9zet\u00e9b\u0151l &#8211; a &hellip;<\/p>\n","protected":false},"author":352,"featured_media":8511,"comment_status":"closed","ping_status":"closed","sticky":false,"template":"","format":"standard","meta":{"_acf_changed":false,"footnotes":""},"categories":[20,206],"tags":[],"class_list":["post-8510","post","type-post","status-publish","format-standard","has-post-thumbnail","hentry","category-intezeti-hirek","category-oktatas"],"acf":[],"_links":{"self":[{"href":"https:\/\/semmelweis.hu\/anatomia\/wp-json\/wp\/v2\/posts\/8510","targetHints":{"allow":["GET"]}}],"collection":[{"href":"https:\/\/semmelweis.hu\/anatomia\/wp-json\/wp\/v2\/posts"}],"about":[{"href":"https:\/\/semmelweis.hu\/anatomia\/wp-json\/wp\/v2\/types\/post"}],"author":[{"embeddable":true,"href":"https:\/\/semmelweis.hu\/anatomia\/wp-json\/wp\/v2\/users\/352"}],"replies":[{"embeddable":true,"href":"https:\/\/semmelweis.hu\/anatomia\/wp-json\/wp\/v2\/comments?post=8510"}],"version-history":[{"count":1,"href":"https:\/\/semmelweis.hu\/anatomia\/wp-json\/wp\/v2\/posts\/8510\/revisions"}],"predecessor-version":[{"id":8516,"href":"https:\/\/semmelweis.hu\/anatomia\/wp-json\/wp\/v2\/posts\/8510\/revisions\/8516"}],"wp:featuredmedia":[{"embeddable":true,"href":"https:\/\/semmelweis.hu\/anatomia\/wp-json\/wp\/v2\/media\/8511"}],"wp:attachment":[{"href":"https:\/\/semmelweis.hu\/anatomia\/wp-json\/wp\/v2\/media?parent=8510"}],"wp:term":[{"taxonomy":"category","embeddable":true,"href":"https:\/\/semmelweis.hu\/anatomia\/wp-json\/wp\/v2\/categories?post=8510"},{"taxonomy":"post_tag","embeddable":true,"href":"https:\/\/semmelweis.hu\/anatomia\/wp-json\/wp\/v2\/tags?post=8510"}],"curies":[{"name":"wp","href":"https:\/\/api.w.org\/{rel}","templated":true}]}}