{"id":8505,"date":"2006-11-10T09:57:32","date_gmt":"2006-11-10T08:57:32","guid":{"rendered":"http:\/\/semmelweis.hu\/anatomia\/?p=8505"},"modified":"2015-07-31T11:22:43","modified_gmt":"2015-07-31T09:22:43","slug":"oszi-hangulat-a-kerben","status":"publish","type":"post","link":"https:\/\/semmelweis.hu\/anatomia\/2006\/11\/10\/oszi-hangulat-a-kerben\/","title":{"rendered":"\u0150szi hangulat a kertben"},"content":{"rendered":"<p style=\"text-align: center\">2003. november 4.<br \/> (A <i>Ginkgo biloba<\/i>-f\u00e1k egyik\u00e9nek levelei m\u00e1r teljesen s\u00e1rg\u00e1k, a m\u00e1sik is kezd s\u00e1rgulni&#8230;)<\/p>\n<p style=\"text-align: center\"><a href=\"https:\/\/semmelweis.hu\/anatomia\/files\/2015\/07\/dsc04918.jpg\"><img loading=\"lazy\" decoding=\"async\" class=\"aligncenter wp-image-8506\" src=\"https:\/\/semmelweis.hu\/anatomia\/files\/2015\/07\/dsc04918.jpg\" alt=\"dsc04918\" width=\"640\" height=\"480\" srcset=\"https:\/\/semmelweis.hu\/anatomia\/files\/2015\/07\/dsc04918.jpg 700w, https:\/\/semmelweis.hu\/anatomia\/files\/2015\/07\/dsc04918-300x225.jpg 300w, https:\/\/semmelweis.hu\/anatomia\/files\/2015\/07\/dsc04918-400x300.jpg 400w\" sizes=\"auto, (max-width: 640px) 100vw, 640px\" \/><\/a> <a href=\"https:\/\/semmelweis.hu\/anatomia\/files\/2015\/07\/dsc04904.jpg\"><img loading=\"lazy\" decoding=\"async\" class=\"aligncenter wp-image-8507\" src=\"https:\/\/semmelweis.hu\/anatomia\/files\/2015\/07\/dsc04904.jpg\" alt=\"dsc04904\" width=\"640\" height=\"480\" srcset=\"https:\/\/semmelweis.hu\/anatomia\/files\/2015\/07\/dsc04904.jpg 700w, https:\/\/semmelweis.hu\/anatomia\/files\/2015\/07\/dsc04904-300x225.jpg 300w, https:\/\/semmelweis.hu\/anatomia\/files\/2015\/07\/dsc04904-400x300.jpg 400w\" sizes=\"auto, (max-width: 640px) 100vw, 640px\" \/><\/a> <a href=\"https:\/\/semmelweis.hu\/anatomia\/files\/2015\/07\/dsc04911.jpg\"><img loading=\"lazy\" decoding=\"async\" class=\"aligncenter wp-image-8508\" src=\"https:\/\/semmelweis.hu\/anatomia\/files\/2015\/07\/dsc04911.jpg\" alt=\"dsc04911\" width=\"640\" height=\"480\" srcset=\"https:\/\/semmelweis.hu\/anatomia\/files\/2015\/07\/dsc04911.jpg 700w, https:\/\/semmelweis.hu\/anatomia\/files\/2015\/07\/dsc04911-300x225.jpg 300w, https:\/\/semmelweis.hu\/anatomia\/files\/2015\/07\/dsc04911-400x300.jpg 400w\" sizes=\"auto, (max-width: 640px) 100vw, 640px\" \/><\/a>(Fot\u00f3: Altdorfer K.)<\/p>\n<p>&nbsp;<\/p>\n","protected":false},"excerpt":{"rendered":"<p>2003. november 4. (A Ginkgo biloba-f\u00e1k egyik\u00e9nek levelei m\u00e1r teljesen s\u00e1rg\u00e1k, a m\u00e1sik is kezd s\u00e1rgulni&#8230;)<br \/>\n<a href=\"https:\/\/semmelweis.hu\/anatomia\/files\/2015\/07\/dsc04918.jpg\"><\/a> <a href=\"https:\/\/semmelweis.hu\/anatomia\/files\/2015\/07\/dsc04904.jpg\"><\/a> <a href=\"https:\/\/semmelweis.hu\/anatomia\/files\/2015\/07\/dsc04911.jpg\"><\/a>(Fot\u00f3: Altdorfer K.)<br \/>\n&nbsp;<\/p>\n","protected":false},"author":352,"featured_media":8507,"comment_status":"closed","ping_status":"closed","sticky":false,"template":"","format":"standard","meta":{"_acf_changed":false,"footnotes":""},"categories":[20],"tags":[],"class_list":["post-8505","post","type-post","status-publish","format-standard","has-post-thumbnail","hentry","category-intezeti-hirek"],"acf":[],"_links":{"self":[{"href":"https:\/\/semmelweis.hu\/anatomia\/wp-json\/wp\/v2\/posts\/8505","targetHints":{"allow":["GET"]}}],"collection":[{"href":"https:\/\/semmelweis.hu\/anatomia\/wp-json\/wp\/v2\/posts"}],"about":[{"href":"https:\/\/semmelweis.hu\/anatomia\/wp-json\/wp\/v2\/types\/post"}],"author":[{"embeddable":true,"href":"https:\/\/semmelweis.hu\/anatomia\/wp-json\/wp\/v2\/users\/352"}],"replies":[{"embeddable":true,"href":"https:\/\/semmelweis.hu\/anatomia\/wp-json\/wp\/v2\/comments?post=8505"}],"version-history":[{"count":2,"href":"https:\/\/semmelweis.hu\/anatomia\/wp-json\/wp\/v2\/posts\/8505\/revisions"}],"predecessor-version":[{"id":8542,"href":"https:\/\/semmelweis.hu\/anatomia\/wp-json\/wp\/v2\/posts\/8505\/revisions\/8542"}],"wp:featuredmedia":[{"embeddable":true,"href":"https:\/\/semmelweis.hu\/anatomia\/wp-json\/wp\/v2\/media\/8507"}],"wp:attachment":[{"href":"https:\/\/semmelweis.hu\/anatomia\/wp-json\/wp\/v2\/media?parent=8505"}],"wp:term":[{"taxonomy":"category","embeddable":true,"href":"https:\/\/semmelweis.hu\/anatomia\/wp-json\/wp\/v2\/categories?post=8505"},{"taxonomy":"post_tag","embeddable":true,"href":"https:\/\/semmelweis.hu\/anatomia\/wp-json\/wp\/v2\/tags?post=8505"}],"curies":[{"name":"wp","href":"https:\/\/api.w.org\/{rel}","templated":true}]}}