{"id":8483,"date":"2006-12-31T09:40:44","date_gmt":"2006-12-31T08:40:44","guid":{"rendered":"http:\/\/semmelweis.hu\/anatomia\/?p=8483"},"modified":"2015-07-31T09:42:18","modified_gmt":"2015-07-31T07:42:18","slug":"boldog-uj-evet-kivanunk-5","status":"publish","type":"post","link":"https:\/\/semmelweis.hu\/anatomia\/2006\/12\/31\/boldog-uj-evet-kivanunk-5\/","title":{"rendered":"Boldog \u00daj \u00c9vet k\u00edv\u00e1nunk!"},"content":{"rendered":"<p><a href=\"https:\/\/semmelweis.hu\/anatomia\/files\/2015\/07\/buek2007.jpg\"><img loading=\"lazy\" decoding=\"async\" class=\"aligncenter wp-image-8484\" src=\"https:\/\/semmelweis.hu\/anatomia\/files\/2015\/07\/buek2007.jpg\" alt=\"buek2007\" width=\"640\" height=\"362\" srcset=\"https:\/\/semmelweis.hu\/anatomia\/files\/2015\/07\/buek2007.jpg 800w, https:\/\/semmelweis.hu\/anatomia\/files\/2015\/07\/buek2007-300x170.jpg 300w, https:\/\/semmelweis.hu\/anatomia\/files\/2015\/07\/buek2007-531x300.jpg 531w\" sizes=\"auto, (max-width: 640px) 100vw, 640px\" \/><\/a><\/p>\n","protected":false},"excerpt":{"rendered":"<p><a href=\"https:\/\/semmelweis.hu\/anatomia\/files\/2015\/07\/buek2007.jpg\"><\/a><\/p>\n","protected":false},"author":352,"featured_media":8397,"comment_status":"closed","ping_status":"closed","sticky":false,"template":"","format":"standard","meta":{"_acf_changed":false,"footnotes":""},"categories":[20],"tags":[],"class_list":["post-8483","post","type-post","status-publish","format-standard","has-post-thumbnail","hentry","category-intezeti-hirek"],"acf":[],"_links":{"self":[{"href":"https:\/\/semmelweis.hu\/anatomia\/wp-json\/wp\/v2\/posts\/8483","targetHints":{"allow":["GET"]}}],"collection":[{"href":"https:\/\/semmelweis.hu\/anatomia\/wp-json\/wp\/v2\/posts"}],"about":[{"href":"https:\/\/semmelweis.hu\/anatomia\/wp-json\/wp\/v2\/types\/post"}],"author":[{"embeddable":true,"href":"https:\/\/semmelweis.hu\/anatomia\/wp-json\/wp\/v2\/users\/352"}],"replies":[{"embeddable":true,"href":"https:\/\/semmelweis.hu\/anatomia\/wp-json\/wp\/v2\/comments?post=8483"}],"version-history":[{"count":1,"href":"https:\/\/semmelweis.hu\/anatomia\/wp-json\/wp\/v2\/posts\/8483\/revisions"}],"predecessor-version":[{"id":8485,"href":"https:\/\/semmelweis.hu\/anatomia\/wp-json\/wp\/v2\/posts\/8483\/revisions\/8485"}],"wp:featuredmedia":[{"embeddable":true,"href":"https:\/\/semmelweis.hu\/anatomia\/wp-json\/wp\/v2\/media\/8397"}],"wp:attachment":[{"href":"https:\/\/semmelweis.hu\/anatomia\/wp-json\/wp\/v2\/media?parent=8483"}],"wp:term":[{"taxonomy":"category","embeddable":true,"href":"https:\/\/semmelweis.hu\/anatomia\/wp-json\/wp\/v2\/categories?post=8483"},{"taxonomy":"post_tag","embeddable":true,"href":"https:\/\/semmelweis.hu\/anatomia\/wp-json\/wp\/v2\/tags?post=8483"}],"curies":[{"name":"wp","href":"https:\/\/api.w.org\/{rel}","templated":true}]}}