{"id":8469,"date":"2007-02-14T09:28:14","date_gmt":"2007-02-14T08:28:14","guid":{"rendered":"http:\/\/semmelweis.hu\/anatomia\/?p=8469"},"modified":"2015-08-06T22:51:55","modified_gmt":"2015-08-06T20:51:55","slug":"kalmanfi-janos-festomuvesz-temetese","status":"publish","type":"post","link":"https:\/\/semmelweis.hu\/anatomia\/2007\/02\/14\/kalmanfi-janos-festomuvesz-temetese\/","title":{"rendered":"K\u00e1lm\u00e1nfi J\u00e1nos fest\u0151m\u0171v\u00e9sz temet\u00e9se"},"content":{"rendered":"<p style=\"text-align: center\">86. \u00e9let\u00e9v\u00e9ben elhunyt K\u00e1lm\u00e1nfi J\u00e1nos (Int\u00e9zet\u00fcnk volt fest\u0151- \u00e9s grafikusm\u0171v\u00e9sze) temet\u00e9se 2006. janu\u00e1r 26-\u00e1n volt a Magyar Szentek Templom\u00e1nak urnatemet\u0151j\u00e9ben katolikus szertart\u00e1s szerint. <b> <a href=\"http:\/\/www.ujsag.sote.hu\/se200703\/20070319.html\" target=\"_top\">B\u00facs\u00faztat\u00f3<\/a><\/b>t <b>Dr. Don\u00e1th Tibor<\/b> emeritus professzor mondott. <i>(Fot\u00f3k: Kiss J\u00f3zsef)<\/i><\/p>\n<p><a href=\"https:\/\/semmelweis.hu\/anatomia\/files\/2015\/07\/kalmanfi-t5.jpg\"><img loading=\"lazy\" decoding=\"async\" class=\"aligncenter wp-image-8470\" src=\"https:\/\/semmelweis.hu\/anatomia\/files\/2015\/07\/kalmanfi-t5.jpg\" alt=\"kalmanfi-t5\" width=\"640\" height=\"415\" srcset=\"https:\/\/semmelweis.hu\/anatomia\/files\/2015\/07\/kalmanfi-t5.jpg 877w, https:\/\/semmelweis.hu\/anatomia\/files\/2015\/07\/kalmanfi-t5-300x195.jpg 300w, https:\/\/semmelweis.hu\/anatomia\/files\/2015\/07\/kalmanfi-t5-462x300.jpg 462w\" sizes=\"auto, (max-width: 640px) 100vw, 640px\" \/><\/a> <a href=\"https:\/\/semmelweis.hu\/anatomia\/files\/2015\/07\/kalmanfi-t2.jpg\"><img loading=\"lazy\" decoding=\"async\" class=\"aligncenter wp-image-8471\" src=\"https:\/\/semmelweis.hu\/anatomia\/files\/2015\/07\/kalmanfi-t2.jpg\" alt=\"kalmanfi-t2\" width=\"596\" height=\"796\" srcset=\"https:\/\/semmelweis.hu\/anatomia\/files\/2015\/07\/kalmanfi-t2.jpg 596w, https:\/\/semmelweis.hu\/anatomia\/files\/2015\/07\/kalmanfi-t2-225x300.jpg 225w\" sizes=\"auto, (max-width: 596px) 100vw, 596px\" \/><\/a> <a href=\"https:\/\/semmelweis.hu\/anatomia\/files\/2015\/07\/kalmanfi-t3.jpg\"><img loading=\"lazy\" decoding=\"async\" class=\"aligncenter wp-image-8472\" src=\"https:\/\/semmelweis.hu\/anatomia\/files\/2015\/07\/kalmanfi-t3.jpg\" alt=\"kalmanfi-t3\" width=\"640\" height=\"424\" srcset=\"https:\/\/semmelweis.hu\/anatomia\/files\/2015\/07\/kalmanfi-t3.jpg 878w, https:\/\/semmelweis.hu\/anatomia\/files\/2015\/07\/kalmanfi-t3-300x199.jpg 300w, https:\/\/semmelweis.hu\/anatomia\/files\/2015\/07\/kalmanfi-t3-453x300.jpg 453w\" sizes=\"auto, (max-width: 640px) 100vw, 640px\" \/><\/a><\/p>\n<hr \/>\n<p>&nbsp;<\/p>\n<p style=\"text-align: center\"><strong>Munk\u00e1ss\u00e1ga, 2006-os ki\u00e1ll\u00edt\u00e1sa<\/strong><\/p>\n<p align=\"justify\"><b><span style=\"font-size: small\"> K\u00e1lm\u00e1nfi J\u00e1nos fest\u0151m\u0171v\u00e9sz<\/span><\/b><\/p>\n<p><span style=\"font-size: small\">&#8222;1960-t\u00f3l 1999-ig egyetem\u00fcnk Anat\u00f3miai <\/span><a href=\"https:\/\/semmelweis.hu\/anatomia\/files\/2015\/07\/kalmanfi2006.jpg\"><img loading=\"lazy\" decoding=\"async\" class=\"alignright wp-image-8473 size-full\" src=\"https:\/\/semmelweis.hu\/anatomia\/files\/2015\/07\/kalmanfi2006.jpg\" alt=\"\" width=\"200\" height=\"153\" \/><\/a><\/p>\n<p align=\"justify\"><span style=\"font-size: small\">Int\u00e9zet\u00e9ben f\u0151\u00e1ll\u00e1sban rengeteg tudom\u00e1nyos rajzot \u00e9s nagym\u00e9ret\u0171 tantermi \u00e1br\u00e1t festett (&#8230;)<br \/> K\u00e1lm\u00e1nfi J\u00e1nos 1921-ben sz\u00fcletett Nyitr\u00e1n. M\u0171v\u00e9szeti tanulm\u00e1nyait Budapesten az Iparrajziskola esti h\u00e1rom\u00e9ves tanfolyam\u00e1n kezdte, majd 19 \u00e9ves kor\u00e1ban az Iparm\u0171v\u00e9szeti Iskola fest\u0151 szak\u00e1ra ker\u00fclt, melynek befejez\u00e9se ut\u00e1n a K\u00e9pz\u0151m\u0171v\u00e9szeti Akad\u00e9mia m\u0171v\u00e9sz szak\u00e1t v\u00e9gezte el. F\u0151bb mesterei: Leszkovszky Gy., Kaczi\u00e1ny A., Domanovszky E. \u00e9s Elekfi J. voltak. Az Iparm\u0171v\u00e9szeti Iskol\u00e1val p\u00e1rhuzamosan a Budapesti Orvostudom\u00e1nyi Egyetem m\u0171v\u00e9szeti anat\u00f3miai tanfolyam\u00e1t l\u00e1togatta, kezdetben, mint annak hallgat\u00f3ja, majd \u00f6t \u00e9vig tan\u00e1rk\u00e9nt is.\u00a0(&#8230;)<\/span><\/p>\n<p align=\"justify\"><span style=\"font-size: small\">Ezen el\u0151zm\u00e9nyek \u00e9rdemess\u00e9 tett\u00e9k, hogy 1960-ban Kiss Ferenc professzor alkalmazza \u0151t a budapesti Anat\u00f3miai Int\u00e9zet tudom\u00e1nyos rajzol\u00f3i \u00e1ll\u00e1s\u00e1ra. Az elk\u00f6vetkez\u0151 k\u00f6zel negyven \u00e9vben f\u0151n\u00f6kei, t\u00f6bbek k\u00f6z\u00f6tt Szent\u00e1gothai J\u00e1nos professzor nagy megel\u00e9ged\u00e9ssel szeml\u00e9lt\u00e9k a m\u0171v\u00e9sz munk\u00e1ss\u00e1g\u00e1t, mely mag\u00e1ban foglalt sz\u00e1mtalan magas szint\u0171 tantermi oktat\u00f3 \u00e1br\u00e1t, valamint rengeteg tudom\u00e1nyos illusztr\u00e1ci\u00f3t. <\/span><\/p>\n<p align=\"justify\"><span style=\"font-size: small\"> Munk\u00e1ss\u00e1g\u00e1nak \u00e9rt\u00e9k\u00e9t jelzi, hogy az egyik egyetemi tank\u00f6nyv (Don\u00e1th: Az <a href=\"https:\/\/semmelweis.hu\/anatomia\/files\/2015\/07\/kalmanfi-k.jpg\"><img loading=\"lazy\" decoding=\"async\" class=\"alignright wp-image-8474 size-full\" src=\"https:\/\/semmelweis.hu\/anatomia\/files\/2015\/07\/kalmanfi-k.jpg\" alt=\"kalmanfi-k\" width=\"270\" height=\"194\" \/><\/a>emberi test fel\u00e9p\u00edt\u00e9se), melyet illusztr\u00e1lt, az &#8222;\u00c9v legszebb k\u00f6nyve&#8221; elismer\u00e9st, 1987-ben pedig a m\u0171v\u00e9sz atlasz-\u00e1br\u00e1i alapj\u00e1n a munka (Don\u00e1th: Anat\u00f3miai Atlasz) &#8222;n\u00edv\u00f3d\u00edjban&#8221; r\u00e9szes\u00fclt. <br \/> K\u00e1lm\u00e1nfi J\u00e1nos term\u00e9keny ki\u00e1ll\u00edt\u00f3 m\u0171v\u00e9sz. V\u00e1ltozatos akvarell, olaj, kazein, acril technik\u00e1val megalkotott t\u00e1jk\u00e9pei, csend\u00e9letei, aktk\u00e9pei eddig 44, ezen bel\u00fcl 14 \u00f6n\u00e1ll\u00f3 ki\u00e1ll\u00edt\u00e1son szerepeltek. Fest\u00e9szet\u00e9t a sz\u00ednek dinamik\u00e1ja, harm\u00f3ni\u00e1ja, impresszionista ornament\u00e1lis st\u00edlus jellemzi.&#8221; <br \/> (Don\u00e1th professzor <a href=\"http:\/\/www.ujsag.sote.hu\/200107\/0703.htm#80\" target=\"_top\">cikke a Semmelweis Egyetem \u00fajs\u00e1gban<\/a>, 2001\/7. sz\u00e1m)<\/span><\/p>\n<hr \/>\n<p align=\"justify\">\u00a0<\/p>\n<h2 style=\"text-align: center\"><strong><span style=\"font-size: large\">2006. \u00e9vi ki\u00e1ll\u00edt\u00e1sa<\/span><\/strong><\/h2>\n<p style=\"text-align: center\">Az Int\u00e9zet\u00fcnk anat\u00f3miai \u00e1br\u00e1it \u00e9vtizedeken kereszt\u00fcl k\u00e9sz\u00edt\u0151 <b>K\u00e1lm\u00e1nfi J\u00e1nos<\/b> leg\u00fajabb ki\u00e1ll\u00edt\u00e1s\u00e1nak \u00fcnnep\u00e9lyes megnyit\u00f3j\u00e1ra 2006. j\u00falius 2-\u00e1n, 18.00 \u00f3rai kezdettel ker\u00fclt sor. <br \/> Ez alkalommal a gal\u00e9ria igazgat\u00f3ja, <b>Putnoki A. D\u00e1vid<\/b> el\u0151ad\u00f3m\u0171v\u00e9sz k\u00f6sz\u00f6nt\u0151 szavai ut\u00e1n <b>Dr. T\u00f3tp\u00e1l G\u00e9za<\/b> egyetemi adjunktus mondott megnyit\u00f3t, majd <b>Dr. V\u00edgh B\u00e9la<\/b> professzor sz\u00f3lt a megjelentekhez. A kultur\u00e1lis m\u0171sorban az id\u00e9n 85 \u00e9ves fest\u0151m\u0171v\u00e9sz csal\u00e1dtagjai l\u00e9ptek fel (K\u00e1lm\u00e1nfi Anita: szavalat, Reh\u00e1k Zsuzsanna: git\u00e1ros \u00e9nek \u00e9s K\u00e1lm\u00e1nfin\u00e9 Ast Hajnalka: hast\u00e1nc).<\/p>\n<hr \/>\n<p>&nbsp;<\/p>\n<p style=\"text-align: center\"><strong>A megnyit\u00f3 k\u00e9pei<\/strong><\/p>\n<p style=\"text-align: center\">(Fot\u00f3: Horv\u00e1thn\u00e9 Oszwald Erzs\u00e9bet)<\/p>\n<p><a href=\"https:\/\/semmelweis.hu\/anatomia\/files\/2015\/07\/2006-07-02-kalmanfi-014.jpg\"><img loading=\"lazy\" decoding=\"async\" class=\"aligncenter wp-image-8476\" src=\"https:\/\/semmelweis.hu\/anatomia\/files\/2015\/07\/2006-07-02-kalmanfi-014.jpg\" alt=\"2006-07-02 kalmanfi 014\" width=\"640\" height=\"480\" srcset=\"https:\/\/semmelweis.hu\/anatomia\/files\/2015\/07\/2006-07-02-kalmanfi-014.jpg 800w, https:\/\/semmelweis.hu\/anatomia\/files\/2015\/07\/2006-07-02-kalmanfi-014-300x225.jpg 300w, https:\/\/semmelweis.hu\/anatomia\/files\/2015\/07\/2006-07-02-kalmanfi-014-400x300.jpg 400w\" sizes=\"auto, (max-width: 640px) 100vw, 640px\" \/><\/a> <a href=\"https:\/\/semmelweis.hu\/anatomia\/files\/2015\/07\/2006-07-02-kalmanfi-023a.jpg\"><img loading=\"lazy\" decoding=\"async\" class=\"aligncenter wp-image-8478\" src=\"https:\/\/semmelweis.hu\/anatomia\/files\/2015\/07\/2006-07-02-kalmanfi-023a.jpg\" alt=\"2006-07-02 kalmanfi 023a\" width=\"640\" height=\"480\" srcset=\"https:\/\/semmelweis.hu\/anatomia\/files\/2015\/07\/2006-07-02-kalmanfi-023a.jpg 800w, https:\/\/semmelweis.hu\/anatomia\/files\/2015\/07\/2006-07-02-kalmanfi-023a-300x225.jpg 300w, https:\/\/semmelweis.hu\/anatomia\/files\/2015\/07\/2006-07-02-kalmanfi-023a-400x300.jpg 400w\" sizes=\"auto, (max-width: 640px) 100vw, 640px\" \/><\/a> <a href=\"https:\/\/semmelweis.hu\/anatomia\/files\/2015\/07\/2006-07-02-kalmanfi-038a.jpg\"><img loading=\"lazy\" decoding=\"async\" class=\"aligncenter wp-image-8479\" src=\"https:\/\/semmelweis.hu\/anatomia\/files\/2015\/07\/2006-07-02-kalmanfi-038a.jpg\" alt=\"2006-07-02 kalmanfi 038a\" width=\"640\" height=\"480\" srcset=\"https:\/\/semmelweis.hu\/anatomia\/files\/2015\/07\/2006-07-02-kalmanfi-038a.jpg 800w, https:\/\/semmelweis.hu\/anatomia\/files\/2015\/07\/2006-07-02-kalmanfi-038a-300x225.jpg 300w, https:\/\/semmelweis.hu\/anatomia\/files\/2015\/07\/2006-07-02-kalmanfi-038a-400x300.jpg 400w\" sizes=\"auto, (max-width: 640px) 100vw, 640px\" \/><\/a> <a href=\"https:\/\/semmelweis.hu\/anatomia\/files\/2015\/07\/2006-07-02-kalmanfi-039a.jpg\"><img loading=\"lazy\" decoding=\"async\" class=\"aligncenter wp-image-8480\" src=\"https:\/\/semmelweis.hu\/anatomia\/files\/2015\/07\/2006-07-02-kalmanfi-039a.jpg\" alt=\"2006-07-02 kalmanfi 039a\" width=\"640\" height=\"480\" srcset=\"https:\/\/semmelweis.hu\/anatomia\/files\/2015\/07\/2006-07-02-kalmanfi-039a.jpg 800w, https:\/\/semmelweis.hu\/anatomia\/files\/2015\/07\/2006-07-02-kalmanfi-039a-300x225.jpg 300w, https:\/\/semmelweis.hu\/anatomia\/files\/2015\/07\/2006-07-02-kalmanfi-039a-400x300.jpg 400w\" sizes=\"auto, (max-width: 640px) 100vw, 640px\" \/><\/a> <a href=\"https:\/\/semmelweis.hu\/anatomia\/files\/2015\/07\/2006-07-02-kalmanfi-046a.jpg\"><img loading=\"lazy\" decoding=\"async\" class=\"aligncenter wp-image-8481\" src=\"https:\/\/semmelweis.hu\/anatomia\/files\/2015\/07\/2006-07-02-kalmanfi-046a.jpg\" alt=\"2006-07-02 kalmanfi 046a\" width=\"640\" height=\"480\" srcset=\"https:\/\/semmelweis.hu\/anatomia\/files\/2015\/07\/2006-07-02-kalmanfi-046a.jpg 800w, https:\/\/semmelweis.hu\/anatomia\/files\/2015\/07\/2006-07-02-kalmanfi-046a-300x225.jpg 300w, https:\/\/semmelweis.hu\/anatomia\/files\/2015\/07\/2006-07-02-kalmanfi-046a-400x300.jpg 400w\" sizes=\"auto, (max-width: 640px) 100vw, 640px\" \/><\/a> <a href=\"https:\/\/semmelweis.hu\/anatomia\/files\/2015\/07\/2006-07-02-kalmanfi-056b.jpg\"><img loading=\"lazy\" decoding=\"async\" class=\"aligncenter wp-image-8475\" src=\"https:\/\/semmelweis.hu\/anatomia\/files\/2015\/07\/2006-07-02-kalmanfi-056b.jpg\" alt=\"2006-07-02 kalmanfi 056b\" width=\"640\" height=\"480\" srcset=\"https:\/\/semmelweis.hu\/anatomia\/files\/2015\/07\/2006-07-02-kalmanfi-056b.jpg 800w, https:\/\/semmelweis.hu\/anatomia\/files\/2015\/07\/2006-07-02-kalmanfi-056b-300x225.jpg 300w, https:\/\/semmelweis.hu\/anatomia\/files\/2015\/07\/2006-07-02-kalmanfi-056b-400x300.jpg 400w\" sizes=\"auto, (max-width: 640px) 100vw, 640px\" \/><\/a> <a href=\"https:\/\/semmelweis.hu\/anatomia\/files\/2015\/07\/2006-07-02-kalmanfi-016b.jpg\"><img loading=\"lazy\" decoding=\"async\" class=\"aligncenter wp-image-8477\" src=\"https:\/\/semmelweis.hu\/anatomia\/files\/2015\/07\/2006-07-02-kalmanfi-016b.jpg\" alt=\"2006-07-02 kalmanfi 016b\" width=\"640\" height=\"480\" srcset=\"https:\/\/semmelweis.hu\/anatomia\/files\/2015\/07\/2006-07-02-kalmanfi-016b.jpg 800w, https:\/\/semmelweis.hu\/anatomia\/files\/2015\/07\/2006-07-02-kalmanfi-016b-300x225.jpg 300w, https:\/\/semmelweis.hu\/anatomia\/files\/2015\/07\/2006-07-02-kalmanfi-016b-400x300.jpg 400w\" sizes=\"auto, (max-width: 640px) 100vw, 640px\" \/><\/a><\/p>\n","protected":false},"excerpt":{"rendered":"<p>86. \u00e9let\u00e9v\u00e9ben elhunyt K\u00e1lm\u00e1nfi J\u00e1nos (Int\u00e9zet\u00fcnk volt fest\u0151- \u00e9s grafikusm\u0171v\u00e9sze) temet\u00e9se 2006. janu\u00e1r 26-\u00e1n volt a Magyar Szentek Templom\u00e1nak urnatemet\u0151j\u00e9ben katolikus szertart\u00e1s szerint. <a href=\"http:\/\/www.ujsag.sote.hu\/se200703\/20070319.html\" target=\"_top\">B\u00facs\u00faztat\u00f3<\/a> t Dr. Don\u00e1th Tibor emeritus professzor mondott. (Fot\u00f3k: Kiss J\u00f3zsef) <a href=\"https:\/\/semmelweis.hu\/anatomia\/files\/2015\/07\/kalmanfi-t5.jpg\"><\/a> <a href=\"https:\/\/semmelweis.hu\/anatomia\/files\/2015\/07\/kalmanfi-t2.jpg\"><\/a> <a href=\"https:\/\/semmelweis.hu\/anatomia\/files\/2015\/07\/kalmanfi-t3.jpg\"><\/a> &nbsp; Munk\u00e1ss\u00e1ga, 2006-os ki\u00e1ll\u00edt\u00e1sa K\u00e1lm\u00e1nfi J\u00e1nos fest\u0151m\u0171v\u00e9sz &#8222;1960-t\u00f3l 1999-ig egyetem\u00fcnk Anat\u00f3miai <a href=\"https:\/\/semmelweis.hu\/anatomia\/files\/2015\/07\/kalmanfi2006.jpg\"><\/a> Int\u00e9zet\u00e9ben f\u0151\u00e1ll\u00e1sban rengeteg tudom\u00e1nyos rajzot \u00e9s nagym\u00e9ret\u0171 tantermi \u00e1br\u00e1t festett (&#8230;) &hellip;<\/p>\n","protected":false},"author":352,"featured_media":8473,"comment_status":"closed","ping_status":"closed","sticky":false,"template":"","format":"standard","meta":{"_acf_changed":false,"footnotes":""},"categories":[193,20],"tags":[],"class_list":["post-8469","post","type-post","status-publish","format-standard","has-post-thumbnail","hentry","category-gyaszjelentes","category-intezeti-hirek"],"acf":[],"_links":{"self":[{"href":"https:\/\/semmelweis.hu\/anatomia\/wp-json\/wp\/v2\/posts\/8469","targetHints":{"allow":["GET"]}}],"collection":[{"href":"https:\/\/semmelweis.hu\/anatomia\/wp-json\/wp\/v2\/posts"}],"about":[{"href":"https:\/\/semmelweis.hu\/anatomia\/wp-json\/wp\/v2\/types\/post"}],"author":[{"embeddable":true,"href":"https:\/\/semmelweis.hu\/anatomia\/wp-json\/wp\/v2\/users\/352"}],"replies":[{"embeddable":true,"href":"https:\/\/semmelweis.hu\/anatomia\/wp-json\/wp\/v2\/comments?post=8469"}],"version-history":[{"count":3,"href":"https:\/\/semmelweis.hu\/anatomia\/wp-json\/wp\/v2\/posts\/8469\/revisions"}],"predecessor-version":[{"id":9193,"href":"https:\/\/semmelweis.hu\/anatomia\/wp-json\/wp\/v2\/posts\/8469\/revisions\/9193"}],"wp:featuredmedia":[{"embeddable":true,"href":"https:\/\/semmelweis.hu\/anatomia\/wp-json\/wp\/v2\/media\/8473"}],"wp:attachment":[{"href":"https:\/\/semmelweis.hu\/anatomia\/wp-json\/wp\/v2\/media?parent=8469"}],"wp:term":[{"taxonomy":"category","embeddable":true,"href":"https:\/\/semmelweis.hu\/anatomia\/wp-json\/wp\/v2\/categories?post=8469"},{"taxonomy":"post_tag","embeddable":true,"href":"https:\/\/semmelweis.hu\/anatomia\/wp-json\/wp\/v2\/tags?post=8469"}],"curies":[{"name":"wp","href":"https:\/\/api.w.org\/{rel}","templated":true}]}}