{"id":8464,"date":"2007-03-05T09:24:08","date_gmt":"2007-03-05T08:24:08","guid":{"rendered":"http:\/\/semmelweis.hu\/anatomia\/?p=8464"},"modified":"2015-08-07T21:47:54","modified_gmt":"2015-08-07T19:47:54","slug":"vigh-bela-human-ontogenezis-az-ember-egyedfejlodese","status":"publish","type":"post","link":"https:\/\/semmelweis.hu\/anatomia\/2007\/03\/05\/vigh-bela-human-ontogenezis-az-ember-egyedfejlodese\/","title":{"rendered":"V\u00edgh B\u00e9la: Hum\u00e1n ontogenezis Az ember egyedfejl\u0151d\u00e9se"},"content":{"rendered":"<p style=\"text-align: center\">R\u00f6vid <a href=\"http:\/\/ujsag.semmelweis.hu\/se200702\/20070215.html#vigh\">k\u00f6nyvismertet\u0151<\/a> a Semmelweis Egyetem \u00fajs\u00e1gban.<\/p>\n<p><a href=\"https:\/\/semmelweis.hu\/anatomia\/files\/2007\/03\/vigh-k.jpg\"><img loading=\"lazy\" decoding=\"async\" class=\"aligncenter size-full wp-image-9207\" src=\"https:\/\/semmelweis.hu\/anatomia\/files\/2007\/03\/vigh-k.jpg\" alt=\"vigh-k\" width=\"150\" height=\"213\" \/><\/a><\/p>\n","protected":false},"excerpt":{"rendered":"<p>R\u00f6vid <a href=\"http:\/\/ujsag.semmelweis.hu\/se200702\/20070215.html#vigh\">k\u00f6nyvismertet\u0151<\/a> a Semmelweis Egyetem \u00fajs\u00e1gban.<br \/>\n<a href=\"https:\/\/semmelweis.hu\/anatomia\/files\/2007\/03\/vigh-k.jpg\"><\/a><\/p>\n","protected":false},"author":352,"featured_media":9207,"comment_status":"closed","ping_status":"closed","sticky":false,"template":"","format":"standard","meta":{"_acf_changed":false,"footnotes":""},"categories":[20,206],"tags":[],"class_list":["post-8464","post","type-post","status-publish","format-standard","has-post-thumbnail","hentry","category-intezeti-hirek","category-oktatas"],"acf":[],"_links":{"self":[{"href":"https:\/\/semmelweis.hu\/anatomia\/wp-json\/wp\/v2\/posts\/8464","targetHints":{"allow":["GET"]}}],"collection":[{"href":"https:\/\/semmelweis.hu\/anatomia\/wp-json\/wp\/v2\/posts"}],"about":[{"href":"https:\/\/semmelweis.hu\/anatomia\/wp-json\/wp\/v2\/types\/post"}],"author":[{"embeddable":true,"href":"https:\/\/semmelweis.hu\/anatomia\/wp-json\/wp\/v2\/users\/352"}],"replies":[{"embeddable":true,"href":"https:\/\/semmelweis.hu\/anatomia\/wp-json\/wp\/v2\/comments?post=8464"}],"version-history":[{"count":4,"href":"https:\/\/semmelweis.hu\/anatomia\/wp-json\/wp\/v2\/posts\/8464\/revisions"}],"predecessor-version":[{"id":9209,"href":"https:\/\/semmelweis.hu\/anatomia\/wp-json\/wp\/v2\/posts\/8464\/revisions\/9209"}],"wp:featuredmedia":[{"embeddable":true,"href":"https:\/\/semmelweis.hu\/anatomia\/wp-json\/wp\/v2\/media\/9207"}],"wp:attachment":[{"href":"https:\/\/semmelweis.hu\/anatomia\/wp-json\/wp\/v2\/media?parent=8464"}],"wp:term":[{"taxonomy":"category","embeddable":true,"href":"https:\/\/semmelweis.hu\/anatomia\/wp-json\/wp\/v2\/categories?post=8464"},{"taxonomy":"post_tag","embeddable":true,"href":"https:\/\/semmelweis.hu\/anatomia\/wp-json\/wp\/v2\/tags?post=8464"}],"curies":[{"name":"wp","href":"https:\/\/api.w.org\/{rel}","templated":true}]}}