{"id":8431,"date":"2007-07-06T14:28:22","date_gmt":"2007-07-06T12:28:22","guid":{"rendered":"http:\/\/semmelweis.hu\/anatomia\/?p=8431"},"modified":"2015-07-30T14:35:15","modified_gmt":"2015-07-30T12:35:15","slug":"a-megszepult-kert-kepei","status":"publish","type":"post","link":"https:\/\/semmelweis.hu\/anatomia\/2007\/07\/06\/a-megszepult-kert-kepei\/","title":{"rendered":"A megsz\u00e9p\u00fclt kert k\u00e9pei"},"content":{"rendered":"<p style=\"text-align: center\">J\u00falius elej\u00e9re meg\u00fajult az Anat\u00f3miai \u00e9p\u00fclet kertje. A sz\u00ednpomp\u00e1s vir\u00e1gok, a f\u0171 z\u00f6ldje \u00e9s az \u00e9p\u00fclet patin\u00e1s t\u00e9glafalai<br \/> kellemes \u00f6sszk\u00e9pet, pihentet\u0151 l\u00e1tv\u00e1nyt ny\u00fajtanak.<\/p>\n<hr \/>\n<p>&nbsp;<\/p>\n<p style=\"text-align: center\"><strong>K\u00e9sz\u00fcletek:<\/strong><\/p>\n<p><a href=\"https:\/\/semmelweis.hu\/anatomia\/files\/2015\/07\/dsc00020.jpg\"><img loading=\"lazy\" decoding=\"async\" class=\"aligncenter wp-image-8436\" src=\"https:\/\/semmelweis.hu\/anatomia\/files\/2015\/07\/dsc00020.jpg\" alt=\"dsc00020\" width=\"640\" height=\"480\" srcset=\"https:\/\/semmelweis.hu\/anatomia\/files\/2015\/07\/dsc00020.jpg 850w, https:\/\/semmelweis.hu\/anatomia\/files\/2015\/07\/dsc00020-300x225.jpg 300w, https:\/\/semmelweis.hu\/anatomia\/files\/2015\/07\/dsc00020-400x300.jpg 400w\" sizes=\"auto, (max-width: 640px) 100vw, 640px\" \/><\/a><\/p>\n<p><a href=\"https:\/\/semmelweis.hu\/anatomia\/files\/2015\/07\/p6060121.jpg\"><img loading=\"lazy\" decoding=\"async\" class=\"aligncenter wp-image-8437\" src=\"https:\/\/semmelweis.hu\/anatomia\/files\/2015\/07\/p6060121.jpg\" alt=\"\" width=\"640\" height=\"395\" srcset=\"https:\/\/semmelweis.hu\/anatomia\/files\/2015\/07\/p6060121.jpg 850w, https:\/\/semmelweis.hu\/anatomia\/files\/2015\/07\/p6060121-300x185.jpg 300w, https:\/\/semmelweis.hu\/anatomia\/files\/2015\/07\/p6060121-486x300.jpg 486w\" sizes=\"auto, (max-width: 640px) 100vw, 640px\" \/><\/a><\/p>\n<p style=\"text-align: center\"><strong>Meg\u00fajult kert:<\/strong><\/p>\n<p><a href=\"https:\/\/semmelweis.hu\/anatomia\/files\/2015\/07\/p6270171.jpg\"><img loading=\"lazy\" decoding=\"async\" class=\"aligncenter wp-image-8432\" src=\"https:\/\/semmelweis.hu\/anatomia\/files\/2015\/07\/p6270171.jpg\" alt=\"\" width=\"640\" height=\"480\" srcset=\"https:\/\/semmelweis.hu\/anatomia\/files\/2015\/07\/p6270171.jpg 800w, https:\/\/semmelweis.hu\/anatomia\/files\/2015\/07\/p6270171-300x225.jpg 300w, https:\/\/semmelweis.hu\/anatomia\/files\/2015\/07\/p6270171-400x300.jpg 400w\" sizes=\"auto, (max-width: 640px) 100vw, 640px\" \/><\/a><\/p>\n<p><a href=\"https:\/\/semmelweis.hu\/anatomia\/files\/2015\/07\/dsc00026.jpg\"><img loading=\"lazy\" decoding=\"async\" class=\"aligncenter wp-image-8433 size-full\" src=\"https:\/\/semmelweis.hu\/anatomia\/files\/2015\/07\/dsc00026.jpg\" alt=\"dsc00026\" width=\"640\" height=\"480\" srcset=\"https:\/\/semmelweis.hu\/anatomia\/files\/2015\/07\/dsc00026.jpg 640w, https:\/\/semmelweis.hu\/anatomia\/files\/2015\/07\/dsc00026-300x225.jpg 300w, https:\/\/semmelweis.hu\/anatomia\/files\/2015\/07\/dsc00026-400x300.jpg 400w\" sizes=\"auto, (max-width: 640px) 100vw, 640px\" \/><\/a> <a href=\"https:\/\/semmelweis.hu\/anatomia\/files\/2015\/07\/dsc00034.jpg\"><img loading=\"lazy\" decoding=\"async\" class=\"aligncenter wp-image-8434 size-full\" src=\"https:\/\/semmelweis.hu\/anatomia\/files\/2015\/07\/dsc00034.jpg\" alt=\"dsc00034\" width=\"640\" height=\"480\" srcset=\"https:\/\/semmelweis.hu\/anatomia\/files\/2015\/07\/dsc00034.jpg 640w, https:\/\/semmelweis.hu\/anatomia\/files\/2015\/07\/dsc00034-300x225.jpg 300w, https:\/\/semmelweis.hu\/anatomia\/files\/2015\/07\/dsc00034-400x300.jpg 400w\" sizes=\"auto, (max-width: 640px) 100vw, 640px\" \/><\/a><\/p>\n<p><a href=\"https:\/\/semmelweis.hu\/anatomia\/files\/2015\/07\/p6270170.jpg\"><img loading=\"lazy\" decoding=\"async\" class=\"aligncenter wp-image-8435 size-large\" src=\"https:\/\/semmelweis.hu\/anatomia\/files\/2015\/07\/p6270170-768x1024.jpg\" alt=\"\" width=\"640\" height=\"853\" srcset=\"https:\/\/semmelweis.hu\/anatomia\/files\/2015\/07\/p6270170-768x1024.jpg 768w, https:\/\/semmelweis.hu\/anatomia\/files\/2015\/07\/p6270170-225x300.jpg 225w, https:\/\/semmelweis.hu\/anatomia\/files\/2015\/07\/p6270170.jpg 800w\" sizes=\"auto, (max-width: 640px) 100vw, 640px\" \/><\/a><\/p>\n<p style=\"text-align: center\">(Fot\u00f3: Kiss J., Altdorfer K.)<\/p>\n","protected":false},"excerpt":{"rendered":"<p>J\u00falius elej\u00e9re meg\u00fajult az Anat\u00f3miai \u00e9p\u00fclet kertje. A sz\u00ednpomp\u00e1s vir\u00e1gok, a f\u0171 z\u00f6ldje \u00e9s az \u00e9p\u00fclet patin\u00e1s t\u00e9glafalai kellemes \u00f6sszk\u00e9pet, pihentet\u0151 l\u00e1tv\u00e1nyt ny\u00fajtanak.<\/p>\n<p>&nbsp;<br \/>\nK\u00e9sz\u00fcletek:<br \/>\n<a href=\"https:\/\/semmelweis.hu\/anatomia\/files\/2015\/07\/dsc00020.jpg\"><\/a><br \/>\n<a href=\"https:\/\/semmelweis.hu\/anatomia\/files\/2015\/07\/p6060121.jpg\"><\/a><br \/>\nMeg\u00fajult kert:<br \/>\n<a href=\"https:\/\/semmelweis.hu\/anatomia\/files\/2015\/07\/p6270171.jpg\"><\/a><br \/>\n<a href=\"https:\/\/semmelweis.hu\/anatomia\/files\/2015\/07\/dsc00026.jpg\"><\/a> <a href=\"https:\/\/semmelweis.hu\/anatomia\/files\/2015\/07\/dsc00034.jpg\"><\/a><br \/>\n<a href=\"https:\/\/semmelweis.hu\/anatomia\/files\/2015\/07\/p6270170.jpg\"><\/a><br \/>\n(Fot\u00f3: Kiss J., Altdorfer K.)<\/p>\n","protected":false},"author":352,"featured_media":8435,"comment_status":"closed","ping_status":"closed","sticky":false,"template":"","format":"standard","meta":{"_acf_changed":false,"footnotes":""},"categories":[20],"tags":[],"class_list":["post-8431","post","type-post","status-publish","format-standard","has-post-thumbnail","hentry","category-intezeti-hirek"],"acf":[],"_links":{"self":[{"href":"https:\/\/semmelweis.hu\/anatomia\/wp-json\/wp\/v2\/posts\/8431","targetHints":{"allow":["GET"]}}],"collection":[{"href":"https:\/\/semmelweis.hu\/anatomia\/wp-json\/wp\/v2\/posts"}],"about":[{"href":"https:\/\/semmelweis.hu\/anatomia\/wp-json\/wp\/v2\/types\/post"}],"author":[{"embeddable":true,"href":"https:\/\/semmelweis.hu\/anatomia\/wp-json\/wp\/v2\/users\/352"}],"replies":[{"embeddable":true,"href":"https:\/\/semmelweis.hu\/anatomia\/wp-json\/wp\/v2\/comments?post=8431"}],"version-history":[{"count":1,"href":"https:\/\/semmelweis.hu\/anatomia\/wp-json\/wp\/v2\/posts\/8431\/revisions"}],"predecessor-version":[{"id":8438,"href":"https:\/\/semmelweis.hu\/anatomia\/wp-json\/wp\/v2\/posts\/8431\/revisions\/8438"}],"wp:featuredmedia":[{"embeddable":true,"href":"https:\/\/semmelweis.hu\/anatomia\/wp-json\/wp\/v2\/media\/8435"}],"wp:attachment":[{"href":"https:\/\/semmelweis.hu\/anatomia\/wp-json\/wp\/v2\/media?parent=8431"}],"wp:term":[{"taxonomy":"category","embeddable":true,"href":"https:\/\/semmelweis.hu\/anatomia\/wp-json\/wp\/v2\/categories?post=8431"},{"taxonomy":"post_tag","embeddable":true,"href":"https:\/\/semmelweis.hu\/anatomia\/wp-json\/wp\/v2\/tags?post=8431"}],"curies":[{"name":"wp","href":"https:\/\/api.w.org\/{rel}","templated":true}]}}