{"id":8406,"date":"2007-10-29T13:44:26","date_gmt":"2007-10-29T12:44:26","guid":{"rendered":"http:\/\/semmelweis.hu\/anatomia\/?p=8406"},"modified":"2015-07-30T13:53:34","modified_gmt":"2015-07-30T11:53:34","slug":"rethelyi-miklos-professzor-konyvbemutatoja","status":"publish","type":"post","link":"https:\/\/semmelweis.hu\/anatomia\/2007\/10\/29\/rethelyi-miklos-professzor-konyvbemutatoja\/","title":{"rendered":"R\u00e9thelyi Mikl\u00f3s professzor k\u00f6nyvbemutat\u00f3ja"},"content":{"rendered":"<p align=\"justify\"><span style=\"font-family: Verdana;font-size: small\">2007. okt\u00f3ber 29-\u00e9n d\u00e9lut\u00e1n k\u00f6nyvbemutat\u00f3ra ker\u00fclt sor a Nagyv\u00e1rad t\u00e9ri Elm\u00e9leti T\u00f6mbben. A <i>&#8222;Titoknyitogat\u00f3&#8221;<\/i> sorozat \u00fajabb k\u00f6tetei Egyetem\u00fcnk n\u00e9gy neves szem\u00e9lyis\u00e9g\u00e9nek \u00e9let\u00e9t dolgozz\u00e1k fel: Perner Ferenc, <b>R\u00e9thelyi Mikl\u00f3s<\/b>, Romics L\u00e1szl\u00f3 \u00e9s S\u00f3tonyi P\u00e9ter professzorok \u00e9let\u00fatj\u00e1t. <\/span><\/p>\n<p align=\"justify\"><span style=\"font-family: Verdana;font-size: small\">A k\u00f6nyvbemutat\u00f3n r\u00e9szleteket vet\u00edtettek az interj\u00fakb\u00f3l k\u00e9sz\u00fclt, DVD-n is megv\u00e1s\u00e1rolhat\u00f3 filmekb\u0151l. A bemutat\u00f3t \u00e1ll\u00f3fogad\u00e1s z\u00e1rta.<\/span><\/p>\n<p style=\"text-align: center\" align=\"justify\"><a href=\"https:\/\/semmelweis.hu\/anatomia\/files\/2015\/07\/dsc01361.jpg\"><img loading=\"lazy\" decoding=\"async\" class=\"aligncenter wp-image-8408\" src=\"https:\/\/semmelweis.hu\/anatomia\/files\/2015\/07\/dsc01361.jpg\" alt=\"dsc01361\" width=\"640\" height=\"394\" srcset=\"https:\/\/semmelweis.hu\/anatomia\/files\/2015\/07\/dsc01361.jpg 890w, https:\/\/semmelweis.hu\/anatomia\/files\/2015\/07\/dsc01361-300x185.jpg 300w, https:\/\/semmelweis.hu\/anatomia\/files\/2015\/07\/dsc01361-487x300.jpg 487w\" sizes=\"auto, (max-width: 640px) 100vw, 640px\" \/><\/a> <a href=\"https:\/\/semmelweis.hu\/anatomia\/files\/2015\/07\/dsc01362.jpg\"><img loading=\"lazy\" decoding=\"async\" class=\"aligncenter wp-image-8409\" src=\"https:\/\/semmelweis.hu\/anatomia\/files\/2015\/07\/dsc01362.jpg\" alt=\"dsc01362\" width=\"640\" height=\"759\" srcset=\"https:\/\/semmelweis.hu\/anatomia\/files\/2015\/07\/dsc01362.jpg 826w, https:\/\/semmelweis.hu\/anatomia\/files\/2015\/07\/dsc01362-253x300.jpg 253w\" sizes=\"auto, (max-width: 640px) 100vw, 640px\" \/><\/a> <a href=\"https:\/\/semmelweis.hu\/anatomia\/files\/2015\/07\/dsc01371.jpg\"><img loading=\"lazy\" decoding=\"async\" class=\"aligncenter wp-image-8410\" src=\"https:\/\/semmelweis.hu\/anatomia\/files\/2015\/07\/dsc01371.jpg\" alt=\"dsc01371\" width=\"640\" height=\"528\" srcset=\"https:\/\/semmelweis.hu\/anatomia\/files\/2015\/07\/dsc01371.jpg 889w, https:\/\/semmelweis.hu\/anatomia\/files\/2015\/07\/dsc01371-300x247.jpg 300w, https:\/\/semmelweis.hu\/anatomia\/files\/2015\/07\/dsc01371-364x300.jpg 364w\" sizes=\"auto, (max-width: 640px) 100vw, 640px\" \/><\/a> <a href=\"https:\/\/semmelweis.hu\/anatomia\/files\/2015\/07\/dsc01372.jpg\"><img loading=\"lazy\" decoding=\"async\" class=\"aligncenter wp-image-8407\" src=\"https:\/\/semmelweis.hu\/anatomia\/files\/2015\/07\/dsc01372.jpg\" alt=\"dsc01372\" width=\"640\" height=\"435\" srcset=\"https:\/\/semmelweis.hu\/anatomia\/files\/2015\/07\/dsc01372.jpg 890w, https:\/\/semmelweis.hu\/anatomia\/files\/2015\/07\/dsc01372-300x204.jpg 300w, https:\/\/semmelweis.hu\/anatomia\/files\/2015\/07\/dsc01372-441x300.jpg 441w, https:\/\/semmelweis.hu\/anatomia\/files\/2015\/07\/dsc01372-175x120.jpg 175w\" sizes=\"auto, (max-width: 640px) 100vw, 640px\" \/><\/a>(Fot\u00f3: Altdorfer K.)<\/p>\n<hr \/>\n<p style=\"text-align: left\" align=\"justify\">\u00a0<\/p>\n<p style=\"text-align: center\" align=\"justify\"><b><a href=\"http:\/\/www.semmelweiskiado.hu\/hirek\/?page_Id=215\">K\u00f6nyvbemutat\u00f3 <\/a><\/b> <a href=\"http:\/\/www.semmelweiskiado.hu\/hirek\/?page_Id=215\">a Semmelweis Kiad\u00f3n\u00e1l <\/a><br \/> (4 \u00e9letrajzi riportk\u00f6nyv, k\u00f6zt\u00fck R\u00e9thelyi professzor\u00e9): <br \/> okt. 29., 16.00, NET<\/p>\n<p style=\"text-align: left\" align=\"justify\"><a href=\"https:\/\/semmelweis.hu\/anatomia\/files\/2015\/07\/rm-titok2.jpg\"><img loading=\"lazy\" decoding=\"async\" class=\" size-full wp-image-8411 alignleft\" src=\"https:\/\/semmelweis.hu\/anatomia\/files\/2015\/07\/rm-titok2.jpg\" alt=\"rm-titok2\" width=\"97\" height=\"112\" \/><\/a> <a href=\"https:\/\/semmelweis.hu\/anatomia\/files\/2015\/07\/rm-titok1.jpg\"><img loading=\"lazy\" decoding=\"async\" class=\" size-full wp-image-8412 alignright\" src=\"https:\/\/semmelweis.hu\/anatomia\/files\/2015\/07\/rm-titok1.jpg\" alt=\"rm-titok1\" width=\"293\" height=\"177\" \/><\/a><\/p>\n<p style=\"text-align: left\" align=\"justify\">\u00a0<\/p>\n","protected":false},"excerpt":{"rendered":"<p>2007. okt\u00f3ber 29-\u00e9n d\u00e9lut\u00e1n k\u00f6nyvbemutat\u00f3ra ker\u00fclt sor a Nagyv\u00e1rad t\u00e9ri Elm\u00e9leti T\u00f6mbben. A &#8222;Titoknyitogat\u00f3&#8221; sorozat \u00fajabb k\u00f6tetei Egyetem\u00fcnk n\u00e9gy neves szem\u00e9lyis\u00e9g\u00e9nek \u00e9let\u00e9t dolgozz\u00e1k fel: Perner Ferenc, R\u00e9thelyi Mikl\u00f3s, Romics L\u00e1szl\u00f3 \u00e9s S\u00f3tonyi P\u00e9ter professzorok \u00e9let\u00fatj\u00e1t. A k\u00f6nyvbemutat\u00f3n r\u00e9szleteket vet\u00edtettek az interj\u00fakb\u00f3l k\u00e9sz\u00fclt, DVD-n is megv\u00e1s\u00e1rolhat\u00f3 filmekb\u0151l. A bemutat\u00f3t \u00e1ll\u00f3fogad\u00e1s z\u00e1rta. <a href=\"https:\/\/semmelweis.hu\/anatomia\/files\/2015\/07\/dsc01361.jpg\"><\/a> <a href=\"https:\/\/semmelweis.hu\/anatomia\/files\/2015\/07\/dsc01362.jpg\"><\/a> <a href=\"https:\/\/semmelweis.hu\/anatomia\/files\/2015\/07\/dsc01371.jpg\"><\/a> <a href=\"https:\/\/semmelweis.hu\/anatomia\/files\/2015\/07\/dsc01372.jpg\"><\/a> (Fot\u00f3: Altdorfer K.) \u00a0 <a href=\"http:\/\/www.semmelweiskiado.hu\/hirek\/?page_Id=215\">K\u00f6nyvbemutat\u00f3 <\/a> <a href=\"http:\/\/www.semmelweiskiado.hu\/hirek\/?page_Id=215\">a Semmelweis Kiad\u00f3n\u00e1l <\/a> (4 &hellip;<\/p>\n","protected":false},"author":352,"featured_media":8409,"comment_status":"closed","ping_status":"closed","sticky":false,"template":"","format":"standard","meta":{"_acf_changed":false,"footnotes":""},"categories":[20],"tags":[],"class_list":["post-8406","post","type-post","status-publish","format-standard","has-post-thumbnail","hentry","category-intezeti-hirek"],"acf":[],"_links":{"self":[{"href":"https:\/\/semmelweis.hu\/anatomia\/wp-json\/wp\/v2\/posts\/8406","targetHints":{"allow":["GET"]}}],"collection":[{"href":"https:\/\/semmelweis.hu\/anatomia\/wp-json\/wp\/v2\/posts"}],"about":[{"href":"https:\/\/semmelweis.hu\/anatomia\/wp-json\/wp\/v2\/types\/post"}],"author":[{"embeddable":true,"href":"https:\/\/semmelweis.hu\/anatomia\/wp-json\/wp\/v2\/users\/352"}],"replies":[{"embeddable":true,"href":"https:\/\/semmelweis.hu\/anatomia\/wp-json\/wp\/v2\/comments?post=8406"}],"version-history":[{"count":1,"href":"https:\/\/semmelweis.hu\/anatomia\/wp-json\/wp\/v2\/posts\/8406\/revisions"}],"predecessor-version":[{"id":8413,"href":"https:\/\/semmelweis.hu\/anatomia\/wp-json\/wp\/v2\/posts\/8406\/revisions\/8413"}],"wp:featuredmedia":[{"embeddable":true,"href":"https:\/\/semmelweis.hu\/anatomia\/wp-json\/wp\/v2\/media\/8409"}],"wp:attachment":[{"href":"https:\/\/semmelweis.hu\/anatomia\/wp-json\/wp\/v2\/media?parent=8406"}],"wp:term":[{"taxonomy":"category","embeddable":true,"href":"https:\/\/semmelweis.hu\/anatomia\/wp-json\/wp\/v2\/categories?post=8406"},{"taxonomy":"post_tag","embeddable":true,"href":"https:\/\/semmelweis.hu\/anatomia\/wp-json\/wp\/v2\/tags?post=8406"}],"curies":[{"name":"wp","href":"https:\/\/api.w.org\/{rel}","templated":true}]}}