{"id":8396,"date":"2007-12-31T13:23:12","date_gmt":"2007-12-31T12:23:12","guid":{"rendered":"http:\/\/semmelweis.hu\/anatomia\/?p=8396"},"modified":"2015-07-30T13:27:01","modified_gmt":"2015-07-30T11:27:01","slug":"boldog-uj-evet-kivanunk-4","status":"publish","type":"post","link":"https:\/\/semmelweis.hu\/anatomia\/2007\/12\/31\/boldog-uj-evet-kivanunk-4\/","title":{"rendered":"Boldog \u00daj \u00c9vet k\u00edv\u00e1nunk!"},"content":{"rendered":"<p><a href=\"https:\/\/semmelweis.hu\/anatomia\/files\/2015\/07\/buek1.jpg\"><img loading=\"lazy\" decoding=\"async\" class=\" size-full wp-image-8397 aligncenter\" src=\"https:\/\/semmelweis.hu\/anatomia\/files\/2015\/07\/buek1.jpg\" alt=\"buek\" width=\"200\" height=\"136\" srcset=\"https:\/\/semmelweis.hu\/anatomia\/files\/2015\/07\/buek1.jpg 200w, https:\/\/semmelweis.hu\/anatomia\/files\/2015\/07\/buek1-175x120.jpg 175w\" sizes=\"auto, (max-width: 200px) 100vw, 200px\" \/><\/a><\/p>\n<p align=\"center\"><span style=\"font-family: Verdana;font-size: large\"><b>Boldog \u00daj \u00c9vet! <\/b><\/span><\/p>\n<p align=\"center\"><i><span style=\"font-family: Verdana;font-size: large\">Happy New Year!\u00a0\u00a0\u00a0\u00a0\u00a0\u00a0\u00a0 Gl\u00fcckliches Neues Jahr!<\/span><\/i><\/p>\n<hr \/>\n<p style=\"text-align: left\" align=\"center\">\u00a0<\/p>\n<p style=\"text-align: center\"><a href=\"https:\/\/semmelweis.hu\/anatomia\/files\/2015\/07\/koccintas2007-2a.jpg\"><img loading=\"lazy\" decoding=\"async\" class=\"aligncenter wp-image-8398\" src=\"https:\/\/semmelweis.hu\/anatomia\/files\/2015\/07\/koccintas2007-2a.jpg\" alt=\"koccintas2007-2a\" width=\"640\" height=\"371\" srcset=\"https:\/\/semmelweis.hu\/anatomia\/files\/2015\/07\/koccintas2007-2a.jpg 700w, https:\/\/semmelweis.hu\/anatomia\/files\/2015\/07\/koccintas2007-2a-300x174.jpg 300w, https:\/\/semmelweis.hu\/anatomia\/files\/2015\/07\/koccintas2007-2a-517x300.jpg 517w\" sizes=\"auto, (max-width: 640px) 100vw, 640px\" \/><\/a> <a href=\"https:\/\/semmelweis.hu\/anatomia\/files\/2015\/07\/koccintas2007-.jpg\"><img loading=\"lazy\" decoding=\"async\" class=\"aligncenter wp-image-8399\" src=\"https:\/\/semmelweis.hu\/anatomia\/files\/2015\/07\/koccintas2007-.jpg\" alt=\"koccintas2007-\" width=\"640\" height=\"460\" srcset=\"https:\/\/semmelweis.hu\/anatomia\/files\/2015\/07\/koccintas2007-.jpg 700w, https:\/\/semmelweis.hu\/anatomia\/files\/2015\/07\/koccintas2007--300x216.jpg 300w, https:\/\/semmelweis.hu\/anatomia\/files\/2015\/07\/koccintas2007--417x300.jpg 417w\" sizes=\"auto, (max-width: 640px) 100vw, 640px\" \/><\/a> <a href=\"https:\/\/semmelweis.hu\/anatomia\/files\/2015\/07\/koccintas2007-2.jpg\"><img loading=\"lazy\" decoding=\"async\" class=\"aligncenter wp-image-8400\" src=\"https:\/\/semmelweis.hu\/anatomia\/files\/2015\/07\/koccintas2007-2.jpg\" alt=\"koccintas2007-2\" width=\"640\" height=\"526\" srcset=\"https:\/\/semmelweis.hu\/anatomia\/files\/2015\/07\/koccintas2007-2.jpg 700w, https:\/\/semmelweis.hu\/anatomia\/files\/2015\/07\/koccintas2007-2-300x246.jpg 300w, https:\/\/semmelweis.hu\/anatomia\/files\/2015\/07\/koccintas2007-2-365x300.jpg 365w\" sizes=\"auto, (max-width: 640px) 100vw, 640px\" \/><\/a>(Fot\u00f3: Kiss J., Altdorfer K.)<\/p>\n<p>&nbsp;<\/p>\n","protected":false},"excerpt":{"rendered":"<p><a href=\"https:\/\/semmelweis.hu\/anatomia\/files\/2015\/07\/buek1.jpg\"><\/a><br \/>\nBoldog \u00daj \u00c9vet!<br \/>\nHappy New Year!\u00a0\u00a0\u00a0\u00a0\u00a0\u00a0\u00a0 Gl\u00fcckliches Neues Jahr!<\/p>\n<p>\u00a0<br \/>\n<a href=\"https:\/\/semmelweis.hu\/anatomia\/files\/2015\/07\/koccintas2007-2a.jpg\"><\/a> <a href=\"https:\/\/semmelweis.hu\/anatomia\/files\/2015\/07\/koccintas2007-.jpg\"><\/a> <a href=\"https:\/\/semmelweis.hu\/anatomia\/files\/2015\/07\/koccintas2007-2.jpg\"><\/a>(Fot\u00f3: Kiss J., Altdorfer K.)<br \/>\n&nbsp;<\/p>\n","protected":false},"author":352,"featured_media":8397,"comment_status":"closed","ping_status":"closed","sticky":false,"template":"","format":"standard","meta":{"_acf_changed":false,"footnotes":""},"categories":[20],"tags":[],"class_list":["post-8396","post","type-post","status-publish","format-standard","has-post-thumbnail","hentry","category-intezeti-hirek"],"acf":[],"_links":{"self":[{"href":"https:\/\/semmelweis.hu\/anatomia\/wp-json\/wp\/v2\/posts\/8396","targetHints":{"allow":["GET"]}}],"collection":[{"href":"https:\/\/semmelweis.hu\/anatomia\/wp-json\/wp\/v2\/posts"}],"about":[{"href":"https:\/\/semmelweis.hu\/anatomia\/wp-json\/wp\/v2\/types\/post"}],"author":[{"embeddable":true,"href":"https:\/\/semmelweis.hu\/anatomia\/wp-json\/wp\/v2\/users\/352"}],"replies":[{"embeddable":true,"href":"https:\/\/semmelweis.hu\/anatomia\/wp-json\/wp\/v2\/comments?post=8396"}],"version-history":[{"count":1,"href":"https:\/\/semmelweis.hu\/anatomia\/wp-json\/wp\/v2\/posts\/8396\/revisions"}],"predecessor-version":[{"id":8401,"href":"https:\/\/semmelweis.hu\/anatomia\/wp-json\/wp\/v2\/posts\/8396\/revisions\/8401"}],"wp:featuredmedia":[{"embeddable":true,"href":"https:\/\/semmelweis.hu\/anatomia\/wp-json\/wp\/v2\/media\/8397"}],"wp:attachment":[{"href":"https:\/\/semmelweis.hu\/anatomia\/wp-json\/wp\/v2\/media?parent=8396"}],"wp:term":[{"taxonomy":"category","embeddable":true,"href":"https:\/\/semmelweis.hu\/anatomia\/wp-json\/wp\/v2\/categories?post=8396"},{"taxonomy":"post_tag","embeddable":true,"href":"https:\/\/semmelweis.hu\/anatomia\/wp-json\/wp\/v2\/tags?post=8396"}],"curies":[{"name":"wp","href":"https:\/\/api.w.org\/{rel}","templated":true}]}}