{"id":8354,"date":"2008-10-31T14:02:14","date_gmt":"2008-10-31T13:02:14","guid":{"rendered":"http:\/\/semmelweis.hu\/anatomia\/?p=8354"},"modified":"2015-07-28T14:06:07","modified_gmt":"2015-07-28T12:06:07","slug":"osz-az-intezet-kertjeben-is","status":"publish","type":"post","link":"https:\/\/semmelweis.hu\/anatomia\/2008\/10\/31\/osz-az-intezet-kertjeben-is\/","title":{"rendered":"\u0150sz &#8211; az Int\u00e9zet kertj\u00e9ben is"},"content":{"rendered":"<p style=\"text-align: center\"><span style=\"font-family: Verdana;font-size: small\">2008. okt\u00f3ber utols\u00f3 het\u00e9ben \u0151szi hangulat uralkodik kert\u00fcnkben.<\/span><\/p>\n<p><a href=\"https:\/\/semmelweis.hu\/anatomia\/files\/2015\/07\/p9300008.jpg\"><img loading=\"lazy\" decoding=\"async\" class=\"aligncenter wp-image-8355 size-large\" src=\"https:\/\/semmelweis.hu\/anatomia\/files\/2015\/07\/p9300008-793x1024.jpg\" alt=\"\" width=\"640\" height=\"826\" srcset=\"https:\/\/semmelweis.hu\/anatomia\/files\/2015\/07\/p9300008-793x1024.jpg 793w, https:\/\/semmelweis.hu\/anatomia\/files\/2015\/07\/p9300008-232x300.jpg 232w, https:\/\/semmelweis.hu\/anatomia\/files\/2015\/07\/p9300008.jpg 850w\" sizes=\"auto, (max-width: 640px) 100vw, 640px\" \/><\/a><\/p>\n<p><a href=\"https:\/\/semmelweis.hu\/anatomia\/files\/2015\/07\/p9300006.jpg\"><img loading=\"lazy\" decoding=\"async\" class=\"aligncenter wp-image-8356\" src=\"https:\/\/semmelweis.hu\/anatomia\/files\/2015\/07\/p9300006.jpg\" alt=\"\" width=\"640\" height=\"569\" srcset=\"https:\/\/semmelweis.hu\/anatomia\/files\/2015\/07\/p9300006.jpg 850w, https:\/\/semmelweis.hu\/anatomia\/files\/2015\/07\/p9300006-300x267.jpg 300w, https:\/\/semmelweis.hu\/anatomia\/files\/2015\/07\/p9300006-337x300.jpg 337w\" sizes=\"auto, (max-width: 640px) 100vw, 640px\" \/><\/a><\/p>\n<p style=\"text-align: center\">(Fot\u00f3: Kiss J\u00f3zsef)<\/p>\n","protected":false},"excerpt":{"rendered":"<p>2008. okt\u00f3ber utols\u00f3 het\u00e9ben \u0151szi hangulat uralkodik kert\u00fcnkben.<br \/>\n<a href=\"https:\/\/semmelweis.hu\/anatomia\/files\/2015\/07\/p9300008.jpg\"><\/a><br \/>\n<a href=\"https:\/\/semmelweis.hu\/anatomia\/files\/2015\/07\/p9300006.jpg\"><\/a><br \/>\n(Fot\u00f3: Kiss J\u00f3zsef)<\/p>\n","protected":false},"author":352,"featured_media":8355,"comment_status":"closed","ping_status":"closed","sticky":false,"template":"","format":"standard","meta":{"_acf_changed":false,"footnotes":""},"categories":[20],"tags":[],"class_list":["post-8354","post","type-post","status-publish","format-standard","has-post-thumbnail","hentry","category-intezeti-hirek"],"acf":[],"_links":{"self":[{"href":"https:\/\/semmelweis.hu\/anatomia\/wp-json\/wp\/v2\/posts\/8354","targetHints":{"allow":["GET"]}}],"collection":[{"href":"https:\/\/semmelweis.hu\/anatomia\/wp-json\/wp\/v2\/posts"}],"about":[{"href":"https:\/\/semmelweis.hu\/anatomia\/wp-json\/wp\/v2\/types\/post"}],"author":[{"embeddable":true,"href":"https:\/\/semmelweis.hu\/anatomia\/wp-json\/wp\/v2\/users\/352"}],"replies":[{"embeddable":true,"href":"https:\/\/semmelweis.hu\/anatomia\/wp-json\/wp\/v2\/comments?post=8354"}],"version-history":[{"count":1,"href":"https:\/\/semmelweis.hu\/anatomia\/wp-json\/wp\/v2\/posts\/8354\/revisions"}],"predecessor-version":[{"id":8357,"href":"https:\/\/semmelweis.hu\/anatomia\/wp-json\/wp\/v2\/posts\/8354\/revisions\/8357"}],"wp:featuredmedia":[{"embeddable":true,"href":"https:\/\/semmelweis.hu\/anatomia\/wp-json\/wp\/v2\/media\/8355"}],"wp:attachment":[{"href":"https:\/\/semmelweis.hu\/anatomia\/wp-json\/wp\/v2\/media?parent=8354"}],"wp:term":[{"taxonomy":"category","embeddable":true,"href":"https:\/\/semmelweis.hu\/anatomia\/wp-json\/wp\/v2\/categories?post=8354"},{"taxonomy":"post_tag","embeddable":true,"href":"https:\/\/semmelweis.hu\/anatomia\/wp-json\/wp\/v2\/tags?post=8354"}],"curies":[{"name":"wp","href":"https:\/\/api.w.org\/{rel}","templated":true}]}}