{"id":8346,"date":"2007-05-20T13:52:41","date_gmt":"2007-05-20T11:52:41","guid":{"rendered":"http:\/\/semmelweis.hu\/anatomia\/?p=8346"},"modified":"2015-07-29T12:28:27","modified_gmt":"2015-07-29T10:28:27","slug":"kepalkoto-kurzus","status":"publish","type":"post","link":"https:\/\/semmelweis.hu\/anatomia\/2007\/05\/20\/kepalkoto-kurzus\/","title":{"rendered":"&#8222;K\u00e9palkot\u00f3&#8230;&#8221; kurzus"},"content":{"rendered":"<p style=\"text-align: center\"><strong>Diagnosztikus k\u00e9palkot\u00f3 elj\u00e1r\u00e1sok anat\u00f3mi\u00e1ja<\/strong><\/p>\n<p style=\"text-align: center\"><strong>k\u00f6telez\u0151en<\/strong><strong> v\u00e1laszthat\u00f3 t\u00e1rgy (2007)<br \/> \u00a0<\/strong><\/p>\n<p style=\"text-align: center\"><em> <strong>kurzusvezet\u0151<\/strong><strong>: Dr. Csillag Andr\u00e1s egyetemi tan\u00e1r<\/strong><\/em><\/p>\n<hr \/>\n<p style=\"text-align: left\">\u00a0<\/p>\n<p style=\"text-align: center\"><strong>Dr. Csillag Andr\u00e1s<\/strong> egyetemi tan\u00e1r, SE Anat\u00f3miai, Sz\u00f6vet-\u00e9s Fejl\u0151d\u00e9stani Int\u00e9zet<\/p>\n<p><a href=\"https:\/\/semmelweis.hu\/anatomia\/files\/2015\/07\/p4260028-.jpg\"><img loading=\"lazy\" decoding=\"async\" class=\"aligncenter wp-image-8347\" src=\"https:\/\/semmelweis.hu\/anatomia\/files\/2015\/07\/p4260028-.jpg\" alt=\"\" width=\"640\" height=\"526\" srcset=\"https:\/\/semmelweis.hu\/anatomia\/files\/2015\/07\/p4260028-.jpg 800w, https:\/\/semmelweis.hu\/anatomia\/files\/2015\/07\/p4260028--300x246.jpg 300w, https:\/\/semmelweis.hu\/anatomia\/files\/2015\/07\/p4260028--365x300.jpg 365w\" sizes=\"auto, (max-width: 640px) 100vw, 640px\" \/><\/a><\/p>\n<p style=\"text-align: center\"><strong>Dr. M\u00e1rton Erika<\/strong> egyetemi adjunktus, SE I. Belgy\u00f3gy\u00e1szati Klinika<\/p>\n<p><a href=\"https:\/\/semmelweis.hu\/anatomia\/files\/2015\/07\/p4260023-.jpg\"><img loading=\"lazy\" decoding=\"async\" class=\"aligncenter wp-image-8348\" src=\"https:\/\/semmelweis.hu\/anatomia\/files\/2015\/07\/p4260023-.jpg\" alt=\"\" width=\"640\" height=\"510\" srcset=\"https:\/\/semmelweis.hu\/anatomia\/files\/2015\/07\/p4260023-.jpg 800w, https:\/\/semmelweis.hu\/anatomia\/files\/2015\/07\/p4260023--300x239.jpg 300w, https:\/\/semmelweis.hu\/anatomia\/files\/2015\/07\/p4260023--377x300.jpg 377w\" sizes=\"auto, (max-width: 640px) 100vw, 640px\" \/><\/a><\/p>\n<p style=\"text-align: left\"><strong>Dr. Martos J\u00e1nos<\/strong> f\u0151orvos, Orsz\u00e1gos Idegseb\u00e9szeti Int\u00e9zet<\/p>\n<p><a href=\"https:\/\/semmelweis.hu\/anatomia\/files\/2015\/07\/p4260021-.jpg\"><img loading=\"lazy\" decoding=\"async\" class=\"aligncenter wp-image-8349\" src=\"https:\/\/semmelweis.hu\/anatomia\/files\/2015\/07\/p4260021-.jpg\" alt=\"\" width=\"640\" height=\"490\" srcset=\"https:\/\/semmelweis.hu\/anatomia\/files\/2015\/07\/p4260021-.jpg 800w, https:\/\/semmelweis.hu\/anatomia\/files\/2015\/07\/p4260021--300x230.jpg 300w, https:\/\/semmelweis.hu\/anatomia\/files\/2015\/07\/p4260021--392x300.jpg 392w\" sizes=\"auto, (max-width: 640px) 100vw, 640px\" \/><\/a><\/p>\n<p style=\"text-align: center\"><span style=\"font-family: Verdana;font-size: small\"><b>Dr. Vidny\u00e1nszky Zolt\u00e1n<\/b> tudom\u00e1nyos f\u0151munkat\u00e1rs, Szent\u00e1gothai J\u00e1nos Tud\u00e1sk\u00f6zpont, fMRI Laborat\u00f3rium<\/span><\/p>\n<p><a href=\"https:\/\/semmelweis.hu\/anatomia\/files\/2015\/07\/p5030030.jpg\"><img loading=\"lazy\" decoding=\"async\" class=\"aligncenter wp-image-8350\" src=\"https:\/\/semmelweis.hu\/anatomia\/files\/2015\/07\/p5030030.jpg\" alt=\"\" width=\"640\" height=\"754\" srcset=\"https:\/\/semmelweis.hu\/anatomia\/files\/2015\/07\/p5030030.jpg 850w, https:\/\/semmelweis.hu\/anatomia\/files\/2015\/07\/p5030030-255x300.jpg 255w\" sizes=\"auto, (max-width: 640px) 100vw, 640px\" \/><\/a><\/p>\n<p style=\"text-align: center\"><span style=\"font-family: Verdana;font-size: small\"><b>Dr. Magyar P\u00e9ter<\/b> egyetemi tan\u00e1rseg\u00e9d, SE Radiol\u00f3giai \u00e9s Onkoter\u00e1pi\u00e1s Klinika<\/span><\/p>\n<p><a href=\"https:\/\/semmelweis.hu\/anatomia\/files\/2015\/07\/p5170065.jpg\"><img loading=\"lazy\" decoding=\"async\" class=\"aligncenter wp-image-8351\" src=\"https:\/\/semmelweis.hu\/anatomia\/files\/2015\/07\/p5170065.jpg\" alt=\"\" width=\"640\" height=\"507\" srcset=\"https:\/\/semmelweis.hu\/anatomia\/files\/2015\/07\/p5170065.jpg 850w, https:\/\/semmelweis.hu\/anatomia\/files\/2015\/07\/p5170065-300x238.jpg 300w, https:\/\/semmelweis.hu\/anatomia\/files\/2015\/07\/p5170065-378x300.jpg 378w\" sizes=\"auto, (max-width: 640px) 100vw, 640px\" \/><\/a><\/p>\n<p style=\"text-align: center\">(Fot\u00f3: Kiss J\u00f3zsef)<\/p>\n<p style=\"text-align: left\">\u00a0<\/p>\n","protected":false},"excerpt":{"rendered":"<p>Diagnosztikus k\u00e9palkot\u00f3 elj\u00e1r\u00e1sok anat\u00f3mi\u00e1ja k\u00f6telez\u0151en v\u00e1laszthat\u00f3 t\u00e1rgy (2007) \u00a0 kurzusvezet\u0151: Dr. Csillag Andr\u00e1s egyetemi tan\u00e1r \u00a0 Dr. Csillag Andr\u00e1s egyetemi tan\u00e1r, SE Anat\u00f3miai, Sz\u00f6vet-\u00e9s Fejl\u0151d\u00e9stani Int\u00e9zet <a href=\"https:\/\/semmelweis.hu\/anatomia\/files\/2015\/07\/p4260028-.jpg\"><\/a> Dr. M\u00e1rton Erika egyetemi adjunktus, SE I. Belgy\u00f3gy\u00e1szati Klinika <a href=\"https:\/\/semmelweis.hu\/anatomia\/files\/2015\/07\/p4260023-.jpg\"><\/a> Dr. Martos J\u00e1nos f\u0151orvos, Orsz\u00e1gos Idegseb\u00e9szeti Int\u00e9zet <a href=\"https:\/\/semmelweis.hu\/anatomia\/files\/2015\/07\/p4260021-.jpg\"><\/a> Dr. Vidny\u00e1nszky Zolt\u00e1n tudom\u00e1nyos f\u0151munkat\u00e1rs, Szent\u00e1gothai J\u00e1nos Tud\u00e1sk\u00f6zpont, fMRI Laborat\u00f3rium <a href=\"https:\/\/semmelweis.hu\/anatomia\/files\/2015\/07\/p5030030.jpg\"><\/a> Dr. Magyar P\u00e9ter &hellip;<\/p>\n","protected":false},"author":352,"featured_media":8349,"comment_status":"closed","ping_status":"closed","sticky":false,"template":"","format":"standard","meta":{"_acf_changed":false,"footnotes":""},"categories":[20,206],"tags":[],"class_list":["post-8346","post","type-post","status-publish","format-standard","has-post-thumbnail","hentry","category-intezeti-hirek","category-oktatas"],"acf":[],"_links":{"self":[{"href":"https:\/\/semmelweis.hu\/anatomia\/wp-json\/wp\/v2\/posts\/8346","targetHints":{"allow":["GET"]}}],"collection":[{"href":"https:\/\/semmelweis.hu\/anatomia\/wp-json\/wp\/v2\/posts"}],"about":[{"href":"https:\/\/semmelweis.hu\/anatomia\/wp-json\/wp\/v2\/types\/post"}],"author":[{"embeddable":true,"href":"https:\/\/semmelweis.hu\/anatomia\/wp-json\/wp\/v2\/users\/352"}],"replies":[{"embeddable":true,"href":"https:\/\/semmelweis.hu\/anatomia\/wp-json\/wp\/v2\/comments?post=8346"}],"version-history":[{"count":1,"href":"https:\/\/semmelweis.hu\/anatomia\/wp-json\/wp\/v2\/posts\/8346\/revisions"}],"predecessor-version":[{"id":8352,"href":"https:\/\/semmelweis.hu\/anatomia\/wp-json\/wp\/v2\/posts\/8346\/revisions\/8352"}],"wp:featuredmedia":[{"embeddable":true,"href":"https:\/\/semmelweis.hu\/anatomia\/wp-json\/wp\/v2\/media\/8349"}],"wp:attachment":[{"href":"https:\/\/semmelweis.hu\/anatomia\/wp-json\/wp\/v2\/media?parent=8346"}],"wp:term":[{"taxonomy":"category","embeddable":true,"href":"https:\/\/semmelweis.hu\/anatomia\/wp-json\/wp\/v2\/categories?post=8346"},{"taxonomy":"post_tag","embeddable":true,"href":"https:\/\/semmelweis.hu\/anatomia\/wp-json\/wp\/v2\/tags?post=8346"}],"curies":[{"name":"wp","href":"https:\/\/api.w.org\/{rel}","templated":true}]}}