{"id":8342,"date":"2008-05-16T13:48:16","date_gmt":"2008-05-16T11:48:16","guid":{"rendered":"http:\/\/semmelweis.hu\/anatomia\/?p=8342"},"modified":"2015-07-29T12:31:52","modified_gmt":"2015-07-29T10:31:52","slug":"befejezodott-a-kepalkoto-kurzus","status":"publish","type":"post","link":"https:\/\/semmelweis.hu\/anatomia\/2008\/05\/16\/befejezodott-a-kepalkoto-kurzus\/","title":{"rendered":"Befejez\u0151d\u00f6tt a &#8222;K\u00e9palkot\u00f3&#8230;&#8221; kurzus"},"content":{"rendered":"<p style=\"text-align: center\"><strong>Diagnosztikus k\u00e9palkot\u00f3 elj\u00e1r\u00e1sok anat\u00f3mi\u00e1ja (2008)<\/strong><\/p>\n<p style=\"text-align: center\">k\u00f6telez\u0151en v\u00e1laszthat\u00f3 t\u00e1rgy<br \/> \u00a0<\/p>\n<p style=\"text-align: center\"><em> <strong>kurzusvezet\u0151<\/strong><strong>: Dr. Csillag Andr\u00e1s egyetemi tan\u00e1r<\/strong><\/em><\/p>\n<hr \/>\n<p>&nbsp;<\/p>\n<p style=\"text-align: center\"><strong>A kurzus utols\u00f3 el\u0151ad\u00e1sa \u00e9s a vizsga:<\/strong><\/p>\n<p style=\"text-align: center\"><a href=\"https:\/\/semmelweis.hu\/anatomia\/files\/2015\/07\/kepalkoto-vege6.jpg\"><img loading=\"lazy\" decoding=\"async\" class=\"aligncenter wp-image-8343\" src=\"https:\/\/semmelweis.hu\/anatomia\/files\/2015\/07\/kepalkoto-vege6.jpg\" alt=\"kepalkoto-vege6\" width=\"640\" height=\"462\" srcset=\"https:\/\/semmelweis.hu\/anatomia\/files\/2015\/07\/kepalkoto-vege6.jpg 700w, https:\/\/semmelweis.hu\/anatomia\/files\/2015\/07\/kepalkoto-vege6-300x216.jpg 300w, https:\/\/semmelweis.hu\/anatomia\/files\/2015\/07\/kepalkoto-vege6-416x300.jpg 416w\" sizes=\"auto, (max-width: 640px) 100vw, 640px\" \/><\/a> <a href=\"https:\/\/semmelweis.hu\/anatomia\/files\/2015\/07\/kepalkoto-vege5.jpg\"><img loading=\"lazy\" decoding=\"async\" class=\"aligncenter wp-image-8344\" src=\"https:\/\/semmelweis.hu\/anatomia\/files\/2015\/07\/kepalkoto-vege5.jpg\" alt=\"kepalkoto-vege5\" width=\"640\" height=\"527\" srcset=\"https:\/\/semmelweis.hu\/anatomia\/files\/2015\/07\/kepalkoto-vege5.jpg 700w, https:\/\/semmelweis.hu\/anatomia\/files\/2015\/07\/kepalkoto-vege5-300x247.jpg 300w, https:\/\/semmelweis.hu\/anatomia\/files\/2015\/07\/kepalkoto-vege5-365x300.jpg 365w\" sizes=\"auto, (max-width: 640px) 100vw, 640px\" \/><\/a>(Fot\u00f3: Kiss J\u00f3zsef)<\/p>\n<p>&nbsp;<\/p>\n","protected":false},"excerpt":{"rendered":"<p>Diagnosztikus k\u00e9palkot\u00f3 elj\u00e1r\u00e1sok anat\u00f3mi\u00e1ja (2008)<br \/>\nk\u00f6telez\u0151en v\u00e1laszthat\u00f3 t\u00e1rgy \u00a0<br \/>\n kurzusvezet\u0151: Dr. Csillag Andr\u00e1s egyetemi tan\u00e1r<\/p>\n<p>&nbsp;<br \/>\nA kurzus utols\u00f3 el\u0151ad\u00e1sa \u00e9s a vizsga:<br \/>\n<a href=\"https:\/\/semmelweis.hu\/anatomia\/files\/2015\/07\/kepalkoto-vege6.jpg\"><\/a> <a href=\"https:\/\/semmelweis.hu\/anatomia\/files\/2015\/07\/kepalkoto-vege5.jpg\"><\/a>(Fot\u00f3: Kiss J\u00f3zsef)<br \/>\n&nbsp;<\/p>\n","protected":false},"author":352,"featured_media":8344,"comment_status":"closed","ping_status":"closed","sticky":false,"template":"","format":"standard","meta":{"_acf_changed":false,"footnotes":""},"categories":[20,206],"tags":[],"class_list":["post-8342","post","type-post","status-publish","format-standard","has-post-thumbnail","hentry","category-intezeti-hirek","category-oktatas"],"acf":[],"_links":{"self":[{"href":"https:\/\/semmelweis.hu\/anatomia\/wp-json\/wp\/v2\/posts\/8342","targetHints":{"allow":["GET"]}}],"collection":[{"href":"https:\/\/semmelweis.hu\/anatomia\/wp-json\/wp\/v2\/posts"}],"about":[{"href":"https:\/\/semmelweis.hu\/anatomia\/wp-json\/wp\/v2\/types\/post"}],"author":[{"embeddable":true,"href":"https:\/\/semmelweis.hu\/anatomia\/wp-json\/wp\/v2\/users\/352"}],"replies":[{"embeddable":true,"href":"https:\/\/semmelweis.hu\/anatomia\/wp-json\/wp\/v2\/comments?post=8342"}],"version-history":[{"count":1,"href":"https:\/\/semmelweis.hu\/anatomia\/wp-json\/wp\/v2\/posts\/8342\/revisions"}],"predecessor-version":[{"id":8345,"href":"https:\/\/semmelweis.hu\/anatomia\/wp-json\/wp\/v2\/posts\/8342\/revisions\/8345"}],"wp:featuredmedia":[{"embeddable":true,"href":"https:\/\/semmelweis.hu\/anatomia\/wp-json\/wp\/v2\/media\/8344"}],"wp:attachment":[{"href":"https:\/\/semmelweis.hu\/anatomia\/wp-json\/wp\/v2\/media?parent=8342"}],"wp:term":[{"taxonomy":"category","embeddable":true,"href":"https:\/\/semmelweis.hu\/anatomia\/wp-json\/wp\/v2\/categories?post=8342"},{"taxonomy":"post_tag","embeddable":true,"href":"https:\/\/semmelweis.hu\/anatomia\/wp-json\/wp\/v2\/tags?post=8342"}],"curies":[{"name":"wp","href":"https:\/\/api.w.org\/{rel}","templated":true}]}}