{"id":8319,"date":"2008-02-22T13:09:57","date_gmt":"2008-02-22T12:09:57","guid":{"rendered":"http:\/\/semmelweis.hu\/anatomia\/?p=8319"},"modified":"2015-07-29T12:32:19","modified_gmt":"2015-07-29T10:32:19","slug":"tavalyi-szivdemo","status":"publish","type":"post","link":"https:\/\/semmelweis.hu\/anatomia\/2008\/02\/22\/tavalyi-szivdemo\/","title":{"rendered":"Tavalyi &#8222;sz\u00edvdem\u00f3&#8221;"},"content":{"rendered":"<p><span style=\"font-family: Verdana;font-size: small\">A tavalyi &#8222;sz\u00edvdem\u00f3&#8221; \u00edr\u00e1sbeli r\u00e9sz\u00e9nek <a href=\"https:\/\/semmelweis.hu\/anatomia\/files\/2015\/07\/szivdemo-.doc\">k\u00e9rd\u00e9sei \u00e9s megold\u00e1sai <\/a><br \/> (id\u00e9n n\u00e9mileg elt\u00e9r\u0151 t\u00edpus\u00fa tesztlap v\u00e1rhat\u00f3).<\/span><\/p>\n","protected":false},"excerpt":{"rendered":"<p>A tavalyi &#8222;sz\u00edvdem\u00f3&#8221; \u00edr\u00e1sbeli r\u00e9sz\u00e9nek <a href=\"https:\/\/semmelweis.hu\/anatomia\/files\/2015\/07\/szivdemo-.doc\">k\u00e9rd\u00e9sei \u00e9s megold\u00e1sai <\/a> (id\u00e9n n\u00e9mileg elt\u00e9r\u0151 t\u00edpus\u00fa tesztlap v\u00e1rhat\u00f3).<\/p>\n","protected":false},"author":352,"featured_media":0,"comment_status":"closed","ping_status":"closed","sticky":false,"template":"","format":"standard","meta":{"_acf_changed":false,"footnotes":""},"categories":[20,206],"tags":[],"class_list":["post-8319","post","type-post","status-publish","format-standard","hentry","category-intezeti-hirek","category-oktatas"],"acf":[],"_links":{"self":[{"href":"https:\/\/semmelweis.hu\/anatomia\/wp-json\/wp\/v2\/posts\/8319","targetHints":{"allow":["GET"]}}],"collection":[{"href":"https:\/\/semmelweis.hu\/anatomia\/wp-json\/wp\/v2\/posts"}],"about":[{"href":"https:\/\/semmelweis.hu\/anatomia\/wp-json\/wp\/v2\/types\/post"}],"author":[{"embeddable":true,"href":"https:\/\/semmelweis.hu\/anatomia\/wp-json\/wp\/v2\/users\/352"}],"replies":[{"embeddable":true,"href":"https:\/\/semmelweis.hu\/anatomia\/wp-json\/wp\/v2\/comments?post=8319"}],"version-history":[{"count":1,"href":"https:\/\/semmelweis.hu\/anatomia\/wp-json\/wp\/v2\/posts\/8319\/revisions"}],"predecessor-version":[{"id":8321,"href":"https:\/\/semmelweis.hu\/anatomia\/wp-json\/wp\/v2\/posts\/8319\/revisions\/8321"}],"wp:attachment":[{"href":"https:\/\/semmelweis.hu\/anatomia\/wp-json\/wp\/v2\/media?parent=8319"}],"wp:term":[{"taxonomy":"category","embeddable":true,"href":"https:\/\/semmelweis.hu\/anatomia\/wp-json\/wp\/v2\/categories?post=8319"},{"taxonomy":"post_tag","embeddable":true,"href":"https:\/\/semmelweis.hu\/anatomia\/wp-json\/wp\/v2\/tags?post=8319"}],"curies":[{"name":"wp","href":"https:\/\/api.w.org\/{rel}","templated":true}]}}