{"id":8317,"date":"2008-03-19T13:07:57","date_gmt":"2008-03-19T12:07:57","guid":{"rendered":"http:\/\/semmelweis.hu\/anatomia\/?p=8317"},"modified":"2015-07-29T12:32:14","modified_gmt":"2015-07-29T10:32:14","slug":"intezeti-dolgozoink-kituntetesei-marc-15-alkalmaval","status":"publish","type":"post","link":"https:\/\/semmelweis.hu\/anatomia\/2008\/03\/19\/intezeti-dolgozoink-kituntetesei-marc-15-alkalmaval\/","title":{"rendered":"Int\u00e9zeti dolgoz\u00f3ink kit\u00fcntet\u00e9sei m\u00e1rc. 15. alkalm\u00e1val"},"content":{"rendered":"<p>A 2008. \u00e9vi m\u00e1rcius 15-i <a href=\"http:\/\/www.sote.hu\/media\/hir.php?id=2163\"> egyetemi \u00fcnneps\u00e9gen<\/a> kit\u00fcntet\u00e9sek \u00e1tad\u00e1s\u00e1ra is sor ker\u00fclt. Int\u00e9zet\u00fcnkb\u0151l a Semmelweis Egyetem <strong> Kiv\u00e1l\u00f3 Dolgoz\u00f3<\/strong>ja elismer\u00e9st kapta:<\/p>\n<ul>\n<li><strong> T\u00f3th Ferencn\u00e9<\/strong><\/li>\n<li><strong> Horv\u00e1thn\u00e9 Oszwald Erzs\u00e9bet<\/strong><\/li>\n<\/ul>\n<p><strong> Rektori Dics\u00e9ret<\/strong>ben r\u00e9szes\u00fclt:<\/p>\n<ul>\n<li><strong> Dancs\u00f3 Istv\u00e1nn\u00e9 <\/strong><\/li>\n<li><strong> Ivanics Istv\u00e1nn\u00e9 <\/strong><\/li>\n<li><strong> Szab\u00f3 Ferenc<\/strong><\/li>\n<\/ul>\n","protected":false},"excerpt":{"rendered":"<p>A 2008. \u00e9vi m\u00e1rcius 15-i <a href=\"http:\/\/www.sote.hu\/media\/hir.php?id=2163\"> egyetemi \u00fcnneps\u00e9gen<\/a> kit\u00fcntet\u00e9sek \u00e1tad\u00e1s\u00e1ra is sor ker\u00fclt. Int\u00e9zet\u00fcnkb\u0151l a Semmelweis Egyetem  Kiv\u00e1l\u00f3 Dolgoz\u00f3ja elismer\u00e9st kapta:<\/p>\n<p> T\u00f3th Ferencn\u00e9<br \/>\n Horv\u00e1thn\u00e9 Oszwald Erzs\u00e9bet<\/p>\n<p> Rektori Dics\u00e9retben r\u00e9szes\u00fclt:<\/p>\n<p> Dancs\u00f3 Istv\u00e1nn\u00e9<br \/>\n Ivanics Istv\u00e1nn\u00e9<br \/>\n Szab\u00f3 Ferenc<\/p>\n","protected":false},"author":352,"featured_media":0,"comment_status":"closed","ping_status":"closed","sticky":false,"template":"","format":"standard","meta":{"_acf_changed":false,"footnotes":""},"categories":[20,208],"tags":[],"class_list":["post-8317","post","type-post","status-publish","format-standard","hentry","category-intezeti-hirek","category-kituntetes"],"acf":[],"_links":{"self":[{"href":"https:\/\/semmelweis.hu\/anatomia\/wp-json\/wp\/v2\/posts\/8317","targetHints":{"allow":["GET"]}}],"collection":[{"href":"https:\/\/semmelweis.hu\/anatomia\/wp-json\/wp\/v2\/posts"}],"about":[{"href":"https:\/\/semmelweis.hu\/anatomia\/wp-json\/wp\/v2\/types\/post"}],"author":[{"embeddable":true,"href":"https:\/\/semmelweis.hu\/anatomia\/wp-json\/wp\/v2\/users\/352"}],"replies":[{"embeddable":true,"href":"https:\/\/semmelweis.hu\/anatomia\/wp-json\/wp\/v2\/comments?post=8317"}],"version-history":[{"count":1,"href":"https:\/\/semmelweis.hu\/anatomia\/wp-json\/wp\/v2\/posts\/8317\/revisions"}],"predecessor-version":[{"id":8318,"href":"https:\/\/semmelweis.hu\/anatomia\/wp-json\/wp\/v2\/posts\/8317\/revisions\/8318"}],"wp:attachment":[{"href":"https:\/\/semmelweis.hu\/anatomia\/wp-json\/wp\/v2\/media?parent=8317"}],"wp:term":[{"taxonomy":"category","embeddable":true,"href":"https:\/\/semmelweis.hu\/anatomia\/wp-json\/wp\/v2\/categories?post=8317"},{"taxonomy":"post_tag","embeddable":true,"href":"https:\/\/semmelweis.hu\/anatomia\/wp-json\/wp\/v2\/tags?post=8317"}],"curies":[{"name":"wp","href":"https:\/\/api.w.org\/{rel}","templated":true}]}}