{"id":8312,"date":"2008-05-27T12:55:13","date_gmt":"2008-05-27T10:55:13","guid":{"rendered":"http:\/\/semmelweis.hu\/anatomia\/?p=8312"},"modified":"2015-08-02T14:50:29","modified_gmt":"2015-08-02T12:50:29","slug":"csillag-professzor","status":"publish","type":"post","link":"https:\/\/semmelweis.hu\/anatomia\/2008\/05\/27\/csillag-professzor\/","title":{"rendered":"Csillag professzor: f\u0151v\u00e9dn\u00f6k"},"content":{"rendered":"<p style=\"text-align: center\"><span style=\"font-family: Verdana;font-size: small\">Csillag professzor a <a href=\"http:\/\/www.bodiesbudapest.hu\/hu\/\" target=\"_top\"> Bodies&#8230; ki\u00e1ll\u00edt\u00e1s<\/a> f\u0151v\u00e9dn\u00f6ke<br \/> Fot\u00f3k: <a href=\"http:\/\/index.hu\/gal\/28\/pic.php?dir=0805\/velvet\/bodies2\/&amp;pid=0\" target=\"_top\">VELVET\/Sz\u00e9csi Istv\u00e1n<\/a><\/span><\/p>\n","protected":false},"excerpt":{"rendered":"<p>Csillag professzor a <a href=\"http:\/\/www.bodiesbudapest.hu\/hu\/\" target=\"_top\"> Bodies&#8230; ki\u00e1ll\u00edt\u00e1s<\/a> f\u0151v\u00e9dn\u00f6ke Fot\u00f3k: <a href=\"http:\/\/index.hu\/gal\/28\/pic.php?dir=0805\/velvet\/bodies2\/&amp;pid=0\" target=\"_top\">VELVET\/Sz\u00e9csi Istv\u00e1n<\/a><\/p>\n","protected":false},"author":352,"featured_media":5408,"comment_status":"closed","ping_status":"closed","sticky":false,"template":"","format":"standard","meta":{"_acf_changed":false,"footnotes":""},"categories":[20,206],"tags":[],"class_list":["post-8312","post","type-post","status-publish","format-standard","has-post-thumbnail","hentry","category-intezeti-hirek","category-oktatas"],"acf":[],"_links":{"self":[{"href":"https:\/\/semmelweis.hu\/anatomia\/wp-json\/wp\/v2\/posts\/8312","targetHints":{"allow":["GET"]}}],"collection":[{"href":"https:\/\/semmelweis.hu\/anatomia\/wp-json\/wp\/v2\/posts"}],"about":[{"href":"https:\/\/semmelweis.hu\/anatomia\/wp-json\/wp\/v2\/types\/post"}],"author":[{"embeddable":true,"href":"https:\/\/semmelweis.hu\/anatomia\/wp-json\/wp\/v2\/users\/352"}],"replies":[{"embeddable":true,"href":"https:\/\/semmelweis.hu\/anatomia\/wp-json\/wp\/v2\/comments?post=8312"}],"version-history":[{"count":2,"href":"https:\/\/semmelweis.hu\/anatomia\/wp-json\/wp\/v2\/posts\/8312\/revisions"}],"predecessor-version":[{"id":8366,"href":"https:\/\/semmelweis.hu\/anatomia\/wp-json\/wp\/v2\/posts\/8312\/revisions\/8366"}],"wp:featuredmedia":[{"embeddable":true,"href":"https:\/\/semmelweis.hu\/anatomia\/wp-json\/wp\/v2\/media\/5408"}],"wp:attachment":[{"href":"https:\/\/semmelweis.hu\/anatomia\/wp-json\/wp\/v2\/media?parent=8312"}],"wp:term":[{"taxonomy":"category","embeddable":true,"href":"https:\/\/semmelweis.hu\/anatomia\/wp-json\/wp\/v2\/categories?post=8312"},{"taxonomy":"post_tag","embeddable":true,"href":"https:\/\/semmelweis.hu\/anatomia\/wp-json\/wp\/v2\/tags?post=8312"}],"curies":[{"name":"wp","href":"https:\/\/api.w.org\/{rel}","templated":true}]}}