{"id":8276,"date":"2008-11-04T12:14:14","date_gmt":"2008-11-04T11:14:14","guid":{"rendered":"http:\/\/semmelweis.hu\/anatomia\/?p=8276"},"modified":"2015-07-28T12:22:50","modified_gmt":"2015-07-28T10:22:50","slug":"az-aok-elmeleti-orvostudomanyi-kozpont-unnepelyes-atadasanak-kepei","status":"publish","type":"post","link":"https:\/\/semmelweis.hu\/anatomia\/2008\/11\/04\/az-aok-elmeleti-orvostudomanyi-kozpont-unnepelyes-atadasanak-kepei\/","title":{"rendered":"Az \u00c1OK Elm\u00e9leti Orvostudom\u00e1nyi K\u00f6zpont \u00fcnnep\u00e9lyes \u00e1tad\u00e1s\u00e1nak k\u00e9pei"},"content":{"rendered":"<p style=\"text-align: center\">Egyetem\u00fcnk <b>Elm\u00e9leti Orvostudom\u00e1nyi K\u00f6zpontj\u00e1<\/b>nak \u00e9p\u00fcletavat\u00f3 \u00fcnneps\u00e9g\u00e9re\u00a0 <br \/> 2008. november 6-\u00e1n 13 \u00f3rai kezdettel ker\u00fclt sor (IX. T\u0171zolt\u00f3 u. 37-47., EOK Aula).<\/p>\n<p style=\"text-align: center\">(Kor\u00e1bbi k\u00e9peink: alapk\u0151let\u00e9tel, \u00e9p\u00edtkez\u00e9s)<\/p>\n<p style=\"text-align: center\">Az avat\u00e1s programja:<\/p>\n<p style=\"text-align: center\">K\u00f6sz\u00f6nt\u0151 \u00e9s \u00fcnnepi besz\u00e9dek:<\/p>\n<figure id=\"attachment_8277\" aria-describedby=\"caption-attachment-8277\" style=\"width: 400px\" class=\"wp-caption aligncenter\"><a href=\"https:\/\/semmelweis.hu\/anatomia\/files\/2015\/07\/dsc09774-.jpg\"><img loading=\"lazy\" decoding=\"async\" class=\"wp-image-8277 size-full\" src=\"https:\/\/semmelweis.hu\/anatomia\/files\/2015\/07\/dsc09774-.jpg\" alt=\"dsc09774-\" width=\"400\" height=\"292\" srcset=\"https:\/\/semmelweis.hu\/anatomia\/files\/2015\/07\/dsc09774-.jpg 400w, https:\/\/semmelweis.hu\/anatomia\/files\/2015\/07\/dsc09774--300x219.jpg 300w\" sizes=\"auto, (max-width: 400px) 100vw, 400px\" \/><\/a><figcaption id=\"caption-attachment-8277\" class=\"wp-caption-text\">Dr. Tulassay Tivadar rektor, SE Dr. Hiller Istv\u00e1n miniszter, OKM Dr. Gegesy Ferenc polg\u00e1rmester, IX. ker. Sokorai Istv\u00e1n vez\u00e9rigazgat\u00f3, Arcadom Dr. Kar\u00e1di Istv\u00e1n d\u00e9k\u00e1n, \u00c1OK Dr. Kopper L\u00e1szl\u00f3 egyetemi tan\u00e1r<\/figcaption><\/figure>\n<p style=\"text-align: center\">Az Arcadom vez\u00e9rigazgat\u00f3ja \u00fcnnep\u00e9lyesen \u00e1tadja az \u00e9p\u00fcletet <br \/> az Egyetem rektor\u00e1nak (<b>t\u00e1bla leleplez\u00e9se<\/b>, bemutat\u00e1sa)<\/p>\n<p style=\"text-align: center\"><a href=\"https:\/\/semmelweis.hu\/anatomia\/files\/2015\/07\/dsc09817-.jpg\"><img loading=\"lazy\" decoding=\"async\" class=\" size-full wp-image-8278 aligncenter\" src=\"https:\/\/semmelweis.hu\/anatomia\/files\/2015\/07\/dsc09817-.jpg\" alt=\"dsc09817-\" width=\"400\" height=\"321\" srcset=\"https:\/\/semmelweis.hu\/anatomia\/files\/2015\/07\/dsc09817-.jpg 400w, https:\/\/semmelweis.hu\/anatomia\/files\/2015\/07\/dsc09817--300x241.jpg 300w, https:\/\/semmelweis.hu\/anatomia\/files\/2015\/07\/dsc09817--374x300.jpg 374w\" sizes=\"auto, (max-width: 400px) 100vw, 400px\" \/><\/a>A t\u00e1bla mint\u00e1j\u00e1ra k\u00e9sz\u00fclt <b>eml\u00e9kplakettek \u00e1tad\u00e1sa<\/b><\/p>\n<p style=\"text-align: center\"><a href=\"https:\/\/semmelweis.hu\/anatomia\/files\/2015\/07\/dsc09821-.jpg\"><img loading=\"lazy\" decoding=\"async\" class=\" size-full wp-image-8279 aligncenter\" src=\"https:\/\/semmelweis.hu\/anatomia\/files\/2015\/07\/dsc09821-.jpg\" alt=\"dsc09821-\" width=\"400\" height=\"300\" srcset=\"https:\/\/semmelweis.hu\/anatomia\/files\/2015\/07\/dsc09821-.jpg 400w, https:\/\/semmelweis.hu\/anatomia\/files\/2015\/07\/dsc09821--300x225.jpg 300w\" sizes=\"auto, (max-width: 400px) 100vw, 400px\" \/><\/a><b>Filmvet\u00edt\u00e9s <\/b>az \u00e9p\u00fclet sz\u00fclet\u00e9s\u00e9r\u0151l<\/p>\n<p style=\"text-align: center\"><a href=\"https:\/\/semmelweis.hu\/anatomia\/files\/2015\/07\/dsc09826-.jpg\"><img loading=\"lazy\" decoding=\"async\" class=\" size-full wp-image-8280 aligncenter\" src=\"https:\/\/semmelweis.hu\/anatomia\/files\/2015\/07\/dsc09826-.jpg\" alt=\"dsc09826-\" width=\"400\" height=\"322\" srcset=\"https:\/\/semmelweis.hu\/anatomia\/files\/2015\/07\/dsc09826-.jpg 400w, https:\/\/semmelweis.hu\/anatomia\/files\/2015\/07\/dsc09826--300x242.jpg 300w, https:\/\/semmelweis.hu\/anatomia\/files\/2015\/07\/dsc09826--373x300.jpg 373w\" sizes=\"auto, (max-width: 400px) 100vw, 400px\" \/><\/a>Az \u00fcnnep\u00e9lyes esem\u00e9nyen Int\u00e9zet\u00fcnket is t\u00f6bb oktat\u00f3, dolgoz\u00f3 k\u00e9pviselte<\/p>\n<p>\u00a0<a href=\"https:\/\/semmelweis.hu\/anatomia\/files\/2015\/07\/intezeti2.jpg\"><img loading=\"lazy\" decoding=\"async\" class=\" size-full wp-image-8281 aligncenter\" src=\"https:\/\/semmelweis.hu\/anatomia\/files\/2015\/07\/intezeti2.jpg\" alt=\"intezeti2\" width=\"546\" height=\"517\" srcset=\"https:\/\/semmelweis.hu\/anatomia\/files\/2015\/07\/intezeti2.jpg 546w, https:\/\/semmelweis.hu\/anatomia\/files\/2015\/07\/intezeti2-300x284.jpg 300w, https:\/\/semmelweis.hu\/anatomia\/files\/2015\/07\/intezeti2-317x300.jpg 317w\" sizes=\"auto, (max-width: 546px) 100vw, 546px\" \/><\/a><\/p>\n<hr \/>\n<p style=\"text-align: center\"><strong>Kor\u00e1bbi k\u00e9pek<\/strong><\/p>\n<p style=\"text-align: center\"><strong>\u00c9p\u00edtkez\u00e9s:<\/strong><\/p>\n<p><a href=\"https:\/\/semmelweis.hu\/anatomia\/files\/2015\/07\/elmeleti2008-5.jpg\"><img loading=\"lazy\" decoding=\"async\" class=\"aligncenter wp-image-8282\" src=\"https:\/\/semmelweis.hu\/anatomia\/files\/2015\/07\/elmeleti2008-5.jpg\" alt=\"\" width=\"640\" height=\"464\" srcset=\"https:\/\/semmelweis.hu\/anatomia\/files\/2015\/07\/elmeleti2008-5.jpg 750w, https:\/\/semmelweis.hu\/anatomia\/files\/2015\/07\/elmeleti2008-5-300x218.jpg 300w, https:\/\/semmelweis.hu\/anatomia\/files\/2015\/07\/elmeleti2008-5-414x300.jpg 414w\" sizes=\"auto, (max-width: 640px) 100vw, 640px\" \/><\/a><\/p>\n<p><a href=\"https:\/\/semmelweis.hu\/anatomia\/files\/2015\/07\/elmeleti2008-1.jpg\"><img loading=\"lazy\" decoding=\"async\" class=\"aligncenter wp-image-8283\" src=\"https:\/\/semmelweis.hu\/anatomia\/files\/2015\/07\/elmeleti2008-1.jpg\" alt=\"\" width=\"640\" height=\"480\" srcset=\"https:\/\/semmelweis.hu\/anatomia\/files\/2015\/07\/elmeleti2008-1.jpg 750w, https:\/\/semmelweis.hu\/anatomia\/files\/2015\/07\/elmeleti2008-1-300x225.jpg 300w, https:\/\/semmelweis.hu\/anatomia\/files\/2015\/07\/elmeleti2008-1-400x300.jpg 400w\" sizes=\"auto, (max-width: 640px) 100vw, 640px\" \/><\/a><\/p>\n<p style=\"text-align: center\"><strong>Alapk\u0151let\u00e9tele:<\/strong><\/p>\n<p style=\"text-align: center\"><a href=\"https:\/\/semmelweis.hu\/anatomia\/files\/2015\/07\/22.jpg\"><img loading=\"lazy\" decoding=\"async\" class=\"aligncenter wp-image-8284 size-full\" src=\"https:\/\/semmelweis.hu\/anatomia\/files\/2015\/07\/22.jpg\" alt=\"2\" width=\"590\" height=\"469\" srcset=\"https:\/\/semmelweis.hu\/anatomia\/files\/2015\/07\/22.jpg 590w, https:\/\/semmelweis.hu\/anatomia\/files\/2015\/07\/22-300x238.jpg 300w, https:\/\/semmelweis.hu\/anatomia\/files\/2015\/07\/22-377x300.jpg 377w\" sizes=\"auto, (max-width: 590px) 100vw, 590px\" \/><\/a> <a href=\"https:\/\/semmelweis.hu\/anatomia\/files\/2015\/07\/0.jpg\"><img loading=\"lazy\" decoding=\"async\" class=\"aligncenter wp-image-8285\" src=\"https:\/\/semmelweis.hu\/anatomia\/files\/2015\/07\/0.jpg\" alt=\"0\" width=\"640\" height=\"480\" srcset=\"https:\/\/semmelweis.hu\/anatomia\/files\/2015\/07\/0.jpg 800w, https:\/\/semmelweis.hu\/anatomia\/files\/2015\/07\/0-300x225.jpg 300w, https:\/\/semmelweis.hu\/anatomia\/files\/2015\/07\/0-400x300.jpg 400w\" sizes=\"auto, (max-width: 640px) 100vw, 640px\" \/><\/a> <a href=\"https:\/\/semmelweis.hu\/anatomia\/files\/2015\/07\/1a.jpg\"><img loading=\"lazy\" decoding=\"async\" class=\"aligncenter wp-image-8286\" src=\"https:\/\/semmelweis.hu\/anatomia\/files\/2015\/07\/1a.jpg\" alt=\"1a\" width=\"640\" height=\"538\" srcset=\"https:\/\/semmelweis.hu\/anatomia\/files\/2015\/07\/1a.jpg 700w, https:\/\/semmelweis.hu\/anatomia\/files\/2015\/07\/1a-300x252.jpg 300w, https:\/\/semmelweis.hu\/anatomia\/files\/2015\/07\/1a-357x300.jpg 357w\" sizes=\"auto, (max-width: 640px) 100vw, 640px\" \/><\/a>(Fot\u00f3: Kiss J\u00f3zsef)<\/p>\n<p>&nbsp;<\/p>\n<p>&nbsp;<\/p>\n","protected":false},"excerpt":{"rendered":"<p>Egyetem\u00fcnk Elm\u00e9leti Orvostudom\u00e1nyi K\u00f6zpontj\u00e1nak \u00e9p\u00fcletavat\u00f3 \u00fcnneps\u00e9g\u00e9re\u00a0 2008. november 6-\u00e1n 13 \u00f3rai kezdettel ker\u00fclt sor (IX. T\u0171zolt\u00f3 u. 37-47., EOK Aula). (Kor\u00e1bbi k\u00e9peink: alapk\u0151let\u00e9tel, \u00e9p\u00edtkez\u00e9s) Az avat\u00e1s programja: K\u00f6sz\u00f6nt\u0151 \u00e9s \u00fcnnepi besz\u00e9dek: Az Arcadom vez\u00e9rigazgat\u00f3ja \u00fcnnep\u00e9lyesen \u00e1tadja az \u00e9p\u00fcletet az Egyetem rektor\u00e1nak (t\u00e1bla leleplez\u00e9se, bemutat\u00e1sa) <a href=\"https:\/\/semmelweis.hu\/anatomia\/files\/2015\/07\/dsc09817-.jpg\"><\/a> A t\u00e1bla mint\u00e1j\u00e1ra k\u00e9sz\u00fclt eml\u00e9kplakettek \u00e1tad\u00e1sa <a href=\"https:\/\/semmelweis.hu\/anatomia\/files\/2015\/07\/dsc09821-.jpg\"><\/a> Filmvet\u00edt\u00e9s az \u00e9p\u00fclet sz\u00fclet\u00e9s\u00e9r\u0151l <a href=\"https:\/\/semmelweis.hu\/anatomia\/files\/2015\/07\/dsc09826-.jpg\"><\/a> Az &hellip;<\/p>\n","protected":false},"author":352,"featured_media":8285,"comment_status":"closed","ping_status":"closed","sticky":false,"template":"","format":"standard","meta":{"_acf_changed":false,"footnotes":""},"categories":[20],"tags":[],"class_list":["post-8276","post","type-post","status-publish","format-standard","has-post-thumbnail","hentry","category-intezeti-hirek"],"acf":[],"_links":{"self":[{"href":"https:\/\/semmelweis.hu\/anatomia\/wp-json\/wp\/v2\/posts\/8276","targetHints":{"allow":["GET"]}}],"collection":[{"href":"https:\/\/semmelweis.hu\/anatomia\/wp-json\/wp\/v2\/posts"}],"about":[{"href":"https:\/\/semmelweis.hu\/anatomia\/wp-json\/wp\/v2\/types\/post"}],"author":[{"embeddable":true,"href":"https:\/\/semmelweis.hu\/anatomia\/wp-json\/wp\/v2\/users\/352"}],"replies":[{"embeddable":true,"href":"https:\/\/semmelweis.hu\/anatomia\/wp-json\/wp\/v2\/comments?post=8276"}],"version-history":[{"count":1,"href":"https:\/\/semmelweis.hu\/anatomia\/wp-json\/wp\/v2\/posts\/8276\/revisions"}],"predecessor-version":[{"id":8287,"href":"https:\/\/semmelweis.hu\/anatomia\/wp-json\/wp\/v2\/posts\/8276\/revisions\/8287"}],"wp:featuredmedia":[{"embeddable":true,"href":"https:\/\/semmelweis.hu\/anatomia\/wp-json\/wp\/v2\/media\/8285"}],"wp:attachment":[{"href":"https:\/\/semmelweis.hu\/anatomia\/wp-json\/wp\/v2\/media?parent=8276"}],"wp:term":[{"taxonomy":"category","embeddable":true,"href":"https:\/\/semmelweis.hu\/anatomia\/wp-json\/wp\/v2\/categories?post=8276"},{"taxonomy":"post_tag","embeddable":true,"href":"https:\/\/semmelweis.hu\/anatomia\/wp-json\/wp\/v2\/tags?post=8276"}],"curies":[{"name":"wp","href":"https:\/\/api.w.org\/{rel}","templated":true}]}}