{"id":8256,"date":"2008-12-31T11:46:23","date_gmt":"2008-12-31T10:46:23","guid":{"rendered":"http:\/\/semmelweis.hu\/anatomia\/?p=8256"},"modified":"2015-07-28T11:55:23","modified_gmt":"2015-07-28T09:55:23","slug":"boldog-uj-evet-kivanunk-3","status":"publish","type":"post","link":"https:\/\/semmelweis.hu\/anatomia\/2008\/12\/31\/boldog-uj-evet-kivanunk-3\/","title":{"rendered":"Boldog \u00daj \u00c9vet k\u00edv\u00e1nunk!"},"content":{"rendered":"<p><a href=\"https:\/\/semmelweis.hu\/anatomia\/files\/2015\/07\/buek.jpg\"><img loading=\"lazy\" decoding=\"async\" class=\" size-full wp-image-8257 aligncenter\" src=\"https:\/\/semmelweis.hu\/anatomia\/files\/2015\/07\/buek.jpg\" alt=\"buek\" width=\"200\" height=\"136\" srcset=\"https:\/\/semmelweis.hu\/anatomia\/files\/2015\/07\/buek.jpg 200w, https:\/\/semmelweis.hu\/anatomia\/files\/2015\/07\/buek-175x120.jpg 175w\" sizes=\"auto, (max-width: 200px) 100vw, 200px\" \/><\/a><\/p>\n<p align=\"center\"><span style=\"font-family: Verdana;font-size: large\"><b>Boldog \u00daj \u00c9vet! <\/b><\/span><\/p>\n<p align=\"center\"><i><span style=\"font-family: Verdana;font-size: large\">Happy New Year!\u00a0\u00a0\u00a0\u00a0\u00a0\u00a0\u00a0 Gl\u00fcckliches Neues Jahr!<\/span><\/i><\/p>\n<hr \/>\n<p>&nbsp;<\/p>\n<p><a href=\"https:\/\/semmelweis.hu\/anatomia\/files\/2015\/07\/kocc2008-2.jpg\"><img loading=\"lazy\" decoding=\"async\" class=\"aligncenter wp-image-8258\" src=\"https:\/\/semmelweis.hu\/anatomia\/files\/2015\/07\/kocc2008-2.jpg\" alt=\"kocc2008-2\" width=\"640\" height=\"464\" srcset=\"https:\/\/semmelweis.hu\/anatomia\/files\/2015\/07\/kocc2008-2.jpg 700w, https:\/\/semmelweis.hu\/anatomia\/files\/2015\/07\/kocc2008-2-300x217.jpg 300w, https:\/\/semmelweis.hu\/anatomia\/files\/2015\/07\/kocc2008-2-414x300.jpg 414w\" sizes=\"auto, (max-width: 640px) 100vw, 640px\" \/><\/a> <a href=\"https:\/\/semmelweis.hu\/anatomia\/files\/2015\/07\/kocc2008-1.jpg\"><img loading=\"lazy\" decoding=\"async\" class=\"aligncenter wp-image-8260\" src=\"https:\/\/semmelweis.hu\/anatomia\/files\/2015\/07\/kocc2008-1.jpg\" alt=\"kocc2008-1\" width=\"640\" height=\"456\" srcset=\"https:\/\/semmelweis.hu\/anatomia\/files\/2015\/07\/kocc2008-1.jpg 700w, https:\/\/semmelweis.hu\/anatomia\/files\/2015\/07\/kocc2008-1-300x214.jpg 300w, https:\/\/semmelweis.hu\/anatomia\/files\/2015\/07\/kocc2008-1-421x300.jpg 421w\" sizes=\"auto, (max-width: 640px) 100vw, 640px\" \/><\/a> <a href=\"https:\/\/semmelweis.hu\/anatomia\/files\/2015\/07\/dt2009-ujsag1.jpg\"><img loading=\"lazy\" decoding=\"async\" class=\"aligncenter wp-image-8259\" src=\"https:\/\/semmelweis.hu\/anatomia\/files\/2015\/07\/dt2009-ujsag1.jpg\" alt=\"dt2009-ujsag1\" width=\"640\" height=\"313\" srcset=\"https:\/\/semmelweis.hu\/anatomia\/files\/2015\/07\/dt2009-ujsag1.jpg 700w, https:\/\/semmelweis.hu\/anatomia\/files\/2015\/07\/dt2009-ujsag1-300x147.jpg 300w, https:\/\/semmelweis.hu\/anatomia\/files\/2015\/07\/dt2009-ujsag1-580x283.jpg 580w\" sizes=\"auto, (max-width: 640px) 100vw, 640px\" \/><\/a><\/p>\n<p style=\"text-align: center\">(Fot\u00f3: Altdorfer K.)<\/p>\n<p>&nbsp;<\/p>\n","protected":false},"excerpt":{"rendered":"<p><a href=\"https:\/\/semmelweis.hu\/anatomia\/files\/2015\/07\/buek.jpg\"><\/a><br \/>\nBoldog \u00daj \u00c9vet!<br \/>\nHappy New Year!\u00a0\u00a0\u00a0\u00a0\u00a0\u00a0\u00a0 Gl\u00fcckliches Neues Jahr!<\/p>\n<p>&nbsp;<br \/>\n<a href=\"https:\/\/semmelweis.hu\/anatomia\/files\/2015\/07\/kocc2008-2.jpg\"><\/a> <a href=\"https:\/\/semmelweis.hu\/anatomia\/files\/2015\/07\/kocc2008-1.jpg\"><\/a> <a href=\"https:\/\/semmelweis.hu\/anatomia\/files\/2015\/07\/dt2009-ujsag1.jpg\"><\/a><br \/>\n(Fot\u00f3: Altdorfer K.)<br \/>\n&nbsp;<\/p>\n","protected":false},"author":352,"featured_media":8257,"comment_status":"closed","ping_status":"closed","sticky":false,"template":"","format":"standard","meta":{"_acf_changed":false,"footnotes":""},"categories":[20],"tags":[],"class_list":["post-8256","post","type-post","status-publish","format-standard","has-post-thumbnail","hentry","category-intezeti-hirek"],"acf":[],"_links":{"self":[{"href":"https:\/\/semmelweis.hu\/anatomia\/wp-json\/wp\/v2\/posts\/8256","targetHints":{"allow":["GET"]}}],"collection":[{"href":"https:\/\/semmelweis.hu\/anatomia\/wp-json\/wp\/v2\/posts"}],"about":[{"href":"https:\/\/semmelweis.hu\/anatomia\/wp-json\/wp\/v2\/types\/post"}],"author":[{"embeddable":true,"href":"https:\/\/semmelweis.hu\/anatomia\/wp-json\/wp\/v2\/users\/352"}],"replies":[{"embeddable":true,"href":"https:\/\/semmelweis.hu\/anatomia\/wp-json\/wp\/v2\/comments?post=8256"}],"version-history":[{"count":3,"href":"https:\/\/semmelweis.hu\/anatomia\/wp-json\/wp\/v2\/posts\/8256\/revisions"}],"predecessor-version":[{"id":8263,"href":"https:\/\/semmelweis.hu\/anatomia\/wp-json\/wp\/v2\/posts\/8256\/revisions\/8263"}],"wp:featuredmedia":[{"embeddable":true,"href":"https:\/\/semmelweis.hu\/anatomia\/wp-json\/wp\/v2\/media\/8257"}],"wp:attachment":[{"href":"https:\/\/semmelweis.hu\/anatomia\/wp-json\/wp\/v2\/media?parent=8256"}],"wp:term":[{"taxonomy":"category","embeddable":true,"href":"https:\/\/semmelweis.hu\/anatomia\/wp-json\/wp\/v2\/categories?post=8256"},{"taxonomy":"post_tag","embeddable":true,"href":"https:\/\/semmelweis.hu\/anatomia\/wp-json\/wp\/v2\/tags?post=8256"}],"curies":[{"name":"wp","href":"https:\/\/api.w.org\/{rel}","templated":true}]}}