{"id":7627,"date":"2000-11-25T09:28:04","date_gmt":"2000-11-25T08:28:04","guid":{"rendered":"http:\/\/semmelweis.hu\/anatomia\/?p=7627"},"modified":"2015-07-29T12:27:52","modified_gmt":"2015-07-29T10:27:52","slug":"az-emlektabla-leleplezese","status":"publish","type":"post","link":"https:\/\/semmelweis.hu\/anatomia\/2000\/11\/25\/az-emlektabla-leleplezese\/","title":{"rendered":"Az eml\u00e9kt\u00e1bla leleplez\u00e9se"},"content":{"rendered":"<p><span style=\"font-family: Verdana;font-size: small\"><i>&#8222;Az anatomia sz\u00e1momra nem csup\u00e1n minden orvosi gondolkod\u00e1s \u00e9s cselekv\u00e9s elidegen\u00edthetetlen alapja, hanem az anyag \u00e9s a l\u00e9t \u00f6r\u00f6k sz\u00e9ps\u00e9g\u00e9nek \u00e9s harm\u00f3ni\u00e1j\u00e1nak egyik legmagasabb rend\u0171 megnyilv\u00e1nul\u00e1sa&#8221; &#8211; <\/i><b>Szent\u00e1gothai 1971<\/b><i>.<\/i><\/span><\/p>\n<p><span style=\"font-family: Verdana;font-size: small\">E nagyszer\u0171 gondolatot olvashatjuk m\u00e1t\u00f3l az Anat\u00f3miai Int\u00e9zet l\u00e9pcs\u0151h\u00e1z\u00e1nak fal\u00e1n, a <b>Varga Imre<\/b> szobr\u00e1szm\u0171v\u00e9sz \u00e1ltal meg\u00e1lmodott \u00e9s megteremtett kit\u0171n\u0151 alkot\u00e1son, melyen a m\u0171v\u00e9sz Szent\u00e1gothai J\u00e1nos arc relief k\u00e9p\u00e9t, a zseni\u00e1lis tud\u00f3s karakteres arcvon\u00e1sait imm\u00e1r v\u00e9glegesen bronzba \u00f6r\u00f6k\u00edtette. <a href=\"https:\/\/semmelweis.hu\/anatomia\/files\/2015\/07\/emlt.jpg\"><img loading=\"lazy\" decoding=\"async\" class=\" size-full wp-image-7628 alignright\" src=\"https:\/\/semmelweis.hu\/anatomia\/files\/2015\/07\/emlt.jpg\" alt=\"emlt\" width=\"226\" height=\"309\" srcset=\"https:\/\/semmelweis.hu\/anatomia\/files\/2015\/07\/emlt.jpg 226w, https:\/\/semmelweis.hu\/anatomia\/files\/2015\/07\/emlt-219x300.jpg 219w\" sizes=\"auto, (max-width: 226px) 100vw, 226px\" \/><\/a><br \/><\/span><\/p>\n<p><span style=\"font-family: Verdana;font-size: small\">Azt hiszem, nem lehet az anat\u00f3mia jelent\u0151s\u00e9g\u00e9t vil\u00e1gosabban, t\u00f6m\u00f6rebben \u00e9s a megfogalmaz\u00f3 l\u00e9ny\u00e9vel relev\u00e1nsabb form\u00e1ban kifejezni. Ezen egyetlen mondat hitet tesz az ember legmagasabb rend\u0171 k\u00fcldet\u00e9s\u00e9r\u0151l, a l\u00e9t \u00f6r\u00f6k sz\u00e9ps\u00e9geinek \u00e9s harm\u00f3ni\u00e1j\u00e1nak keres\u00e9s\u00e9r\u0151l, felt\u00e1r\u00e1s\u00e1r\u00f3l \u00e9s hirdet\u00e9s\u00e9r\u0151l, legyen a tev\u00e9kenys\u00e9g az anat\u00f3mia, a m\u0171v\u00e9szet, a hum\u00e1n-, a tem\u00e9szettudom\u00e1ny b\u00e1rmely \u00e1g\u00e1ban.\u00a0<\/span><\/p>\n<p><span style=\"font-family: Verdana;font-size: small\">M\u00e1t\u00f3l, aki megfordul az Anat\u00f3miai Int\u00e9zet l\u00e9pcs\u0151h\u00e1z\u00e1ban &#8211; \u00e9s naponta sz\u00e1zak \u00e9s sz\u00e1zak teszik ezt &#8211; az els\u0151 l\u00e9pcs\u0151fordul\u00f3ban h\u00e1rom kimagasl\u00f3 tud\u00f3s szem\u00e9lyis\u00e9ggel tal\u00e1lkozhat szembe, akiknek eml\u00e9kt\u00e1bl\u00e1i tan\u00fas\u00e1got tesznek arr\u00f3l, hogy munk\u00e1ss\u00e1guk r\u00e9v\u00e9n a magyar anat\u00f3mia m\u00e9lt\u00e1n van a nemzetk\u00f6zi \u00e9lmez\u0151nyben.<\/span><\/p>\n<p><span style=\"font-family: Verdana;font-size: small\">K\u00f6z\u00e9pen <i>Lenhoss\u00e9k Mih\u00e1ly<\/i> (eml\u00e9kt\u00e1bl\u00e1j\u00e1nak fel\u00e1ll\u00edt\u00e1si \u00e9ve: 1937), <i>Kiss Ferencz<\/i> (1989), <b><i>Szent\u00e1gothai J\u00e1nos<\/i><\/b> (2000).<\/span><\/p>\n<p><span style=\"font-family: Verdana;font-size: small\">Az eml\u00e9kt\u00e1bla leleplez\u00e9s az imm\u00e1r 1995-\u00f3ta hagyom\u00e1nny\u00e1 v\u00e1lt \u0151szi Szent\u00e1gothai J\u00e1nos eml\u00e9kel\u0151ad\u00e1sok rendj\u00e9be illeszkedve <i>2000. november 25<\/i>-\u00e9n szombaton d\u00e9lel\u0151tt volt az Anat\u00f3miai, Sz\u00f6vet-, \u00e9s Fejl\u0151d\u00e9stani Int\u00e9zetben.<\/span><\/p>\n<p><span style=\"font-family: Verdana;font-size: small\">A tantermet zs\u00fafol\u00e1sig t\u00f6lt\u00f6tte meg az \u00fcnnepi k\u00f6z\u00f6ns\u00e9g. Tan\u00edtv\u00e1nyok, tisztel\u0151k, bar\u00e1tok Budapestr\u0151l, t\u00e1voli v\u00e1rosokb\u00f3l, valamint a Szent\u00e1gothai J\u00e1nos nev\u00e9t visel\u0151 Eg\u00e9szs\u00e9g\u00fcgyi Szakk\u00e9pz\u0151 Iskola di\u00e1kjai \u00e9s tan\u00e1rai.<\/span><\/p>\n<p><span style=\"font-family: Verdana;font-size: small\">A program menet\u00e9ben el\u0151sz\u00f6r az int\u00e9zet igazgat\u00f3ja, a tan\u00edtv\u00e1ny \u00e9s tansz\u00e9ki ut\u00f3d, <b>R\u00e9thelyi Mikl\u00f3s<\/b> r\u00f6vid k\u00f6sz\u00f6nt\u0151je hangzott el, tov\u00e1bb\u00e1 annak sajn\u00e1latos bejelent\u00e9se, hogy az eml\u00e9kt\u00e1bla leleplez\u00e9st Glatz Ferenc, az MTA eln\u00f6ke eg\u00e9szs\u00e9gi okokb\u00f3l el\u0151z\u0151 este k\u00e9nytelen volt lemondani. A feladatra az aznapi felk\u00e9r\u00e9st rektorunk p\u00e9ldamutat\u00f3an v\u00e1llalta.<\/span><\/p>\n<p align=\"center\"><span style=\"font-family: Verdana;font-size: small\"><b>S\u00f3tonyi P\u00e9ter<\/b> rektor besz\u00e9d\u00e9ben Szent\u00e1gothai J\u00e1nos nagyszer\u0171 szem\u00e9lyis\u00e9g\u00e9t hangs\u00falyozta, azt az egyenrang\u00fa, bar\u00e1ti, ugyanakkor mindig tiszteletet kiv\u00e1lt\u00f3 kapcsolatot, mely di\u00e1kjaihoz val\u00f3 viszony\u00e1t jellemezte.\u00a0 <\/span><\/p>\n<p style=\"text-align: left\" align=\"center\"><span style=\"font-family: Verdana;font-size: small\">N\u00e9h\u00e1ny szem\u00e9lyes \u00e9lm\u00e9ny\u00e9nek felid\u00e9z\u00e9s\u00e9vel m\u00e9g vil\u00e1gosabb\u00e1 v\u00e1lt az a tiszteletteljes fejhajt\u00e1s \u00e9s legmagasabb szint\u0171 elismer\u00e9s, amivel a Semmelweis Egyetem \u00e9s szem\u00e9ly\u00e9ben annak rektora, Szent\u00e1gothai J\u00e1nos munk\u00e1ss\u00e1ga, szem\u00e9lyis\u00e9ge el\u0151tt ad\u00f3zik.<\/span><\/p>\n<figure id=\"attachment_7629\" aria-describedby=\"caption-attachment-7629\" style=\"width: 284px\" class=\"wp-caption alignright\"><a href=\"https:\/\/semmelweis.hu\/anatomia\/files\/2015\/07\/szobrasz.jpg\"><img loading=\"lazy\" decoding=\"async\" class=\"size-full wp-image-7629\" src=\"https:\/\/semmelweis.hu\/anatomia\/files\/2015\/07\/szobrasz.jpg\" alt=\"Varga Imre, az eml\u00e9kt\u00e1bla alkot\u00f3ja\" width=\"284\" height=\"182\" \/><\/a><figcaption id=\"caption-attachment-7629\" class=\"wp-caption-text\">Varga Imre, az eml\u00e9kt\u00e1bla alkot\u00f3ja<\/figcaption><\/figure>\n<p style=\"text-align: left\" align=\"center\"><span style=\"font-family: Verdana;font-size: small\">\u00a0<\/span><\/p>\n<p><span style=\"font-family: Verdana;font-size: small\">Kiemelte, hogy az eml\u00e9kt\u00e1bl\u00e1t k\u00e9sz\u00edt\u0151 <b>Varga Imre szobr\u00e1szm\u0171v\u00e9sz<\/b>t Szent\u00e1gothai J\u00e1noshoz meleg bar\u00e1ts\u00e1g f\u0171zte, \u00e9s e megtisztel\u0151 feladatot a m\u0171v\u00e9sz ez\u00e9rt is \u00f6r\u00f6mmel v\u00e1llalta.<\/span><\/p>\n<p><span style=\"font-family: Verdana;font-size: small\">Szent\u00e1gothai szellemis\u00e9g\u00e9t legjobban \u00fagy id\u00e9zz\u00fck meg &#8211; folytatta \u00fcnnepi besz\u00e9d\u00e9t &#8211; ha valamelyik \u00edr\u00e1s\u00e1t cit\u00e1ljuk.<\/span><\/p>\n<p align=\"center\"><span style=\"font-family: Verdana;font-size: small\">\u00c1lljon itt egy r\u00e9szlet az<i> &#8222;Ulyssesk\u00e9nt az agy k\u00f6r\u00fcl&#8221;<\/i> 1994-ben a Term\u00e9szet Vil\u00e1g\u00e1ban h\u00e1rom r\u00e9szben megjelent \u00edr\u00e1s\u00e1b\u00f3l:\u00a0 <\/span><\/p>\n<p style=\"text-align: center\" align=\"center\"><span style=\"font-family: Verdana;font-size: small\"><i>&#8221; A vil\u00e1gegyetem legcsod\u00e1latosabb term\u00e9ke az emberi agy, teh\u00e1t egy inform\u00e1ci\u00f3s vil\u00e1grendszer hordoz\u00f3ja: tudatunk \u00e9s mindaz, ami benne rejlik, amit \u00f6nmagunkr\u00f3l tudunk, nyelv\u00fcnk, m\u0171v\u00e9szet\u00fcnk, elm\u00e9leteink, tudom\u00e1nyunk, mind &#8211; mind m\u0171k\u00f6d\u0151 agyi strukt\u00far\u00e1k \u00e1ltal hordozott inform\u00e1ci\u00f3s rendszer. Ha ezt az inform\u00e1ci\u00f3elm\u00e9letet a modern fizikai vil\u00e1gk\u00e9p ismeret\u00e9ben v\u00e9giggondoljuk, nyilv\u00e1nval\u00f3, hogy elvileg nem lehet\u00fcnk determin\u00e1ltak, nem vagyunk a v\u00e9letlen \u00e9s az el\u0151z\u0151 peremfelt\u00e9telek vak j\u00e1t\u00e9kszerei, hanem szabadakarat\u00faak \u00e9s tetteink\u00e9rt felel\u0151sek a legszigor\u00fabb term\u00e9szettudom\u00e1nyi vil\u00e1gk\u00e9p szerint is.&#8221;<\/i><\/span><\/p>\n<p style=\"text-align: left\" align=\"center\"><span style=\"font-family: Verdana;font-size: small\">Hal\u00e1la \u00e9v\u00e9ben \u00edrt al\u00e1bbi sorai m\u00e9ly b\u00f6lcsess\u00e9gr\u0151l tan\u00faskodnak:<\/span><\/p>\n<p style=\"text-align: center\" align=\"center\"><span style=\"font-family: Verdana;font-size: small\"><i>&#8222;V\u00e9g\u00fcl is azzal a mindennel megb\u00e9k\u00e9lt \u00e9rz\u00e9ssel n\u00e9zhetek mindegyik\u00fcnk sorsa, f\u00f6ldi l\u00e9t\u00fcnk<\/i> <i>v\u00e9ge el\u00e9, hogy sz\u00e1mtalan bizarrs\u00e1ga, romantikus t\u00e9ved\u00e9se, burleszk szitu\u00e1ci\u00f3i, k\u00e9s\u0151bb sz\u00fcks\u00e9gtelennek \u00edt\u00e9lt hamis, de j\u00f3 sz\u00e1nd\u00e9kkal v\u00e1llalt kompromisszumai ellen\u00e9re \u00e9letem &#8222;j\u00f3 mulats\u00e1g, f\u00e9rfimunka volt&#8221;.<\/i><\/span><\/p>\n<p><span style=\"font-family: Verdana;font-size: small\">Ezen id\u00e9zetek ut\u00e1n egyetem\u00fcnk rektora leleplezte Szent\u00e1gothai J\u00e1nos eml\u00e9kt\u00e1bl\u00e1j\u00e1t. Az eml\u00e9kt\u00e1bla al\u00e1 koszor\u00fat \u00e9s vir\u00e1got helyeztek az Anat\u00f3miai Int\u00e9zet oktat\u00f3i valamint a Szent\u00e1gothai Iskola k\u00e9pvisel\u0151i. A <i>K\u00e9pz\u00e9skutat\u00f3 K\u00f6zpont<\/i> dics\u00e9ret\u00e9re szolg\u00e1ljon, hogy az eml\u00e9kt\u00e1bla felavat\u00e1s\u00e1t, a l\u00e9pcs\u0151fordul\u00f3 sz\u0171k\u00f6ss\u00e9ge folyt\u00e1n kiszorultak \u00e9s a tanteremben visszamaradtak is az erre az alkalomra fel\u00e1ll\u00edtott telev\u00edzi\u00f3 l\u00e1ncon kereszt\u00fcl h\u0171en k\u00f6vethett\u00e9k.<\/span><\/p>\n<p><span style=\"font-family: Verdana;font-size: small\">Az \u00fcnneps\u00e9g a<b> Magyar Akad\u00e9mia<\/b> von\u00f3sn\u00e9gyes programj\u00e1val folytat\u00f3dott. <i>Antonin Dvor\u00e1k<\/i> Amerik\u00e1ban \u00edrt F-d\u00far von\u00f3sn\u00e9gyes\u00e9nek, a N\u00e9ger kvartettnek 2. \u00e9s 4. t\u00e9tel\u00e9t j\u00e1tszott\u00e1k kiv\u00e1l\u00f3 el\u0151ad\u00e1sban. Az alkalomhoz ill\u0151 jobb v\u00e1laszt\u00e1s &#8211; \u00fagy \u00e9rzem &#8211; nem lehetett volna. A m\u00e9lt\u00f3s\u00e1gteljes, \u00fcnnep\u00e9lyes 2. t\u00e9tel m\u00e9lt\u00e1n adta meg a d\u00e9lel\u0151tt jelent\u0151s\u00e9g\u00e9t, m\u00edg a 4. t\u00e9tel j\u00e1t\u00e9koss\u00e1g\u00e1val, szellemes k\u00f6nnyeds\u00e9g\u00e9vel optimizmust, er\u0151t, hitet sug\u00e1roz. (Mik\u00e9nt Dvor\u00e1k belemer\u00fclt az \u00daj vil\u00e1g felfedez\u00e9s\u00e9be, \u00fagy Szent\u00e1gothai az \u00c9let, a Biol\u00f3gia, az Agy csod\u00e1iba.) Ez a t\u00e9tel ak\u00e1r a nagy tud\u00f3s zenei portr\u00e9ja is lehetne. (Ne felejts\u00fck, a zene minden m\u0171v\u00e9szetn\u00e9l kifejez\u0151bb, gondoljunk csak Bart\u00f3k: <i>K\u00e9t<\/i> <i>arck\u00e9p<\/i>\u00e9re).<\/span><\/p>\n<p><span style=\"font-family: Verdana;font-size: small\">Ezut\u00e1n k\u00f6vetkezett az eml\u00e9kel\u0151ad\u00e1s, melynek megtart\u00e1s\u00e1ra eddig mindig egy &#8211; egy tan\u00edtv\u00e1ny (Flerk\u00f3 B. 1995, Hal\u00e1sz B. 1996, H\u00e1mori J. 1999) , bar\u00e1t (P.\u00e9s T. Pasik USA 1997), vagy t\u00e1voli tisztel\u0151 (Z. T\u00f6rey Ausztr\u00e1lia, 1998) kapott felk\u00e9r\u00e9st. A kor\u00e1bbi \u00e9vekben a fentiek el\u0151ad\u00e1sai nyom\u00e1n a k\u00e9p, a film, a video eszk\u00f6zeivel \u00fajra \u00e9l\u0151v\u00e9 v\u00e1lt Szent\u00e1gothai J\u00e1mos sz\u00ednes, mag\u00e1val ragad\u00f3 szellemis\u00e9ge, r\u00e9szesei lehett\u00fcnk azoknak a finom intimit\u00e1soknak, melyek a tan\u00edtv\u00e1ny \u00e9s a Mester elszak\u00edthatatlan \u00e9s felejthetetlen kapcsolat\u00e1t jellemezt\u00e9k.<\/span><\/p>\n<p><span style=\"font-family: Verdana;font-size: small\">Az idei felk\u00e9rt tan\u00edtv\u00e1ny \u00e9s munkat\u00e1rs <b>Sz\u00e9kely Gy\u00f6rgy<\/b> akad\u00e9mikus,<\/span><\/p>\n<figure id=\"attachment_7630\" aria-describedby=\"caption-attachment-7630\" style=\"width: 367px\" class=\"wp-caption alignright\"><a href=\"https:\/\/semmelweis.hu\/anatomia\/files\/2015\/07\/szea.jpg\"><img loading=\"lazy\" decoding=\"async\" class=\"size-full wp-image-7630\" src=\"https:\/\/semmelweis.hu\/anatomia\/files\/2015\/07\/szea.jpg\" alt=\"Sz\u00e9kely Gy\u00f6rgy el\u0151ad\u00e1sa\" width=\"367\" height=\"263\" srcset=\"https:\/\/semmelweis.hu\/anatomia\/files\/2015\/07\/szea.jpg 367w, https:\/\/semmelweis.hu\/anatomia\/files\/2015\/07\/szea-300x215.jpg 300w\" sizes=\"auto, (max-width: 367px) 100vw, 367px\" \/><\/a><figcaption id=\"caption-attachment-7630\" class=\"wp-caption-text\">Sz\u00e9kely Gy\u00f6rgy el\u0151ad\u00e1sa<\/figcaption><\/figure>\n<p><span style=\"font-family: Verdana;font-size: small\">R\u00e9thelyi Mikl\u00f3s, az eml\u00e9kez\u00e9s szervez\u0151je k\u00e9r\u00e9s\u00e9re, szak\u00edtott e hagyom\u00e1nnyal, \u00fagy \u00f6t \u00e9v ut\u00e1n hatodikk\u00e9nt mester\u00e9nek tudom\u00e1nyos koncepci\u00f3i nyom\u00e1n sz\u00f3lt azokr\u00f3l a t\u00e1vlatokr\u00f3l, melyeket azok megnyitottak. El\u0151ad\u00e1s\u00e1nak c\u00edme:<i> Az idegrendszer komplexit\u00e1sa Szent\u00e1gothai nyom\u00e1n tov\u00e1bb. <br \/><\/i><\/span><\/p>\n<p><span style=\"font-family: Verdana;font-size: small\">Ehely\u00fctt csak r\u00f6viden taglalva, Sz\u00e9kely egy amerikai k\u00f6zgazd\u00e1sz (<i>Simon<\/i>) 1962-ben megjelent k\u00f6nyve alapj\u00e1n a gazdas\u00e1gi strukt\u00fara t\u00f6rv\u00e9nyszer\u0171s\u00e9geit boncolgat\u00f3 kutat\u00f3 t\u00e9ziseit pr\u00f3b\u00e1lta a biol\u00f3gia ter\u00fclet\u00e9re adapt\u00e1lni. T\u00f6rekv\u00e9seit a Szent\u00e1gothai iskol\u00e1ban kapott ind\u00edttat\u00e1sa, valamint nemzetk\u00f6zileg elismert neuroembriol\u00f3giai munk\u00e1ss\u00e1ga teszi indokoltt\u00e1.<\/span><\/p>\n<p><span style=\"font-family: Verdana;font-size: small\">A kiindul\u00e1s (az \u00e9vsz\u00e1mokra mindig legy\u00fcnk tekintettel) 1944-46, a Sherrington-i reflexol\u00f3gia vir\u00e1gkora. \u00c9rthet\u0151, az idegrendszer reflex alapon m\u0171k\u00f6dik. Szent\u00e1gothai axondegener\u00e1ci\u00f3s m\u00f3dszerrel le\u00edrta a r\u00e1g\u00e1s monoszinaptikus reflex\u00edv\u00e9t. Az idegrendszer kialakul\u00e1sa \u00e9rtelmez\u00e9s\u00e9ben a determin\u00e1ci\u00f3 a vezet\u0151 elv. A konvergencia- divergencia fogalma, a g\u00e1tl\u00f3rendszerek megismer\u00e9se m\u00e9g v\u00e1rat mag\u00e1ra.<\/span><\/p>\n<p><span style=\"font-family: Verdana;font-size: small\">Szent\u00e1gothai nyom\u00e1n haladva, Sz\u00e9kely ma \u00fagy l\u00e1tja, hogy az<\/span><\/p>\n<figure id=\"attachment_7631\" aria-describedby=\"caption-attachment-7631\" style=\"width: 360px\" class=\"wp-caption alignright\"><a href=\"https:\/\/semmelweis.hu\/anatomia\/files\/2015\/07\/szaghea.jpg\"><img loading=\"lazy\" decoding=\"async\" class=\"size-full wp-image-7631\" src=\"https:\/\/semmelweis.hu\/anatomia\/files\/2015\/07\/szaghea.jpg\" alt=\"Az \u00fcnneps\u00e9g r\u00e9sztvev\u0151i\" width=\"360\" height=\"257\" srcset=\"https:\/\/semmelweis.hu\/anatomia\/files\/2015\/07\/szaghea.jpg 360w, https:\/\/semmelweis.hu\/anatomia\/files\/2015\/07\/szaghea-300x214.jpg 300w\" sizes=\"auto, (max-width: 360px) 100vw, 360px\" \/><\/a><figcaption id=\"caption-attachment-7631\" class=\"wp-caption-text\">Az \u00fcnneps\u00e9g r\u00e9sztvev\u0151i<\/figcaption><\/figure>\n<p><span style=\"font-family: Verdana;font-size: small\">idegrendszerben a biok\u00e9miai \u00e9s a morfol\u00f3giai komplexit\u00e1s egyar\u00e1nt megtal\u00e1lhat\u00f3. Nincs &#8222;egyetlen szinapszis, egyetlen transzmitter&#8221; gondolkod\u00e1s, hanem komplex rendszerek hierarchikus szervez\u0151d\u00e9s\u00e9nek vagyunk megfigyel\u0151i. A gerincvel\u0151ben korong-, a kisagyban legyez\u0151 alak\u00fa-, a nagyagy k\u00e9regben kolumn\u00e1ris egys\u00e9gek vannak. A szervezetelm\u00e9let oszt\u00e1lyai, aloszt\u00e1lyai, az interakci\u00f3k a szervezetre is adapt\u00e1lhat\u00f3k (sejt- sz\u00f6vet- szerv) \u00e9s a hierarchikus szervez\u0151d\u00e9s alapja a ny\u00falv\u00e1nyokkal b\u00edr\u00f3 idegsejtek, \u00e9s azok csoportjainak alakul\u00e1sa.<\/span><\/p>\n<p><span style=\"font-family: Verdana;font-size: small\">A kort\u00e1rs \u00f6r\u00f6mmel \u00e9s elismer\u00e9ssel \u00e1llap\u00edthatja meg, hogy Szent\u00e1gothai nyom\u00e1n ma m\u00e1r az idegrendszer plaszticit\u00e1s\u00e1nak, komplexit\u00e1s\u00e1nak kutat\u00e1sa folyik, de ahhoz, hogy a mag \u00e9letre kelljen, vir\u00e1gba sz\u00f6kkenjen, j\u00f3llehet term\u00e9s\u00e9t olykor nyesegetni kell, nem el\u00e9g a mag \u00e9letereje, f\u00f6ld kell hozz\u00e1, mely azt \u00e9letre seg\u00edti. Ezt a term\u0151talajt adta \u00e9s m\u00e9g hossz\u00fa id\u0151n kereszt\u00fcl adja Szent\u00e1gothai J\u00e1nos p\u00e1ratlan \u00e9letm\u0171ve \u00e9s szem\u00e9lyis\u00e9ge.<\/span><\/p>\n<p style=\"text-align: right\">Dr. Don\u00e1th Tibor<\/p>\n<p><span style=\"font-family: Verdana;font-size: small\"><i>\u00a0<\/i><\/span><\/p>\n<p>&nbsp;<\/p>\n<p style=\"text-align: left\" align=\"center\">\u00a0<\/p>\n","protected":false},"excerpt":{"rendered":"<p>&#8222;Az anatomia sz\u00e1momra nem csup\u00e1n minden orvosi gondolkod\u00e1s \u00e9s cselekv\u00e9s elidegen\u00edthetetlen alapja, hanem az anyag \u00e9s a l\u00e9t \u00f6r\u00f6k sz\u00e9ps\u00e9g\u00e9nek \u00e9s harm\u00f3ni\u00e1j\u00e1nak egyik legmagasabb rend\u0171 megnyilv\u00e1nul\u00e1sa&#8221; &#8211; Szent\u00e1gothai 1971. E nagyszer\u0171 gondolatot olvashatjuk m\u00e1t\u00f3l az Anat\u00f3miai Int\u00e9zet l\u00e9pcs\u0151h\u00e1z\u00e1nak fal\u00e1n, a Varga Imre szobr\u00e1szm\u0171v\u00e9sz \u00e1ltal meg\u00e1lmodott \u00e9s megteremtett kit\u0171n\u0151 alkot\u00e1son, melyen a m\u0171v\u00e9sz Szent\u00e1gothai J\u00e1nos arc &hellip;<\/p>\n","protected":false},"author":352,"featured_media":7628,"comment_status":"closed","ping_status":"closed","sticky":false,"template":"","format":"standard","meta":{"_acf_changed":false,"footnotes":""},"categories":[20],"tags":[],"class_list":["post-7627","post","type-post","status-publish","format-standard","has-post-thumbnail","hentry","category-intezeti-hirek"],"acf":[],"_links":{"self":[{"href":"https:\/\/semmelweis.hu\/anatomia\/wp-json\/wp\/v2\/posts\/7627","targetHints":{"allow":["GET"]}}],"collection":[{"href":"https:\/\/semmelweis.hu\/anatomia\/wp-json\/wp\/v2\/posts"}],"about":[{"href":"https:\/\/semmelweis.hu\/anatomia\/wp-json\/wp\/v2\/types\/post"}],"author":[{"embeddable":true,"href":"https:\/\/semmelweis.hu\/anatomia\/wp-json\/wp\/v2\/users\/352"}],"replies":[{"embeddable":true,"href":"https:\/\/semmelweis.hu\/anatomia\/wp-json\/wp\/v2\/comments?post=7627"}],"version-history":[{"count":1,"href":"https:\/\/semmelweis.hu\/anatomia\/wp-json\/wp\/v2\/posts\/7627\/revisions"}],"predecessor-version":[{"id":7632,"href":"https:\/\/semmelweis.hu\/anatomia\/wp-json\/wp\/v2\/posts\/7627\/revisions\/7632"}],"wp:featuredmedia":[{"embeddable":true,"href":"https:\/\/semmelweis.hu\/anatomia\/wp-json\/wp\/v2\/media\/7628"}],"wp:attachment":[{"href":"https:\/\/semmelweis.hu\/anatomia\/wp-json\/wp\/v2\/media?parent=7627"}],"wp:term":[{"taxonomy":"category","embeddable":true,"href":"https:\/\/semmelweis.hu\/anatomia\/wp-json\/wp\/v2\/categories?post=7627"},{"taxonomy":"post_tag","embeddable":true,"href":"https:\/\/semmelweis.hu\/anatomia\/wp-json\/wp\/v2\/tags?post=7627"}],"curies":[{"name":"wp","href":"https:\/\/api.w.org\/{rel}","templated":true}]}}