{"id":7617,"date":"2004-10-18T09:19:04","date_gmt":"2004-10-18T07:19:04","guid":{"rendered":"http:\/\/semmelweis.hu\/anatomia\/?p=7617"},"modified":"2015-07-29T12:30:15","modified_gmt":"2015-07-29T10:30:15","slug":"tudomanyos-ules","status":"publish","type":"post","link":"https:\/\/semmelweis.hu\/anatomia\/2004\/10\/18\/tudomanyos-ules\/","title":{"rendered":"Tudom\u00e1nyos \u00fcl\u00e9s"},"content":{"rendered":"<p align=\"center\"><b><span style=\"color: #666666;font-family: Verdana;font-size: large\">Tudom\u00e1nyos \u00fcl\u00e9s okt\u00f3ber 18-\u00e1n:<\/span><\/b><\/p>\n<p align=\"center\"><b><span style=\"color: #666666;font-family: Verdana;font-size: large\">az Idegtudom\u00e1nyi Doktori Iskola felvette Szent\u00e1gothai J\u00e1nos nev\u00e9t<\/span><\/b><\/p>\n<p style=\"text-align: left\" align=\"justify\"><span style=\"color: #b00000;font-family: Verdana;font-size: small\">Az Semmelweis Egyetem Idegtudom\u00e1nyi Doktori Iskola programvezet\u0151i \u00e9s vezet\u0151je \u00fagy d\u00f6nt\u00f6ttek, hogy a Doktori Iskola felveszi <b>Szent\u00e1gothai J\u00e1nos <\/b>nev\u00e9t. <a href=\"https:\/\/semmelweis.hu\/anatomia\/files\/2015\/07\/szentagho.jpeg\"><img loading=\"lazy\" decoding=\"async\" class=\" size-full wp-image-7618 alignright\" src=\"https:\/\/semmelweis.hu\/anatomia\/files\/2015\/07\/szentagho.jpeg\" alt=\"szentagho\" width=\"180\" height=\"259\" \/><\/a><\/span><\/p>\n<p style=\"text-align: left\" align=\"justify\"><span style=\"color: #b00000\"><span style=\"font-family: Verdana\">Erre az \u00fcnnep\u00e9lyes alkalomra 2004. okt\u00f3ber 18-\u00e1n, 17:00 \u00f3rakor ker\u00fclt sor az Anat\u00f3miai, Sz\u00f6vet- \u00e9s Fejl\u0151d\u00e9stani Int\u00e9zet tanterm\u00e9ben rendezett tudom\u00e1nyos \u00fcl\u00e9s keretei k\u00f6z\u00f6tt. <\/span><\/span><\/p>\n<p style=\"text-align: left\" align=\"justify\"><span style=\"color: #b00000\"> <span style=\"font-family: Verdana\">A tudom\u00e1nyos \u00fcl\u00e9sen k\u00f6sz\u00f6nt\u0151t mondott <b>Dr. Sz\u00e9l \u00c1goston<\/b>, a Semmelweis Egyetem Doktori Tan\u00e1cs\u00e1nak eln\u00f6ke. <br \/> Az \u00fcl\u00e9s megh\u00edvott el\u0151ad\u00f3i <b>Drs. Pedro \u00e9s Tauba Pasik<\/b> (Mount Sinai School of Medicine), akik <i>J\u00e1nos (John) Szent\u00e1gothai: &#8222;A Man for All Seasons,&#8221; Revisited <\/i>c\u00edmmel tartottak eml\u00e9kez\u0151 el\u0151ad\u00e1st. <\/span><\/span><\/p>\n<p style=\"text-align: left\" align=\"justify\"><span style=\"color: #b00000;font-family: Verdana\">A bevezet\u0151 el\u0151ad\u00e1st az Idegtudom\u00e1nyi Doktori Iskola doktoranduszainak, ill. doktorjel\u00f6ltjeinek az el\u0151ad\u00e1sai k\u00f6vett\u00e9k. <\/span><\/p>\n<p style=\"text-align: center\" align=\"center\"><strong>K\u00e9pes besz\u00e1mol\u00f3:<\/strong><\/p>\n<p style=\"text-align: center\" align=\"center\"><a href=\"https:\/\/semmelweis.hu\/anatomia\/files\/2015\/07\/pasik.jpg\"><img loading=\"lazy\" decoding=\"async\" class=\"aligncenter wp-image-7619 size-full\" src=\"https:\/\/semmelweis.hu\/anatomia\/files\/2015\/07\/pasik.jpg\" alt=\"pasik\" width=\"418\" height=\"367\" srcset=\"https:\/\/semmelweis.hu\/anatomia\/files\/2015\/07\/pasik.jpg 418w, https:\/\/semmelweis.hu\/anatomia\/files\/2015\/07\/pasik-300x263.jpg 300w, https:\/\/semmelweis.hu\/anatomia\/files\/2015\/07\/pasik-342x300.jpg 342w\" sizes=\"auto, (max-width: 418px) 100vw, 418px\" \/><\/a> <a href=\"https:\/\/semmelweis.hu\/anatomia\/files\/2015\/07\/dsc08850.jpg\"><img loading=\"lazy\" decoding=\"async\" class=\"aligncenter wp-image-7620\" src=\"https:\/\/semmelweis.hu\/anatomia\/files\/2015\/07\/dsc08850.jpg\" alt=\"dsc08850\" width=\"640\" height=\"480\" srcset=\"https:\/\/semmelweis.hu\/anatomia\/files\/2015\/07\/dsc08850.jpg 720w, https:\/\/semmelweis.hu\/anatomia\/files\/2015\/07\/dsc08850-300x225.jpg 300w, https:\/\/semmelweis.hu\/anatomia\/files\/2015\/07\/dsc08850-400x300.jpg 400w\" sizes=\"auto, (max-width: 640px) 100vw, 640px\" \/><\/a> <a href=\"https:\/\/semmelweis.hu\/anatomia\/files\/2015\/07\/dsc08852.jpg\"><img loading=\"lazy\" decoding=\"async\" class=\"aligncenter wp-image-7621\" src=\"https:\/\/semmelweis.hu\/anatomia\/files\/2015\/07\/dsc08852.jpg\" alt=\"dsc08852\" width=\"640\" height=\"480\" srcset=\"https:\/\/semmelweis.hu\/anatomia\/files\/2015\/07\/dsc08852.jpg 720w, https:\/\/semmelweis.hu\/anatomia\/files\/2015\/07\/dsc08852-300x225.jpg 300w, https:\/\/semmelweis.hu\/anatomia\/files\/2015\/07\/dsc08852-400x300.jpg 400w\" sizes=\"auto, (max-width: 640px) 100vw, 640px\" \/><\/a> <a href=\"https:\/\/semmelweis.hu\/anatomia\/files\/2015\/07\/dsc08857-.jpg\"><img loading=\"lazy\" decoding=\"async\" class=\"aligncenter wp-image-7622 size-full\" src=\"https:\/\/semmelweis.hu\/anatomia\/files\/2015\/07\/dsc08857-.jpg\" alt=\"dsc08857-\" width=\"340\" height=\"383\" srcset=\"https:\/\/semmelweis.hu\/anatomia\/files\/2015\/07\/dsc08857-.jpg 340w, https:\/\/semmelweis.hu\/anatomia\/files\/2015\/07\/dsc08857--266x300.jpg 266w\" sizes=\"auto, (max-width: 340px) 100vw, 340px\" \/><\/a>(Fot\u00f3: Kiss J\u00f3zsef)<\/p>\n<p style=\"text-align: left\" align=\"center\">\u00a0<\/p>\n<p style=\"text-align: left\" align=\"center\">\u00a0<\/p>\n","protected":false},"excerpt":{"rendered":"<p>Tudom\u00e1nyos \u00fcl\u00e9s okt\u00f3ber 18-\u00e1n: az Idegtudom\u00e1nyi Doktori Iskola felvette Szent\u00e1gothai J\u00e1nos nev\u00e9t Az Semmelweis Egyetem Idegtudom\u00e1nyi Doktori Iskola programvezet\u0151i \u00e9s vezet\u0151je \u00fagy d\u00f6nt\u00f6ttek, hogy a Doktori Iskola felveszi Szent\u00e1gothai J\u00e1nos nev\u00e9t. <a href=\"https:\/\/semmelweis.hu\/anatomia\/files\/2015\/07\/szentagho.jpeg\"><\/a> Erre az \u00fcnnep\u00e9lyes alkalomra 2004. okt\u00f3ber 18-\u00e1n, 17:00 \u00f3rakor ker\u00fclt sor az Anat\u00f3miai, Sz\u00f6vet- \u00e9s Fejl\u0151d\u00e9stani Int\u00e9zet tanterm\u00e9ben rendezett tudom\u00e1nyos \u00fcl\u00e9s keretei k\u00f6z\u00f6tt. A &hellip;<\/p>\n","protected":false},"author":352,"featured_media":7622,"comment_status":"closed","ping_status":"closed","sticky":false,"template":"","format":"standard","meta":{"_acf_changed":false,"footnotes":""},"categories":[20,210],"tags":[],"class_list":["post-7617","post","type-post","status-publish","format-standard","has-post-thumbnail","hentry","category-intezeti-hirek","category-tudomany"],"acf":[],"_links":{"self":[{"href":"https:\/\/semmelweis.hu\/anatomia\/wp-json\/wp\/v2\/posts\/7617","targetHints":{"allow":["GET"]}}],"collection":[{"href":"https:\/\/semmelweis.hu\/anatomia\/wp-json\/wp\/v2\/posts"}],"about":[{"href":"https:\/\/semmelweis.hu\/anatomia\/wp-json\/wp\/v2\/types\/post"}],"author":[{"embeddable":true,"href":"https:\/\/semmelweis.hu\/anatomia\/wp-json\/wp\/v2\/users\/352"}],"replies":[{"embeddable":true,"href":"https:\/\/semmelweis.hu\/anatomia\/wp-json\/wp\/v2\/comments?post=7617"}],"version-history":[{"count":1,"href":"https:\/\/semmelweis.hu\/anatomia\/wp-json\/wp\/v2\/posts\/7617\/revisions"}],"predecessor-version":[{"id":7623,"href":"https:\/\/semmelweis.hu\/anatomia\/wp-json\/wp\/v2\/posts\/7617\/revisions\/7623"}],"wp:featuredmedia":[{"embeddable":true,"href":"https:\/\/semmelweis.hu\/anatomia\/wp-json\/wp\/v2\/media\/7622"}],"wp:attachment":[{"href":"https:\/\/semmelweis.hu\/anatomia\/wp-json\/wp\/v2\/media?parent=7617"}],"wp:term":[{"taxonomy":"category","embeddable":true,"href":"https:\/\/semmelweis.hu\/anatomia\/wp-json\/wp\/v2\/categories?post=7617"},{"taxonomy":"post_tag","embeddable":true,"href":"https:\/\/semmelweis.hu\/anatomia\/wp-json\/wp\/v2\/tags?post=7617"}],"curies":[{"name":"wp","href":"https:\/\/api.w.org\/{rel}","templated":true}]}}