{"id":7605,"date":"2007-10-30T09:12:18","date_gmt":"2007-10-30T08:12:18","guid":{"rendered":"http:\/\/semmelweis.hu\/anatomia\/?p=7605"},"modified":"2015-07-29T12:32:33","modified_gmt":"2015-07-29T10:32:33","slug":"95-eve-szuletett-szentagothai-janos","status":"publish","type":"post","link":"https:\/\/semmelweis.hu\/anatomia\/2007\/10\/30\/95-eve-szuletett-szentagothai-janos\/","title":{"rendered":"95 \u00e9ve sz\u00fcletett Szent\u00e1gothai J\u00e1nos"},"content":{"rendered":"<p style=\"text-align: center\">Egyetem\u00fcnk Szent\u00e1gothai J\u00e1nos Idegtudom\u00e1nyi Doktori Iskol\u00e1ja \u00e9s Int\u00e9zet\u00fcnk 2007. okt\u00f3ber 30-\u00e1n d\u00e9lut\u00e1n k\u00f6z\u00f6sen eml\u00e9kezett Szent\u00e1gothai J\u00e1nos sz\u00fclet\u00e9s\u00e9nek 95. \u00e9vfordul\u00f3j\u00e1ra. K\u00f6sz\u00f6nt\u0151t mondott <b>Dr. Tulassay Tivadar<\/b> rektor \u00e9s <b> Dr. Sz\u00e9l \u00c1goston<\/b>, a Doktori Tan\u00e1cs eln\u00f6ke. Az \u00fcnnepi megeml\u00e9kez\u00e9st <b>Dr. Nagy Zolt\u00e1n<\/b>, a Klinikai Idegtudom\u00e1nyok program vezet\u0151je tartotta. <br \/> Ezut\u00e1n megalakult a <i>Doktori Iskola \u00d6regdi\u00e1k (Alumnus) szervezete<\/i>, majd megkoszor\u00fazt\u00e1k Szent\u00e1gothai J\u00e1nos f\u0151l\u00e9pcs\u0151h\u00e1zban tal\u00e1lhat\u00f3 eml\u00e9kt\u00e1bl\u00e1j\u00e1t.<\/p>\n<p style=\"text-align: center\">N\u00e9h\u00e1ny kor\u00e1bbi megeml\u00e9kez\u00e9s:<\/p>\n<p style=\"text-align: center\"><a href=\"https:\/\/semmelweis.hu\/anatomia\/2004\/10\/18\/tudomanyos-ules\/\">Tudom\u00e1nyos \u00fcl\u00e9s (2004)<\/a> &#8211; <a href=\"http:\/\/ujsag.semmelweis.hu\/se200410\/20041004.html\">Eml\u00e9k\u00fcl\u00e9s (2004)<\/a> &#8211; <a href=\"https:\/\/semmelweis.hu\/anatomia\/2000\/11\/25\/az-emlektabla-leleplezese\/\">Az eml\u00e9kt\u00e1bla leleplez\u00e9se (2000)<\/a><\/p>\n<hr \/>\n<p>&nbsp;<\/p>\n<p style=\"text-align: center\"><a href=\"https:\/\/semmelweis.hu\/anatomia\/files\/2015\/07\/unnep51.jpg\"><img loading=\"lazy\" decoding=\"async\" class=\"aligncenter wp-image-7606 size-full\" src=\"https:\/\/semmelweis.hu\/anatomia\/files\/2015\/07\/unnep51.jpg\" alt=\"unnep51\" width=\"590\" height=\"686\" srcset=\"https:\/\/semmelweis.hu\/anatomia\/files\/2015\/07\/unnep51.jpg 590w, https:\/\/semmelweis.hu\/anatomia\/files\/2015\/07\/unnep51-258x300.jpg 258w\" sizes=\"auto, (max-width: 590px) 100vw, 590px\" \/><\/a> <a href=\"https:\/\/semmelweis.hu\/anatomia\/files\/2015\/07\/02unnep.jpg\"><img loading=\"lazy\" decoding=\"async\" class=\" size-full wp-image-7607 aligncenter\" src=\"https:\/\/semmelweis.hu\/anatomia\/files\/2015\/07\/02unnep.jpg\" alt=\"02unnep\" width=\"800\" height=\"536\" srcset=\"https:\/\/semmelweis.hu\/anatomia\/files\/2015\/07\/02unnep.jpg 800w, https:\/\/semmelweis.hu\/anatomia\/files\/2015\/07\/02unnep-300x201.jpg 300w, https:\/\/semmelweis.hu\/anatomia\/files\/2015\/07\/02unnep-448x300.jpg 448w\" sizes=\"auto, (max-width: 800px) 100vw, 800px\" \/><\/a> <a href=\"https:\/\/semmelweis.hu\/anatomia\/files\/2015\/07\/06unnep.jpg\"><img loading=\"lazy\" decoding=\"async\" class=\" size-full wp-image-7608 aligncenter\" src=\"https:\/\/semmelweis.hu\/anatomia\/files\/2015\/07\/06unnep.jpg\" alt=\"06unnep\" width=\"800\" height=\"522\" srcset=\"https:\/\/semmelweis.hu\/anatomia\/files\/2015\/07\/06unnep.jpg 800w, https:\/\/semmelweis.hu\/anatomia\/files\/2015\/07\/06unnep-300x196.jpg 300w, https:\/\/semmelweis.hu\/anatomia\/files\/2015\/07\/06unnep-460x300.jpg 460w\" sizes=\"auto, (max-width: 800px) 100vw, 800px\" \/><\/a> <a href=\"https:\/\/semmelweis.hu\/anatomia\/files\/2015\/07\/pa300061.jpg\"><img loading=\"lazy\" decoding=\"async\" class=\" size-full wp-image-7609 aligncenter\" src=\"https:\/\/semmelweis.hu\/anatomia\/files\/2015\/07\/pa300061.jpg\" alt=\"pa300061\" width=\"800\" height=\"600\" srcset=\"https:\/\/semmelweis.hu\/anatomia\/files\/2015\/07\/pa300061.jpg 800w, https:\/\/semmelweis.hu\/anatomia\/files\/2015\/07\/pa300061-300x225.jpg 300w, https:\/\/semmelweis.hu\/anatomia\/files\/2015\/07\/pa300061-400x300.jpg 400w\" sizes=\"auto, (max-width: 800px) 100vw, 800px\" \/><\/a> <a href=\"https:\/\/semmelweis.hu\/anatomia\/files\/2015\/07\/pa300067.jpg\"><img loading=\"lazy\" decoding=\"async\" class=\" size-full wp-image-7610 aligncenter\" src=\"https:\/\/semmelweis.hu\/anatomia\/files\/2015\/07\/pa300067.jpg\" alt=\"pa300067\" width=\"800\" height=\"600\" srcset=\"https:\/\/semmelweis.hu\/anatomia\/files\/2015\/07\/pa300067.jpg 800w, https:\/\/semmelweis.hu\/anatomia\/files\/2015\/07\/pa300067-300x225.jpg 300w, https:\/\/semmelweis.hu\/anatomia\/files\/2015\/07\/pa300067-400x300.jpg 400w\" sizes=\"auto, (max-width: 800px) 100vw, 800px\" \/><\/a> <a href=\"https:\/\/semmelweis.hu\/anatomia\/files\/2015\/07\/unnep2.jpg\"><img loading=\"lazy\" decoding=\"async\" class=\" size-full wp-image-7613 aligncenter\" src=\"https:\/\/semmelweis.hu\/anatomia\/files\/2015\/07\/unnep2.jpg\" alt=\"unnep2\" width=\"588\" height=\"822\" srcset=\"https:\/\/semmelweis.hu\/anatomia\/files\/2015\/07\/unnep2.jpg 588w, https:\/\/semmelweis.hu\/anatomia\/files\/2015\/07\/unnep2-215x300.jpg 215w\" sizes=\"auto, (max-width: 588px) 100vw, 588px\" \/><\/a> <a href=\"https:\/\/semmelweis.hu\/anatomia\/files\/2015\/07\/unnep3.jpg\"><img loading=\"lazy\" decoding=\"async\" class=\" size-full wp-image-7614 aligncenter\" src=\"https:\/\/semmelweis.hu\/anatomia\/files\/2015\/07\/unnep3.jpg\" alt=\"unnep3\" width=\"570\" height=\"425\" srcset=\"https:\/\/semmelweis.hu\/anatomia\/files\/2015\/07\/unnep3.jpg 570w, https:\/\/semmelweis.hu\/anatomia\/files\/2015\/07\/unnep3-300x224.jpg 300w, https:\/\/semmelweis.hu\/anatomia\/files\/2015\/07\/unnep3-402x300.jpg 402w\" sizes=\"auto, (max-width: 570px) 100vw, 570px\" \/><\/a> <a href=\"https:\/\/semmelweis.hu\/anatomia\/files\/2015\/07\/unnep4.jpg\"><img loading=\"lazy\" decoding=\"async\" class=\" size-full wp-image-7615 aligncenter\" src=\"https:\/\/semmelweis.hu\/anatomia\/files\/2015\/07\/unnep4.jpg\" alt=\"unnep4\" width=\"590\" height=\"812\" srcset=\"https:\/\/semmelweis.hu\/anatomia\/files\/2015\/07\/unnep4.jpg 590w, https:\/\/semmelweis.hu\/anatomia\/files\/2015\/07\/unnep4-218x300.jpg 218w\" sizes=\"auto, (max-width: 590px) 100vw, 590px\" \/><\/a><a href=\"https:\/\/semmelweis.hu\/anatomia\/files\/2015\/07\/unnep1.jpg\"><img loading=\"lazy\" decoding=\"async\" class=\" size-full wp-image-7612 aligncenter\" src=\"https:\/\/semmelweis.hu\/anatomia\/files\/2015\/07\/unnep1.jpg\" alt=\"unnep1\" width=\"800\" height=\"544\" srcset=\"https:\/\/semmelweis.hu\/anatomia\/files\/2015\/07\/unnep1.jpg 800w, https:\/\/semmelweis.hu\/anatomia\/files\/2015\/07\/unnep1-300x204.jpg 300w, https:\/\/semmelweis.hu\/anatomia\/files\/2015\/07\/unnep1-441x300.jpg 441w, https:\/\/semmelweis.hu\/anatomia\/files\/2015\/07\/unnep1-175x120.jpg 175w\" sizes=\"auto, (max-width: 800px) 100vw, 800px\" \/><\/a>(Fot\u00f3: Kiss J\u00f3zsef)<\/p>\n<p>&nbsp;<\/p>\n<p>&nbsp;<\/p>\n","protected":false},"excerpt":{"rendered":"<p>Egyetem\u00fcnk Szent\u00e1gothai J\u00e1nos Idegtudom\u00e1nyi Doktori Iskol\u00e1ja \u00e9s Int\u00e9zet\u00fcnk 2007. okt\u00f3ber 30-\u00e1n d\u00e9lut\u00e1n k\u00f6z\u00f6sen eml\u00e9kezett Szent\u00e1gothai J\u00e1nos sz\u00fclet\u00e9s\u00e9nek 95. \u00e9vfordul\u00f3j\u00e1ra. K\u00f6sz\u00f6nt\u0151t mondott Dr. Tulassay Tivadar rektor \u00e9s Dr. Sz\u00e9l \u00c1goston, a Doktori Tan\u00e1cs eln\u00f6ke. Az \u00fcnnepi megeml\u00e9kez\u00e9st Dr. Nagy Zolt\u00e1n, a Klinikai Idegtudom\u00e1nyok program vezet\u0151je tartotta. Ezut\u00e1n megalakult a Doktori Iskola \u00d6regdi\u00e1k (Alumnus) szervezete, majd megkoszor\u00fazt\u00e1k &hellip;<\/p>\n","protected":false},"author":352,"featured_media":7615,"comment_status":"closed","ping_status":"closed","sticky":false,"template":"","format":"standard","meta":{"_acf_changed":false,"footnotes":""},"categories":[20,210],"tags":[],"class_list":["post-7605","post","type-post","status-publish","format-standard","has-post-thumbnail","hentry","category-intezeti-hirek","category-tudomany"],"acf":[],"_links":{"self":[{"href":"https:\/\/semmelweis.hu\/anatomia\/wp-json\/wp\/v2\/posts\/7605","targetHints":{"allow":["GET"]}}],"collection":[{"href":"https:\/\/semmelweis.hu\/anatomia\/wp-json\/wp\/v2\/posts"}],"about":[{"href":"https:\/\/semmelweis.hu\/anatomia\/wp-json\/wp\/v2\/types\/post"}],"author":[{"embeddable":true,"href":"https:\/\/semmelweis.hu\/anatomia\/wp-json\/wp\/v2\/users\/352"}],"replies":[{"embeddable":true,"href":"https:\/\/semmelweis.hu\/anatomia\/wp-json\/wp\/v2\/comments?post=7605"}],"version-history":[{"count":4,"href":"https:\/\/semmelweis.hu\/anatomia\/wp-json\/wp\/v2\/posts\/7605\/revisions"}],"predecessor-version":[{"id":7634,"href":"https:\/\/semmelweis.hu\/anatomia\/wp-json\/wp\/v2\/posts\/7605\/revisions\/7634"}],"wp:featuredmedia":[{"embeddable":true,"href":"https:\/\/semmelweis.hu\/anatomia\/wp-json\/wp\/v2\/media\/7615"}],"wp:attachment":[{"href":"https:\/\/semmelweis.hu\/anatomia\/wp-json\/wp\/v2\/media?parent=7605"}],"wp:term":[{"taxonomy":"category","embeddable":true,"href":"https:\/\/semmelweis.hu\/anatomia\/wp-json\/wp\/v2\/categories?post=7605"},{"taxonomy":"post_tag","embeddable":true,"href":"https:\/\/semmelweis.hu\/anatomia\/wp-json\/wp\/v2\/tags?post=7605"}],"curies":[{"name":"wp","href":"https:\/\/api.w.org\/{rel}","templated":true}]}}