{"id":7587,"date":"2012-02-04T08:50:18","date_gmt":"2012-02-04T07:50:18","guid":{"rendered":"http:\/\/semmelweis.hu\/anatomia\/?p=7587"},"modified":"2015-07-29T12:40:08","modified_gmt":"2015-07-29T10:40:08","slug":"100-eve-szuletett-szentagothai-janos-megemlekezesek","status":"publish","type":"post","link":"https:\/\/semmelweis.hu\/anatomia\/2012\/02\/04\/100-eve-szuletett-szentagothai-janos-megemlekezesek\/","title":{"rendered":"100 \u00e9ve sz\u00fcletett Szent\u00e1gothai J\u00e1nos: megeml\u00e9kez\u00e9sek"},"content":{"rendered":"<p style=\"text-align: center\">Egyetem\u00fcnk \u00e9s Int\u00e9zet\u00fcnk 2012. janu\u00e1r 27-\u00e9n d\u00e9lel\u0151tt k\u00f6z\u00f6sen eml\u00e9kezett Szent\u00e1gothai J\u00e1nos sz\u00fclet\u00e9s\u00e9nek 100. \u00e9vfordul\u00f3j\u00e1ra. <br \/> Els\u0151k\u00e9nt <b>R\u00e9thelyi Mikl\u00f3s<\/b> nemzeti er\u0151forr\u00e1s miniszter, a Szent\u00e1gothai J\u00e1nos Idegtudom\u00e1nyi Doktori Iskola kor\u00e1bbi vezet\u0151je, int\u00e9zet\u00fcnk el\u0151z\u0151 igazgat\u00f3ja mondott besz\u00e9det, majd megkoszor\u00fazta Szent\u00e1gothai J\u00e1nos f\u0151l\u00e9pcs\u0151h\u00e1zban tal\u00e1lhat\u00f3 eml\u00e9kt\u00e1bl\u00e1j\u00e1t. <b>H\u00e1mori J\u00f3zsef <\/b>akad\u00e9mikus Kiss Ferencz professzor eml\u00e9kt\u00e1bl\u00e1j\u00e1t, <b> Csillag Andr\u00e1s<\/b> professzor, int\u00e9zet\u00fcnk igazgat\u00f3ja pedig Lenhoss\u00e9k Mih\u00e1ly professzor (75 \u00e9ve halt meg) eml\u00e9kt\u00e1bl\u00e1j\u00e1t koszor\u00fazta meg.<\/p>\n<p style=\"text-align: center\">A tanteremben ezut\u00e1n el\u0151ad\u00e1sok, megeml\u00e9kez\u00e9sek hangzottak el: <b>Hal\u00e1sz B\u00e9la<\/b> professzor, akad\u00e9mikus, <b>H\u00e1mori J\u00f3zsef<\/b> professor emeritus, akad\u00e9mikus, <b>Tak\u00e1cs J\u00f3zsef<\/b> tud. f\u0151munkat\u00e1rs, <b>Sz\u00f6gi L\u00e1szl\u00f3<\/b>, az ELTE Egyetemi K\u00f6nyvt\u00e1r f\u0151igazgat\u00f3ja \u00e9s <b>Nagy Ferenc<\/b>, a Magyar Tud\u00f3slexikon f\u0151szerkeszt\u0151je szavait hallhattuk. Az \u00fcnneps\u00e9get Csillag professzor z\u00e1rszava \u00e9s a Himnusz el\u00e9nekl\u00e9se fejezte be.<\/p>\n<hr \/>\n<p style=\"text-align: left\">\u00a0<\/p>\n<p style=\"text-align: center\"><span style=\"font-size: small\"> <a href=\"https:\/\/semmelweis.hu\/hirek\/2012\/01\/30\/szentagothai-janosra-es-tanszeki-elodeire-emlekeztek-az-anatomiai-intezetben\/\" target=\"_top\"> Cikk az \u00fcnneps\u00e9gr\u0151l a Semmelweis Sz\u00ednes oldal\u00e1n<\/a><\/span><\/p>\n<p style=\"text-align: center\"><span style=\"font-size: small\">N\u00e9h\u00e1ny kor\u00e1bbi megeml\u00e9kez\u00e9s:<\/span><\/p>\n<p style=\"text-align: center\"><a href=\"https:\/\/semmelweis.hu\/anatomia\/2007\/10\/30\/95-eve-szuletett-szentagothai-janos\/\">Megeml\u00e9kez\u00e9s (2007)<\/a> &#8211; <a href=\"https:\/\/semmelweis.hu\/anatomia\/2004\/10\/18\/tudomanyos-ules\/\">Tudom\u00e1nyos \u00fcl\u00e9s (2004)<\/a> &#8211; <a href=\"http:\/\/ujsag.semmelweis.hu\/se200410\/20041004.html\">Eml\u00e9k\u00fcl\u00e9s (2004)<\/a> &#8211; <a href=\"https:\/\/semmelweis.hu\/anatomia\/2000\/11\/25\/az-emlektabla-leleplezese\/\">Az eml\u00e9kt\u00e1bla leleplez\u00e9se (2000)<\/a><\/p>\n<p style=\"text-align: center\"><strong>F\u00e9nyk\u00e9pek:<\/strong><\/p>\n<p style=\"text-align: center\"><a href=\"https:\/\/semmelweis.hu\/anatomia\/files\/2015\/07\/dscn5280.jpg\"><img loading=\"lazy\" decoding=\"async\" class=\"aligncenter wp-image-7588 size-full\" src=\"https:\/\/semmelweis.hu\/anatomia\/files\/2015\/07\/dscn5280.jpg\" alt=\"dscn5280\" width=\"600\" height=\"443\" srcset=\"https:\/\/semmelweis.hu\/anatomia\/files\/2015\/07\/dscn5280.jpg 600w, https:\/\/semmelweis.hu\/anatomia\/files\/2015\/07\/dscn5280-300x222.jpg 300w, https:\/\/semmelweis.hu\/anatomia\/files\/2015\/07\/dscn5280-406x300.jpg 406w\" sizes=\"auto, (max-width: 600px) 100vw, 600px\" \/><\/a> <a href=\"https:\/\/semmelweis.hu\/anatomia\/files\/2015\/07\/img_3490.jpg\"><img loading=\"lazy\" decoding=\"async\" class=\"aligncenter wp-image-7594 size-full\" src=\"https:\/\/semmelweis.hu\/anatomia\/files\/2015\/07\/img_3490.jpg\" alt=\"img_3490\" width=\"600\" height=\"564\" srcset=\"https:\/\/semmelweis.hu\/anatomia\/files\/2015\/07\/img_3490.jpg 600w, https:\/\/semmelweis.hu\/anatomia\/files\/2015\/07\/img_3490-300x282.jpg 300w, https:\/\/semmelweis.hu\/anatomia\/files\/2015\/07\/img_3490-319x300.jpg 319w\" sizes=\"auto, (max-width: 600px) 100vw, 600px\" \/><\/a> <a href=\"https:\/\/semmelweis.hu\/anatomia\/files\/2015\/07\/img_3492.jpg\"><img loading=\"lazy\" decoding=\"async\" class=\"aligncenter wp-image-7595 size-full\" src=\"https:\/\/semmelweis.hu\/anatomia\/files\/2015\/07\/img_3492.jpg\" alt=\"img_3492\" width=\"600\" height=\"742\" srcset=\"https:\/\/semmelweis.hu\/anatomia\/files\/2015\/07\/img_3492.jpg 600w, https:\/\/semmelweis.hu\/anatomia\/files\/2015\/07\/img_3492-243x300.jpg 243w\" sizes=\"auto, (max-width: 600px) 100vw, 600px\" \/><\/a> <a href=\"https:\/\/semmelweis.hu\/anatomia\/files\/2015\/07\/img_3502.jpg\"><img loading=\"lazy\" decoding=\"async\" class=\"aligncenter wp-image-7596 size-full\" src=\"https:\/\/semmelweis.hu\/anatomia\/files\/2015\/07\/img_3502.jpg\" alt=\"img_3502\" width=\"600\" height=\"615\" srcset=\"https:\/\/semmelweis.hu\/anatomia\/files\/2015\/07\/img_3502.jpg 600w, https:\/\/semmelweis.hu\/anatomia\/files\/2015\/07\/img_3502-293x300.jpg 293w\" sizes=\"auto, (max-width: 600px) 100vw, 600px\" \/><\/a> <a href=\"https:\/\/semmelweis.hu\/anatomia\/files\/2015\/07\/img_3525.jpg\"><img loading=\"lazy\" decoding=\"async\" class=\" size-full wp-image-7599 aligncenter\" src=\"https:\/\/semmelweis.hu\/anatomia\/files\/2015\/07\/img_3525.jpg\" alt=\"img_3525\" width=\"600\" height=\"455\" srcset=\"https:\/\/semmelweis.hu\/anatomia\/files\/2015\/07\/img_3525.jpg 600w, https:\/\/semmelweis.hu\/anatomia\/files\/2015\/07\/img_3525-300x228.jpg 300w, https:\/\/semmelweis.hu\/anatomia\/files\/2015\/07\/img_3525-396x300.jpg 396w\" sizes=\"auto, (max-width: 600px) 100vw, 600px\" \/><\/a> <a href=\"https:\/\/semmelweis.hu\/anatomia\/files\/2015\/07\/img_3509.jpg\"><img loading=\"lazy\" decoding=\"async\" class=\" size-full wp-image-7597 aligncenter\" src=\"https:\/\/semmelweis.hu\/anatomia\/files\/2015\/07\/img_3509.jpg\" alt=\"img_3509\" width=\"600\" height=\"481\" srcset=\"https:\/\/semmelweis.hu\/anatomia\/files\/2015\/07\/img_3509.jpg 600w, https:\/\/semmelweis.hu\/anatomia\/files\/2015\/07\/img_3509-300x241.jpg 300w, https:\/\/semmelweis.hu\/anatomia\/files\/2015\/07\/img_3509-374x300.jpg 374w\" sizes=\"auto, (max-width: 600px) 100vw, 600px\" \/><\/a> <a href=\"https:\/\/semmelweis.hu\/anatomia\/files\/2015\/07\/img_3513.jpg\"><img loading=\"lazy\" decoding=\"async\" class=\" size-full wp-image-7598 aligncenter\" src=\"https:\/\/semmelweis.hu\/anatomia\/files\/2015\/07\/img_3513.jpg\" alt=\"img_3513\" width=\"600\" height=\"450\" srcset=\"https:\/\/semmelweis.hu\/anatomia\/files\/2015\/07\/img_3513.jpg 600w, https:\/\/semmelweis.hu\/anatomia\/files\/2015\/07\/img_3513-300x225.jpg 300w, https:\/\/semmelweis.hu\/anatomia\/files\/2015\/07\/img_3513-400x300.jpg 400w\" sizes=\"auto, (max-width: 600px) 100vw, 600px\" \/><\/a> <a href=\"https:\/\/semmelweis.hu\/anatomia\/files\/2015\/07\/dscn5293.jpg\"><img loading=\"lazy\" decoding=\"async\" class=\" size-full wp-image-7589 aligncenter\" src=\"https:\/\/semmelweis.hu\/anatomia\/files\/2015\/07\/dscn5293.jpg\" alt=\"dscn5293\" width=\"600\" height=\"487\" srcset=\"https:\/\/semmelweis.hu\/anatomia\/files\/2015\/07\/dscn5293.jpg 600w, https:\/\/semmelweis.hu\/anatomia\/files\/2015\/07\/dscn5293-300x244.jpg 300w, https:\/\/semmelweis.hu\/anatomia\/files\/2015\/07\/dscn5293-370x300.jpg 370w\" sizes=\"auto, (max-width: 600px) 100vw, 600px\" \/><\/a> <a href=\"https:\/\/semmelweis.hu\/anatomia\/files\/2015\/07\/dscn5371.jpg\"><img loading=\"lazy\" decoding=\"async\" class=\"aligncenter wp-image-7590 size-full\" src=\"https:\/\/semmelweis.hu\/anatomia\/files\/2015\/07\/dscn5371.jpg\" alt=\"dscn5371\" width=\"600\" height=\"551\" srcset=\"https:\/\/semmelweis.hu\/anatomia\/files\/2015\/07\/dscn5371.jpg 600w, https:\/\/semmelweis.hu\/anatomia\/files\/2015\/07\/dscn5371-300x276.jpg 300w, https:\/\/semmelweis.hu\/anatomia\/files\/2015\/07\/dscn5371-327x300.jpg 327w\" sizes=\"auto, (max-width: 600px) 100vw, 600px\" \/><\/a> <a href=\"https:\/\/semmelweis.hu\/anatomia\/files\/2015\/07\/dscn5383.jpg\"><img loading=\"lazy\" decoding=\"async\" class=\" size-full wp-image-7592 aligncenter\" src=\"https:\/\/semmelweis.hu\/anatomia\/files\/2015\/07\/dscn5383.jpg\" alt=\"dscn5383\" width=\"600\" height=\"432\" srcset=\"https:\/\/semmelweis.hu\/anatomia\/files\/2015\/07\/dscn5383.jpg 600w, https:\/\/semmelweis.hu\/anatomia\/files\/2015\/07\/dscn5383-300x216.jpg 300w, https:\/\/semmelweis.hu\/anatomia\/files\/2015\/07\/dscn5383-417x300.jpg 417w\" sizes=\"auto, (max-width: 600px) 100vw, 600px\" \/><\/a> <a href=\"https:\/\/semmelweis.hu\/anatomia\/files\/2015\/07\/dscn5388-.jpg\"><img loading=\"lazy\" decoding=\"async\" class=\" size-full wp-image-7593 aligncenter\" src=\"https:\/\/semmelweis.hu\/anatomia\/files\/2015\/07\/dscn5388-.jpg\" alt=\"dscn5388-\" width=\"600\" height=\"525\" srcset=\"https:\/\/semmelweis.hu\/anatomia\/files\/2015\/07\/dscn5388-.jpg 600w, https:\/\/semmelweis.hu\/anatomia\/files\/2015\/07\/dscn5388--300x263.jpg 300w, https:\/\/semmelweis.hu\/anatomia\/files\/2015\/07\/dscn5388--343x300.jpg 343w\" sizes=\"auto, (max-width: 600px) 100vw, 600px\" \/><\/a> <a href=\"https:\/\/semmelweis.hu\/anatomia\/files\/2015\/07\/img_3548.jpg\"><img loading=\"lazy\" decoding=\"async\" class=\" size-full wp-image-7600 aligncenter\" src=\"https:\/\/semmelweis.hu\/anatomia\/files\/2015\/07\/img_3548.jpg\" alt=\"img_3548\" width=\"600\" height=\"397\" srcset=\"https:\/\/semmelweis.hu\/anatomia\/files\/2015\/07\/img_3548.jpg 600w, https:\/\/semmelweis.hu\/anatomia\/files\/2015\/07\/img_3548-300x199.jpg 300w, https:\/\/semmelweis.hu\/anatomia\/files\/2015\/07\/img_3548-453x300.jpg 453w\" sizes=\"auto, (max-width: 600px) 100vw, 600px\" \/><\/a> <a href=\"https:\/\/semmelweis.hu\/anatomia\/files\/2015\/07\/img_3559.jpg\"><img loading=\"lazy\" decoding=\"async\" class=\" size-full wp-image-7602 aligncenter\" src=\"https:\/\/semmelweis.hu\/anatomia\/files\/2015\/07\/img_3559.jpg\" alt=\"img_3559\" width=\"600\" height=\"517\" srcset=\"https:\/\/semmelweis.hu\/anatomia\/files\/2015\/07\/img_3559.jpg 600w, https:\/\/semmelweis.hu\/anatomia\/files\/2015\/07\/img_3559-300x259.jpg 300w, https:\/\/semmelweis.hu\/anatomia\/files\/2015\/07\/img_3559-348x300.jpg 348w\" sizes=\"auto, (max-width: 600px) 100vw, 600px\" \/><\/a> <a href=\"https:\/\/semmelweis.hu\/anatomia\/files\/2015\/07\/dscn5375.jpg\"><img loading=\"lazy\" decoding=\"async\" class=\" size-full wp-image-7591 aligncenter\" src=\"https:\/\/semmelweis.hu\/anatomia\/files\/2015\/07\/dscn5375.jpg\" alt=\"dscn5375\" width=\"600\" height=\"450\" srcset=\"https:\/\/semmelweis.hu\/anatomia\/files\/2015\/07\/dscn5375.jpg 600w, https:\/\/semmelweis.hu\/anatomia\/files\/2015\/07\/dscn5375-300x225.jpg 300w, https:\/\/semmelweis.hu\/anatomia\/files\/2015\/07\/dscn5375-400x300.jpg 400w\" sizes=\"auto, (max-width: 600px) 100vw, 600px\" \/><\/a> <a href=\"https:\/\/semmelweis.hu\/anatomia\/files\/2015\/07\/img_3549.jpg\"><img loading=\"lazy\" decoding=\"async\" class=\" size-full wp-image-7601 aligncenter\" src=\"https:\/\/semmelweis.hu\/anatomia\/files\/2015\/07\/img_3549.jpg\" alt=\"img_3549\" width=\"600\" height=\"730\" srcset=\"https:\/\/semmelweis.hu\/anatomia\/files\/2015\/07\/img_3549.jpg 600w, https:\/\/semmelweis.hu\/anatomia\/files\/2015\/07\/img_3549-247x300.jpg 247w\" sizes=\"auto, (max-width: 600px) 100vw, 600px\" \/><\/a> <a href=\"https:\/\/semmelweis.hu\/anatomia\/files\/2015\/07\/img_3581.jpg\"><img loading=\"lazy\" decoding=\"async\" class=\" size-full wp-image-7603 aligncenter\" src=\"https:\/\/semmelweis.hu\/anatomia\/files\/2015\/07\/img_3581.jpg\" alt=\"img_3581\" width=\"600\" height=\"400\" srcset=\"https:\/\/semmelweis.hu\/anatomia\/files\/2015\/07\/img_3581.jpg 600w, https:\/\/semmelweis.hu\/anatomia\/files\/2015\/07\/img_3581-300x200.jpg 300w, https:\/\/semmelweis.hu\/anatomia\/files\/2015\/07\/img_3581-450x300.jpg 450w\" sizes=\"auto, (max-width: 600px) 100vw, 600px\" \/><\/a>(Fot\u00f3: Horv\u00e1thn\u00e9 Oszwald Erzs\u00e9bet, Kiss J\u00f3zsef)<\/p>\n<p>&nbsp;<\/p>\n<hr \/>\n","protected":false},"excerpt":{"rendered":"<p>Egyetem\u00fcnk \u00e9s Int\u00e9zet\u00fcnk 2012. janu\u00e1r 27-\u00e9n d\u00e9lel\u0151tt k\u00f6z\u00f6sen eml\u00e9kezett Szent\u00e1gothai J\u00e1nos sz\u00fclet\u00e9s\u00e9nek 100. \u00e9vfordul\u00f3j\u00e1ra. Els\u0151k\u00e9nt R\u00e9thelyi Mikl\u00f3s nemzeti er\u0151forr\u00e1s miniszter, a Szent\u00e1gothai J\u00e1nos Idegtudom\u00e1nyi Doktori Iskola kor\u00e1bbi vezet\u0151je, int\u00e9zet\u00fcnk el\u0151z\u0151 igazgat\u00f3ja mondott besz\u00e9det, majd megkoszor\u00fazta Szent\u00e1gothai J\u00e1nos f\u0151l\u00e9pcs\u0151h\u00e1zban tal\u00e1lhat\u00f3 eml\u00e9kt\u00e1bl\u00e1j\u00e1t. H\u00e1mori J\u00f3zsef akad\u00e9mikus Kiss Ferencz professzor eml\u00e9kt\u00e1bl\u00e1j\u00e1t, Csillag Andr\u00e1s professzor, int\u00e9zet\u00fcnk igazgat\u00f3ja pedig Lenhoss\u00e9k Mih\u00e1ly &hellip;<\/p>\n","protected":false},"author":352,"featured_media":7595,"comment_status":"closed","ping_status":"closed","sticky":false,"template":"","format":"standard","meta":{"_acf_changed":false,"footnotes":""},"categories":[20],"tags":[],"class_list":["post-7587","post","type-post","status-publish","format-standard","has-post-thumbnail","hentry","category-intezeti-hirek"],"acf":[],"_links":{"self":[{"href":"https:\/\/semmelweis.hu\/anatomia\/wp-json\/wp\/v2\/posts\/7587","targetHints":{"allow":["GET"]}}],"collection":[{"href":"https:\/\/semmelweis.hu\/anatomia\/wp-json\/wp\/v2\/posts"}],"about":[{"href":"https:\/\/semmelweis.hu\/anatomia\/wp-json\/wp\/v2\/types\/post"}],"author":[{"embeddable":true,"href":"https:\/\/semmelweis.hu\/anatomia\/wp-json\/wp\/v2\/users\/352"}],"replies":[{"embeddable":true,"href":"https:\/\/semmelweis.hu\/anatomia\/wp-json\/wp\/v2\/comments?post=7587"}],"version-history":[{"count":3,"href":"https:\/\/semmelweis.hu\/anatomia\/wp-json\/wp\/v2\/posts\/7587\/revisions"}],"predecessor-version":[{"id":7633,"href":"https:\/\/semmelweis.hu\/anatomia\/wp-json\/wp\/v2\/posts\/7587\/revisions\/7633"}],"wp:featuredmedia":[{"embeddable":true,"href":"https:\/\/semmelweis.hu\/anatomia\/wp-json\/wp\/v2\/media\/7595"}],"wp:attachment":[{"href":"https:\/\/semmelweis.hu\/anatomia\/wp-json\/wp\/v2\/media?parent=7587"}],"wp:term":[{"taxonomy":"category","embeddable":true,"href":"https:\/\/semmelweis.hu\/anatomia\/wp-json\/wp\/v2\/categories?post=7587"},{"taxonomy":"post_tag","embeddable":true,"href":"https:\/\/semmelweis.hu\/anatomia\/wp-json\/wp\/v2\/tags?post=7587"}],"curies":[{"name":"wp","href":"https:\/\/api.w.org\/{rel}","templated":true}]}}